{"id":24222,"date":"2020-04-21T01:59:37","date_gmt":"2020-04-21T01:59:37","guid":{"rendered":"https:\/\/jorgezanoni.com.br\/2019\/?p=24222"},"modified":"2020-04-21T01:59:37","modified_gmt":"2020-04-21T01:59:37","slug":"cargos-comissionados-da-prefeitura-de-presidente-prudente-terao-reducao-salarial-de-10","status":"publish","type":"post","link":"https:\/\/jorgezanoni.com.br\/2019\/cargos-comissionados-da-prefeitura-de-presidente-prudente-terao-reducao-salarial-de-10\/","title":{"rendered":"Cargos comissionados da Prefeitura de Presidente Prudente ter\u00e3o redu\u00e7\u00e3o salarial de 10%"},"content":{"rendered":"<h2 class=\"content-head__subtitle\" style=\"text-align: justify;\"><strong>Conforme o Poder Executivo, a previs\u00e3o \u00e9 de que a medida tempor\u00e1ria gere economia de aproximadamente R$ 130 mil por m\u00eas.<\/strong><\/h2>\n<div class=\"mc-column content-text active-extra-styles \" data-block-type=\"unstyled\" data-block-weight=\"47\" data-block-id=\"2\">\n<p class=\"content-text__container \" style=\"text-align: justify;\" data-track-category=\"Link no Texto\" data-track-links=\"\">Os servidores comissionados da Prefeitura de\u00a0<a href=\"https:\/\/g1.globo.com\/sp\/presidente-prudente-regiao\/cidade\/presidente-prudente\/\">Presidente Prudente<\/a>\u00a0v\u00e3o ter redu\u00e7\u00e3o salarial de 10% a partir do m\u00eas de maio. Conforme o Poder Executivo, a determina\u00e7\u00e3o consta no Decreto de N\u00b0 30.825, de autoria do prefeito Nelson Roberto Bugalho (PSDB), que deve ser publicado nesta ter\u00e7a-feira (21).<\/p>\n<\/div>\n<div class=\"wall protected-content\">\n<div class=\"mc-column content-text active-extra-styles \" style=\"text-align: justify;\" data-block-type=\"unstyled\" data-block-weight=\"17\" data-block-id=\"3\">\n<p class=\"content-text__container \" data-track-category=\"Link no Texto\" data-track-links=\"\">A previs\u00e3o \u00e9 de que a medida gere uma economia de aproximadamente R$ 130 mil por m\u00eas.<\/p>\n<\/div>\n<div class=\"mc-column content-text active-extra-styles \" style=\"text-align: justify;\" data-block-type=\"unstyled\" data-block-weight=\"52\" data-block-id=\"4\">\n<p class=\"content-text__container \" data-track-category=\"Link no Texto\" data-track-links=\"\">Ainda segundo a Prefeitura, a redu\u00e7\u00e3o \u00e9 tempor\u00e1ria e impacta os subs\u00eddios dos agentes pol\u00edticos da administra\u00e7\u00e3o direta, como prefeito, vice-prefeito, secret\u00e1rios municipais, servidores comissionados, servidores efetivos que recebem gratifica\u00e7\u00e3o de assessoramento, como da administra\u00e7\u00e3o indireta, tais como os diretores de autarquias, funda\u00e7\u00f5es e alguns funcion\u00e1rios da Companhia Prudentina de Desenvolvimento (Prudenco).<\/p>\n<\/div>\n<div class=\"mc-column content-text active-extra-styles \" style=\"text-align: justify;\" data-block-type=\"unstyled\" data-block-weight=\"55\" data-block-id=\"5\">\n<p class=\"content-text__container \" data-track-category=\"Link no Texto\" data-track-links=\"\">No entanto, apesar do an\u00fancio na redu\u00e7\u00e3o do sal\u00e1rio do prefeito, a Prefeitura informou ao\u00a0<strong>G1<\/strong>\u00a0que Bugalho &#8220;j\u00e1 n\u00e3o recebe um centavo da Prefeitura, afinal ele \u00e9 promotor de Justi\u00e7a licenciado e recebe seus proventos pelo Minist\u00e9rio P\u00fablico. Portanto h\u00e1 3 anos 4 meses ele deixa o seu sal\u00e1rio integral nos cofres do munic\u00edpio&#8221;.<\/p>\n<\/div>\n<div class=\"mc-column content-text active-extra-styles \" style=\"text-align: justify;\" data-block-type=\"unstyled\" data-block-weight=\"22\" data-block-id=\"6\">\n<p class=\"content-text__container \" data-track-category=\"Link no Texto\" data-track-links=\"\">Segundo informa\u00e7\u00f5es do\u00a0<a href=\"http:\/\/www.presidenteprudente.sp.gov.br\/transparencia\/remunera.xhtml\" target=\"_blank\" rel=\"noopener noreferrer\">Portal da Transpar\u00eancia<\/a>, um secret\u00e1rio recebe por m\u00eas R$ 14.141. J\u00e1 a gratifica\u00e7\u00e3o por assessoramento \u00e9 de R$ 2.206.<\/p>\n<\/div>\n<div class=\"mc-column content-text active-extra-styles \" style=\"text-align: justify;\" data-block-type=\"unstyled\" data-block-weight=\"38\" data-block-id=\"7\">\n<p class=\"content-text__container \" data-track-category=\"Link no Texto\" data-track-links=\"\">De acordo o documento, a redu\u00e7\u00e3o ter\u00e1 in\u00edcio a partir do dia 1\u00ba de maio, \u201csendo em car\u00e1ter tempor\u00e1rio pelo prazo de tr\u00eas meses ou enquanto perdurar a calamidade p\u00fablica em raz\u00e3o da pandemia de coronav\u00edrus, a Covid-19\u201d.<\/p>\n<\/div>\n<div class=\"mc-column content-text active-extra-styles \" style=\"text-align: justify;\" data-block-type=\"unstyled\" data-block-weight=\"44\" data-block-id=\"9\">\n<p class=\"content-text__container \" data-track-category=\"Link no Texto\" data-track-links=\"\">Conforme o documento, todo recurso gerado com a medida ser\u00e1 destinado \u00e0s secretarias de Assist\u00eancia Social e Educa\u00e7\u00e3o para atender as fam\u00edlias que se encontram em situa\u00e7\u00e3o de vulnerabilidade social, por meio do fornecimento de cestas b\u00e1sicas ou outras a\u00e7\u00f5es destinadas a este p\u00fablico.<\/p>\n<\/div>\n<div class=\"mc-column content-text active-extra-styles \" style=\"text-align: justify;\" data-block-type=\"unstyled\" data-block-weight=\"73\" data-block-id=\"10\">\n<p class=\"content-text__container \" data-track-category=\"Link no Texto\" data-track-links=\"\">\u201cO decreto s\u00f3 atinge os que ocupam cargo em comiss\u00e3o e aqueles com gratifica\u00e7\u00e3o de assessoramento do Poder Executivo. Esperamos que a medida dure o menor tempo poss\u00edvel, at\u00e9 mesmo por torcermos e trabalharmos arduamente para que essa situa\u00e7\u00e3o seja combatida. \u00c9 um sacrif\u00edcio necess\u00e1rio, n\u00e3o \u00e9 uma medida que adotamos com prazer, mas \u00e9 tamb\u00e9m uma forma de mostrarmos a solidariedade de todos aqueles que ocupam um cargo na Prefeitura\u201d, afirmou Bugalho.<\/p>\n<\/div>\n<div class=\"mc-column content-text active-extra-styles \" data-block-type=\"unstyled\" data-block-weight=\"10\" data-block-id=\"11\">\n<p class=\"content-text__container \" style=\"text-align: justify;\" data-track-category=\"Link no Texto\" data-track-links=\"\">O decreto passa a valer a partir da sua publica\u00e7\u00e3o.<\/p>\n<p style=\"text-align: justify;\" data-track-category=\"Link no Texto\" data-track-links=\"\">Fonte: G1<\/p>\n<\/div>\n<\/div>\n","protected":false},"excerpt":{"rendered":"<p>Conforme o Poder Executivo, a previs\u00e3o \u00e9 de que a medida tempor\u00e1ria gere economia de aproximadamente R$ 130 mil por m\u00eas. Os servidores comissionados da Prefeitura de\u00a0Presidente Prudente\u00a0v\u00e3o ter redu\u00e7\u00e3o salarial de 10% a partir do m\u00eas de maio. Conforme o Poder Executivo, a determina\u00e7\u00e3o consta no Decreto de N\u00b0 30.825, de autoria do prefeito [&hellip;]<\/p>\n","protected":false},"author":1,"featured_media":24223,"comment_status":"closed","ping_status":"open","sticky":false,"template":"","format":"standard","meta":{"footnotes":""},"categories":[110,116],"tags":[],"class_list":["post-24222","post","type-post","status-publish","format-standard","has-post-thumbnail","hentry","category-noticiasdestaque","category-politicaeeconomia"],"_links":{"self":[{"href":"https:\/\/jorgezanoni.com.br\/2019\/wp-json\/wp\/v2\/posts\/24222","targetHints":{"allow":["GET"]}}],"collection":[{"href":"https:\/\/jorgezanoni.com.br\/2019\/wp-json\/wp\/v2\/posts"}],"about":[{"href":"https:\/\/jorgezanoni.com.br\/2019\/wp-json\/wp\/v2\/types\/post"}],"author":[{"embeddable":true,"href":"https:\/\/jorgezanoni.com.br\/2019\/wp-json\/wp\/v2\/users\/1"}],"replies":[{"embeddable":true,"href":"https:\/\/jorgezanoni.com.br\/2019\/wp-json\/wp\/v2\/comments?post=24222"}],"version-history":[{"count":0,"href":"https:\/\/jorgezanoni.com.br\/2019\/wp-json\/wp\/v2\/posts\/24222\/revisions"}],"wp:featuredmedia":[{"embeddable":true,"href":"https:\/\/jorgezanoni.com.br\/2019\/wp-json\/wp\/v2\/media\/24223"}],"wp:attachment":[{"href":"https:\/\/jorgezanoni.com.br\/2019\/wp-json\/wp\/v2\/media?parent=24222"}],"wp:term":[{"taxonomy":"category","embeddable":true,"href":"https:\/\/jorgezanoni.com.br\/2019\/wp-json\/wp\/v2\/categories?post=24222"},{"taxonomy":"post_tag","embeddable":true,"href":"https:\/\/jorgezanoni.com.br\/2019\/wp-json\/wp\/v2\/tags?post=24222"}],"curies":[{"name":"wp","href":"https:\/\/api.w.org\/{rel}","templated":true}]}}