{"id":24216,"date":"2020-04-21T01:01:09","date_gmt":"2020-04-21T01:01:09","guid":{"rendered":"https:\/\/jorgezanoni.com.br\/2019\/?p=24216"},"modified":"2020-04-21T01:02:01","modified_gmt":"2020-04-21T01:02:01","slug":"vereador-juninho-do-esporte-se-manifesta-sobre-a-pandemia","status":"publish","type":"post","link":"https:\/\/jorgezanoni.com.br\/2019\/vereador-juninho-do-esporte-se-manifesta-sobre-a-pandemia\/","title":{"rendered":"Vereador Juninho do Esporte se manifesta sobre a Pandemia"},"content":{"rendered":"<p style=\"text-align: justify;\">Ser vereador me possibilita passar por muitos lugares e conhecer muitas pessoas. Em todos esses anos de legislativo \u00e9 un\u00e2nime o pedido da nossa comunidade: Precisamos de mais EMPREGOS. A falta de oportunidade bate na porta de todos. Do jovem que precisa da primeira experi\u00eancia at\u00e9 aquele que precisa de recoloca\u00e7\u00e3o no mercado.<br \/>\nCom quase 12 milh\u00f5es de desempregados, t\u00ednhamos boas expectativas econ\u00f4micas este ano, mas fomos pegos de surpresa pela pandemia de Covid-19. Mais uma vez, venho aqui manifestar meu apoio a abertura do com\u00e9rcio com as cautelas e medidas necess\u00e1rias durante o atendimento, mantendo o isolamento para moradores do grupo de risco.<br \/>\nAcredito que a depress\u00e3o, a fome e o desespero dessas fam\u00edlias ir\u00e3o matar mais que a pr\u00f3pria doen\u00e7a.<\/p>\n<div id=\"fb-root\"><\/div>\n<p><script async=\"1\" defer=\"1\" crossorigin=\"anonymous\" src=\"https:\/\/connect.facebook.net\/en_US\/sdk.js#xfbml=1&amp;version=v6.0\"><\/script><\/p>\n<div class=\"fb-video\" data-href=\"https:\/\/www.facebook.com\/juninhodoesporte\/videos\/265215231168115\/\" data-width=\"696\">\n<blockquote cite=\"https:\/\/www.facebook.com\/juninhodoesporte\/videos\/265215231168115\/\" class=\"fb-xfbml-parse-ignore\"><p><a href=\"https:\/\/www.facebook.com\/juninhodoesporte\/videos\/265215231168115\/\"><\/a><\/p>\n<p>Ser vereador me possibilita passar por muitos lugares e conhecer muitas pessoas. Em todos esses anos de legislativo \u00e9 un\u00e2nime o pedido da nossa comunidade: Precisamos de mais EMPREGOS. A falta de oportunidade bate na porta de todos. Do jovem que precisa da primeira experi\u00eancia at\u00e9 aquele que precisa de recoloca\u00e7\u00e3o no mercado. Com quase 12 milh\u00f5es de desempregados, t\u00ednhamos boas expectativas econ\u00f4micas este ano, mas fomos pegos de surpresa pela pandemia de Covid-19. Mais uma vez, venho aqui manifestar meu apoio a abertura do com\u00e9rcio com as cautelas e medidas necess\u00e1rias durante o atendimento, mantendo o isolamento para moradores do grupo de risco. Acredito que a depress\u00e3o, a fome e o desespero dessas fam\u00edlias ir\u00e3o matar mais que a pr\u00f3pria doen\u00e7a.<\/p>\n<p>Posted by <a href=\"https:\/\/www.facebook.com\/juninhodoesporte\/\">Vereador Juninho do Esporte<\/a> on Monday, April 20, 2020<\/p><\/blockquote>\n<\/div>\n<p>&nbsp;<\/p>\n","protected":false},"excerpt":{"rendered":"<p>Ser vereador me possibilita passar por muitos lugares e conhecer muitas pessoas. Em todos esses anos de legislativo \u00e9 un\u00e2nime o pedido da nossa comunidade: Precisamos de mais EMPREGOS. A falta de oportunidade bate na porta de todos. Do jovem que precisa da primeira experi\u00eancia at\u00e9 aquele que precisa de recoloca\u00e7\u00e3o no mercado. Com quase [&hellip;]<\/p>\n","protected":false},"author":1,"featured_media":24217,"comment_status":"closed","ping_status":"open","sticky":false,"template":"","format":"video","meta":{"footnotes":""},"categories":[116,169],"tags":[],"class_list":["post-24216","post","type-post","status-publish","format-video","has-post-thumbnail","hentry","category-politicaeeconomia","category-videos","post_format-post-format-video"],"_links":{"self":[{"href":"https:\/\/jorgezanoni.com.br\/2019\/wp-json\/wp\/v2\/posts\/24216","targetHints":{"allow":["GET"]}}],"collection":[{"href":"https:\/\/jorgezanoni.com.br\/2019\/wp-json\/wp\/v2\/posts"}],"about":[{"href":"https:\/\/jorgezanoni.com.br\/2019\/wp-json\/wp\/v2\/types\/post"}],"author":[{"embeddable":true,"href":"https:\/\/jorgezanoni.com.br\/2019\/wp-json\/wp\/v2\/users\/1"}],"replies":[{"embeddable":true,"href":"https:\/\/jorgezanoni.com.br\/2019\/wp-json\/wp\/v2\/comments?post=24216"}],"version-history":[{"count":0,"href":"https:\/\/jorgezanoni.com.br\/2019\/wp-json\/wp\/v2\/posts\/24216\/revisions"}],"wp:featuredmedia":[{"embeddable":true,"href":"https:\/\/jorgezanoni.com.br\/2019\/wp-json\/wp\/v2\/media\/24217"}],"wp:attachment":[{"href":"https:\/\/jorgezanoni.com.br\/2019\/wp-json\/wp\/v2\/media?parent=24216"}],"wp:term":[{"taxonomy":"category","embeddable":true,"href":"https:\/\/jorgezanoni.com.br\/2019\/wp-json\/wp\/v2\/categories?post=24216"},{"taxonomy":"post_tag","embeddable":true,"href":"https:\/\/jorgezanoni.com.br\/2019\/wp-json\/wp\/v2\/tags?post=24216"}],"curies":[{"name":"wp","href":"https:\/\/api.w.org\/{rel}","templated":true}]}}