{"id":24213,"date":"2020-04-21T00:37:28","date_gmt":"2020-04-21T00:37:28","guid":{"rendered":"https:\/\/jorgezanoni.com.br\/2019\/?p=24213"},"modified":"2020-04-21T00:37:50","modified_gmt":"2020-04-21T00:37:50","slug":"ministerio-publico-mp-de-dracena-sp-publica-nota-a-sociedade-civil","status":"publish","type":"post","link":"https:\/\/jorgezanoni.com.br\/2019\/ministerio-publico-mp-de-dracena-sp-publica-nota-a-sociedade-civil\/","title":{"rendered":"Minist\u00e9rio Publico (MP) de Dracena\/SP., publica nota \u00e0 Sociedade Civil"},"content":{"rendered":"<p style=\"text-align: justify;\"><strong>1\u00aa Promotoria de Justi\u00e7a de Dracena .<\/strong><\/p>\n<p style=\"text-align: justify;\">Nos \u00faltimos dias, a Promotoria de Justi\u00e7a tem sido consultada sobre a possibilidade de os Prefeitos, em especial de munic\u00edpios com poucos ou nenhum caso de corona v\u00edrus confirmado, editarem decretos permitindo a reabertura do com\u00e9rcio.<\/p>\n<p style=\"text-align: justify;\">No entanto, essa possibilidade n\u00e3o existe. Os munic\u00edpios e os prefeitos devem obedi\u00eancia ao Decreto Estadual n\u00ba 64.881, de 20 de mar\u00e7o de 2020. Caso flexibilizem as regras do Decreto, incorrer\u00e3o no crime previsto no artigo 268 do C\u00f3digo Penal e na pr\u00e1tica do ato de<br \/>\nimprobidade administrativa previsto no artigo 10 da Lei 8.429\/92.<\/p>\n<p style=\"text-align: justify;\">O Supremo Tribunal Federal n\u00e3o autorizou e nem reconheceu o poder de os munic\u00edpios reduzirem ou flexibilizarem as normas restritivas estaduais.<\/p>\n<p style=\"text-align: justify;\">O Supremo Tribunal Federal reconheceu que os munic\u00edpios podem suplementar a legisla\u00e7\u00e3o estadual, mas apenas para restringir ainda mais o conte\u00fado do Decreto Estadual.<\/p>\n<p style=\"text-align: justify;\">Consoante o voto do Ministro Alexandre de Moraes, o STF reconheceu e assegurou<br \/>\nque os munic\u00edpios t\u00eam compet\u00eancia concorrente para suplementar a legisla\u00e7\u00e3o federal ou estadual para \u201cado\u00e7\u00e3o ou manuten\u00e7\u00e3o de medidas restritivas legalmente permitidas durante a pandemia, tais como, a imposi\u00e7\u00e3o de distanciamento\/isolamento social, quarentena, suspens\u00e3o de atividades de ensino, restri\u00e7\u00f5es de com\u00e9rcio, atividades<br \/>\nculturais e \u00e0 circula\u00e7\u00e3o de pessoas, entre outras \u201d (ADPF 672\/DF).<\/p>\n<p style=\"text-align: justify;\">Nesse sentido recentemente tamb\u00e9m decidiu o Tribunal de Justi\u00e7a do Estado de S\u00e3o Paulo, tendo apontado que \u201ca decreta\u00e7\u00e3o de quarentena no \u00e2mbito estadual n\u00e3o parece\u00a0 desrespeitar recentes pronunciamentos do C. Supremo Tribunal Federal, exarados na Medida Cautelar n\u00ba 6.341\/DF (rel. Min. Marco Aur\u00e9lio) e na ADPF n\u00ba 672 (rel. Min. Alexandre de Moraes), onde assegurada prima facie compet\u00eancia constitucional concorrente de governos estaduais e suplementar de governos municipais para ado\u00e7\u00e3o de medidas restritivas em combate \u00e0 noticiada pandemia\u201d (MS 2070664-27.2020.8.26.0482).<\/p>\n<p style=\"text-align: justify;\">Portanto, N\u00c3O h\u00e1 possibilidade legal ou constitucional de os munic\u00edpios flexibilizarem ou atenuarem as restri\u00e7\u00f5es impostas pelo Decreto Estadual 64.881, de 20 de mar\u00e7o de 2020.<br \/>\nDracena, 18 de abril de 2020.<\/p>\n<p style=\"text-align: justify;\">\u00a0 \u00a0 \u00a0 \u00a0ANTONIO SIMINI JR<br \/>\n1\u00ba P r o m ot o r d e J u st i \u00e7 a<\/p>\n","protected":false},"excerpt":{"rendered":"<p>1\u00aa Promotoria de Justi\u00e7a de Dracena . Nos \u00faltimos dias, a Promotoria de Justi\u00e7a tem sido consultada sobre a possibilidade de os Prefeitos, em especial de munic\u00edpios com poucos ou nenhum caso de corona v\u00edrus confirmado, editarem decretos permitindo a reabertura do com\u00e9rcio. No entanto, essa possibilidade n\u00e3o existe. Os munic\u00edpios e os prefeitos devem [&hellip;]<\/p>\n","protected":false},"author":1,"featured_media":24214,"comment_status":"closed","ping_status":"open","sticky":false,"template":"","format":"standard","meta":{"footnotes":""},"categories":[120,110],"tags":[],"class_list":["post-24213","post","type-post","status-publish","format-standard","has-post-thumbnail","hentry","category-justicahabitacaotecnologia","category-noticiasdestaque"],"_links":{"self":[{"href":"https:\/\/jorgezanoni.com.br\/2019\/wp-json\/wp\/v2\/posts\/24213","targetHints":{"allow":["GET"]}}],"collection":[{"href":"https:\/\/jorgezanoni.com.br\/2019\/wp-json\/wp\/v2\/posts"}],"about":[{"href":"https:\/\/jorgezanoni.com.br\/2019\/wp-json\/wp\/v2\/types\/post"}],"author":[{"embeddable":true,"href":"https:\/\/jorgezanoni.com.br\/2019\/wp-json\/wp\/v2\/users\/1"}],"replies":[{"embeddable":true,"href":"https:\/\/jorgezanoni.com.br\/2019\/wp-json\/wp\/v2\/comments?post=24213"}],"version-history":[{"count":0,"href":"https:\/\/jorgezanoni.com.br\/2019\/wp-json\/wp\/v2\/posts\/24213\/revisions"}],"wp:featuredmedia":[{"embeddable":true,"href":"https:\/\/jorgezanoni.com.br\/2019\/wp-json\/wp\/v2\/media\/24214"}],"wp:attachment":[{"href":"https:\/\/jorgezanoni.com.br\/2019\/wp-json\/wp\/v2\/media?parent=24213"}],"wp:term":[{"taxonomy":"category","embeddable":true,"href":"https:\/\/jorgezanoni.com.br\/2019\/wp-json\/wp\/v2\/categories?post=24213"},{"taxonomy":"post_tag","embeddable":true,"href":"https:\/\/jorgezanoni.com.br\/2019\/wp-json\/wp\/v2\/tags?post=24213"}],"curies":[{"name":"wp","href":"https:\/\/api.w.org\/{rel}","templated":true}]}}