{"id":24204,"date":"2020-04-20T23:37:34","date_gmt":"2020-04-20T23:37:34","guid":{"rendered":"https:\/\/jorgezanoni.com.br\/2019\/?p=24204"},"modified":"2020-04-20T23:43:50","modified_gmt":"2020-04-20T23:43:50","slug":"reclamacao-da-populacao-terreno-com-mato-no-jardim-bortolato-incomoda-moradores","status":"publish","type":"post","link":"https:\/\/jorgezanoni.com.br\/2019\/reclamacao-da-populacao-terreno-com-mato-no-jardim-bortolato-incomoda-moradores\/","title":{"rendered":"Reclama\u00e7\u00e3o da Popula\u00e7\u00e3o: Terreno com mato no jardim Bortolato incomoda moradores"},"content":{"rendered":"<p style=\"text-align: justify;\"><strong>Moradores do jardim Bortolato na rua Benedito Borges, reclamam de abandono de terreno.<\/strong><\/p>\n<p style=\"text-align: justify;\">Segundo uma moradora n\u00e3o tem mais a quem recorrer, pois foi diversas vezes na prefeitura, j\u00e1 falou com pessoal da Secretaria de Agricultura, Meio Ambiente e Limpeza P\u00fablica, inclusive com o ex-secret\u00e1rio e tamb\u00e9m com o atual. Diretores tamb\u00e9m j\u00e1 foram contactados, prefeitura, mais que um vereador, enfim.<\/p>\n<p style=\"text-align: justify;\">Al\u00e9m do mato, ainda tem mais um agravante, existe lei municipal obrigando a constru\u00e7\u00e3o de cal\u00e7ada, no caso n\u00e3o existe, o mato vai at\u00e9 a guia de sarjetas.<\/p>\n<p style=\"text-align: justify;\">Tamb\u00e9m tem sido visto animais pe\u00e7onhentos pelo local, escorpi\u00e3o por exemplo j\u00e1 foram matados alguns. Algo precisa ser feito, s\u00e3o moradores que pagam impostos, e tem pessoas de idade e crian\u00e7as nas resid\u00eancias vizinhas.<\/p>\n<p style=\"text-align: justify;\">Outra reclama\u00e7\u00e3o dos moradores \u00e9 que ruas como a Mil\u00e3o e N\u00e1poles est\u00e3o cheias de buracos e nada foi feito, enquanto outras ruas do bairro com muito melhores condi\u00e7\u00f5es foram recapeadas. O recape j\u00e1 passou por duas vezes pelo local. Um absurdo!.<\/p>\n<p style=\"text-align: justify;\">O local reclamado fica entre o numeral 385 e 407 da avenida Benedito Borges. Esperamos que seja resolvido a situa\u00e7\u00e3o com urg\u00eancia, pois n\u00e3o est\u00e1 tendo chuvas, existem fiscais para notificar, ineficientes, mas existe e a lei tem que ser cumprida.<\/p>\n<p style=\"text-align: justify;\">Que alguma provid\u00eancia seja tomada com urg\u00eancia. Os moradores daquela regi\u00e3o merecem.<\/p>\n<p><img loading=\"lazy\" decoding=\"async\" class=\"alignnone size-full wp-image-24205\" src=\"https:\/\/jorgezanoni.com.br\/2019\/wp-content\/uploads\/2020\/04\/bor.jpg\" alt=\"\" width=\"1152\" height=\"648\" srcset=\"https:\/\/jorgezanoni.com.br\/2019\/wp-content\/uploads\/2020\/04\/bor.jpg 1152w, https:\/\/jorgezanoni.com.br\/2019\/wp-content\/uploads\/2020\/04\/bor-300x169.jpg 300w, https:\/\/jorgezanoni.com.br\/2019\/wp-content\/uploads\/2020\/04\/bor-1024x576.jpg 1024w, https:\/\/jorgezanoni.com.br\/2019\/wp-content\/uploads\/2020\/04\/bor-768x432.jpg 768w, https:\/\/jorgezanoni.com.br\/2019\/wp-content\/uploads\/2020\/04\/bor-696x392.jpg 696w, https:\/\/jorgezanoni.com.br\/2019\/wp-content\/uploads\/2020\/04\/bor-1068x601.jpg 1068w, https:\/\/jorgezanoni.com.br\/2019\/wp-content\/uploads\/2020\/04\/bor-747x420.jpg 747w\" sizes=\"auto, (max-width: 1152px) 100vw, 1152px\" \/> <img loading=\"lazy\" decoding=\"async\" class=\"alignnone size-full wp-image-24207\" src=\"https:\/\/jorgezanoni.com.br\/2019\/wp-content\/uploads\/2020\/04\/bor2.jpg\" alt=\"\" width=\"1152\" height=\"648\" srcset=\"https:\/\/jorgezanoni.com.br\/2019\/wp-content\/uploads\/2020\/04\/bor2.jpg 1152w, https:\/\/jorgezanoni.com.br\/2019\/wp-content\/uploads\/2020\/04\/bor2-300x169.jpg 300w, https:\/\/jorgezanoni.com.br\/2019\/wp-content\/uploads\/2020\/04\/bor2-1024x576.jpg 1024w, https:\/\/jorgezanoni.com.br\/2019\/wp-content\/uploads\/2020\/04\/bor2-768x432.jpg 768w, https:\/\/jorgezanoni.com.br\/2019\/wp-content\/uploads\/2020\/04\/bor2-696x392.jpg 696w, https:\/\/jorgezanoni.com.br\/2019\/wp-content\/uploads\/2020\/04\/bor2-1068x601.jpg 1068w, https:\/\/jorgezanoni.com.br\/2019\/wp-content\/uploads\/2020\/04\/bor2-747x420.jpg 747w\" sizes=\"auto, (max-width: 1152px) 100vw, 1152px\" \/> <img loading=\"lazy\" decoding=\"async\" class=\"alignnone size-full wp-image-24208\" src=\"https:\/\/jorgezanoni.com.br\/2019\/wp-content\/uploads\/2020\/04\/bor3.jpg\" alt=\"\" width=\"1152\" height=\"648\" srcset=\"https:\/\/jorgezanoni.com.br\/2019\/wp-content\/uploads\/2020\/04\/bor3.jpg 1152w, https:\/\/jorgezanoni.com.br\/2019\/wp-content\/uploads\/2020\/04\/bor3-300x169.jpg 300w, https:\/\/jorgezanoni.com.br\/2019\/wp-content\/uploads\/2020\/04\/bor3-1024x576.jpg 1024w, https:\/\/jorgezanoni.com.br\/2019\/wp-content\/uploads\/2020\/04\/bor3-768x432.jpg 768w, https:\/\/jorgezanoni.com.br\/2019\/wp-content\/uploads\/2020\/04\/bor3-696x392.jpg 696w, https:\/\/jorgezanoni.com.br\/2019\/wp-content\/uploads\/2020\/04\/bor3-1068x601.jpg 1068w, https:\/\/jorgezanoni.com.br\/2019\/wp-content\/uploads\/2020\/04\/bor3-747x420.jpg 747w\" sizes=\"auto, (max-width: 1152px) 100vw, 1152px\" \/> <img loading=\"lazy\" decoding=\"async\" class=\"alignnone size-full wp-image-24209\" src=\"https:\/\/jorgezanoni.com.br\/2019\/wp-content\/uploads\/2020\/04\/bor4.jpg\" alt=\"\" width=\"648\" height=\"1152\" srcset=\"https:\/\/jorgezanoni.com.br\/2019\/wp-content\/uploads\/2020\/04\/bor4.jpg 648w, https:\/\/jorgezanoni.com.br\/2019\/wp-content\/uploads\/2020\/04\/bor4-169x300.jpg 169w, https:\/\/jorgezanoni.com.br\/2019\/wp-content\/uploads\/2020\/04\/bor4-576x1024.jpg 576w, https:\/\/jorgezanoni.com.br\/2019\/wp-content\/uploads\/2020\/04\/bor4-236x420.jpg 236w\" sizes=\"auto, (max-width: 648px) 100vw, 648px\" \/><\/p>\n<p style=\"text-align: justify;\">Jorge Zanoni<\/p>\n<p style=\"text-align: justify;\">Fotos de Internauta<\/p>\n<p>&nbsp;<\/p>\n","protected":false},"excerpt":{"rendered":"<p>Moradores do jardim Bortolato na rua Benedito Borges, reclamam de abandono de terreno. Segundo uma moradora n\u00e3o tem mais a quem recorrer, pois foi diversas vezes na prefeitura, j\u00e1 falou com pessoal da Secretaria de Agricultura, Meio Ambiente e Limpeza P\u00fablica, inclusive com o ex-secret\u00e1rio e tamb\u00e9m com o atual. Diretores tamb\u00e9m j\u00e1 foram contactados, [&hellip;]<\/p>\n","protected":false},"author":1,"featured_media":24206,"comment_status":"closed","ping_status":"open","sticky":false,"template":"","format":"standard","meta":{"footnotes":""},"categories":[179,184,110],"tags":[],"class_list":["post-24204","post","type-post","status-publish","format-standard","has-post-thumbnail","hentry","category-cidadeseregiao","category-dracena","category-noticiasdestaque"],"_links":{"self":[{"href":"https:\/\/jorgezanoni.com.br\/2019\/wp-json\/wp\/v2\/posts\/24204","targetHints":{"allow":["GET"]}}],"collection":[{"href":"https:\/\/jorgezanoni.com.br\/2019\/wp-json\/wp\/v2\/posts"}],"about":[{"href":"https:\/\/jorgezanoni.com.br\/2019\/wp-json\/wp\/v2\/types\/post"}],"author":[{"embeddable":true,"href":"https:\/\/jorgezanoni.com.br\/2019\/wp-json\/wp\/v2\/users\/1"}],"replies":[{"embeddable":true,"href":"https:\/\/jorgezanoni.com.br\/2019\/wp-json\/wp\/v2\/comments?post=24204"}],"version-history":[{"count":0,"href":"https:\/\/jorgezanoni.com.br\/2019\/wp-json\/wp\/v2\/posts\/24204\/revisions"}],"wp:featuredmedia":[{"embeddable":true,"href":"https:\/\/jorgezanoni.com.br\/2019\/wp-json\/wp\/v2\/media\/24206"}],"wp:attachment":[{"href":"https:\/\/jorgezanoni.com.br\/2019\/wp-json\/wp\/v2\/media?parent=24204"}],"wp:term":[{"taxonomy":"category","embeddable":true,"href":"https:\/\/jorgezanoni.com.br\/2019\/wp-json\/wp\/v2\/categories?post=24204"},{"taxonomy":"post_tag","embeddable":true,"href":"https:\/\/jorgezanoni.com.br\/2019\/wp-json\/wp\/v2\/tags?post=24204"}],"curies":[{"name":"wp","href":"https:\/\/api.w.org\/{rel}","templated":true}]}}