{"id":24199,"date":"2020-04-20T22:24:58","date_gmt":"2020-04-20T22:24:58","guid":{"rendered":"https:\/\/jorgezanoni.com.br\/2019\/?p=24199"},"modified":"2020-04-20T22:24:58","modified_gmt":"2020-04-20T22:24:58","slug":"doria-planeja-saida-gradual-da-quarentena-em-sp","status":"publish","type":"post","link":"https:\/\/jorgezanoni.com.br\/2019\/doria-planeja-saida-gradual-da-quarentena-em-sp\/","title":{"rendered":"Doria planeja sa\u00edda gradual da quarentena em SP"},"content":{"rendered":"<div class=\"mc-column content-text active-extra-styles \" data-block-type=\"unstyled\" data-block-weight=\"17\" data-block-id=\"2\">\n<p class=\"content-text__container \" style=\"text-align: justify;\" data-track-category=\"Link no Texto\" data-track-links=\"\">O governador de S\u00e3o Paulo, Jo\u00e3o Doria, apresentar\u00e1 nesta semana um plano para sa\u00edda gradual do isolamento.<\/p>\n<\/div>\n<div class=\"wall protected-content\">\n<div class=\"mc-column content-text active-extra-styles \" style=\"text-align: justify;\" data-block-type=\"unstyled\" data-block-weight=\"22\" data-block-id=\"3\">\n<p class=\"content-text__container \" data-track-category=\"Link no Texto\" data-track-links=\"\">Esse plano gradual ser\u00e1 implantado somente ap\u00f3s o dia 10 de maio. At\u00e9 l\u00e1, vale a pol\u00edtica de isolamento atual.<\/p>\n<\/div>\n<div class=\"mc-column content-text active-extra-styles \" style=\"text-align: justify;\" data-block-type=\"unstyled\" data-block-weight=\"18\" data-block-id=\"4\">\n<p class=\"content-text__container \" data-track-category=\"Link no Texto\" data-track-links=\"\">O plano de reabertura foi antecipado pelo colunista Lauro Jardim e confirmado ao blog pelo governador Jo\u00e3o Doria.<\/p>\n<\/div>\n<div class=\"mc-column content-text active-extra-styles \" style=\"text-align: justify;\" data-block-type=\"unstyled\" data-block-weight=\"26\" data-block-id=\"5\">\n<p class=\"content-text__container \" data-track-category=\"Link no Texto\" data-track-links=\"\">\u201cMas somente para depois da quarentena. At\u00e9 10 de maio, nada muda. E ser\u00e1 faseado (em etapas). Tudo amparado na ci\u00eancia\u201d, disse o governador ao blog.<\/p>\n<\/div>\n<div class=\"mc-column content-text active-extra-styles \" style=\"text-align: justify;\" data-block-type=\"unstyled\" data-block-weight=\"26\" data-block-id=\"6\">\n<p class=\"content-text__container \" data-track-category=\"Link no Texto\" data-track-links=\"\">O governador faz um alerta: a popula\u00e7\u00e3o precisa ajudar e manter o isolamento at\u00e9 o dia 10, para que o plano de abertura gradual d\u00ea certo.<\/p>\n<\/div>\n<div class=\"mc-column content-text active-extra-styles \" style=\"text-align: justify;\" data-block-type=\"unstyled\" data-block-weight=\"21\" data-block-id=\"7\">\n<p class=\"content-text__container \" data-track-category=\"Link no Texto\" data-track-links=\"\">\u201cMas a popula\u00e7\u00e3o tem que continuar a ajudar, mantendo o isolamento social at\u00e9 dia 10 de maio em S\u00e3o Paulo&#8221;, disse.<\/p>\n<\/div>\n<div data-track-category=\"multicontent\" data-track-action=\"ultimo chunk conteudo\" data-track-noninteraction=\"false\" data-track-scroll=\"view\">\n<div class=\"mc-column content-text active-extra-styles \" data-block-type=\"unstyled\" data-block-weight=\"60\" data-block-id=\"8\">\n<p class=\"content-text__container \" style=\"text-align: justify;\" data-track-category=\"Link no Texto\" data-track-links=\"\">Segundo o blog apurou com outras fontes, os t\u00e9cnicos do governo de S\u00e3o Paulo est\u00e3o definindo quais setores ser\u00e3o autorizados a voltar a funcionar e quais regi\u00f5es do Estado ter\u00e3o mais flexibilidade do que as outras &#8211;combinando a import\u00e2ncia econ\u00f4mica, a vulnerabilidade social e os riscos de sa\u00fade envolvidos (como o n\u00famero de casos e a capacidade instalada de UTIs).<\/p>\n<p style=\"text-align: justify;\" data-track-category=\"Link no Texto\" data-track-links=\"\">Fonte: G1<\/p>\n<\/div>\n<\/div>\n<\/div>\n","protected":false},"excerpt":{"rendered":"<p>O governador de S\u00e3o Paulo, Jo\u00e3o Doria, apresentar\u00e1 nesta semana um plano para sa\u00edda gradual do isolamento. Esse plano gradual ser\u00e1 implantado somente ap\u00f3s o dia 10 de maio. At\u00e9 l\u00e1, vale a pol\u00edtica de isolamento atual. O plano de reabertura foi antecipado pelo colunista Lauro Jardim e confirmado ao blog pelo governador Jo\u00e3o Doria. [&hellip;]<\/p>\n","protected":false},"author":1,"featured_media":24200,"comment_status":"closed","ping_status":"open","sticky":false,"template":"","format":"standard","meta":{"footnotes":""},"categories":[110,116],"tags":[],"class_list":["post-24199","post","type-post","status-publish","format-standard","has-post-thumbnail","hentry","category-noticiasdestaque","category-politicaeeconomia"],"_links":{"self":[{"href":"https:\/\/jorgezanoni.com.br\/2019\/wp-json\/wp\/v2\/posts\/24199","targetHints":{"allow":["GET"]}}],"collection":[{"href":"https:\/\/jorgezanoni.com.br\/2019\/wp-json\/wp\/v2\/posts"}],"about":[{"href":"https:\/\/jorgezanoni.com.br\/2019\/wp-json\/wp\/v2\/types\/post"}],"author":[{"embeddable":true,"href":"https:\/\/jorgezanoni.com.br\/2019\/wp-json\/wp\/v2\/users\/1"}],"replies":[{"embeddable":true,"href":"https:\/\/jorgezanoni.com.br\/2019\/wp-json\/wp\/v2\/comments?post=24199"}],"version-history":[{"count":0,"href":"https:\/\/jorgezanoni.com.br\/2019\/wp-json\/wp\/v2\/posts\/24199\/revisions"}],"wp:featuredmedia":[{"embeddable":true,"href":"https:\/\/jorgezanoni.com.br\/2019\/wp-json\/wp\/v2\/media\/24200"}],"wp:attachment":[{"href":"https:\/\/jorgezanoni.com.br\/2019\/wp-json\/wp\/v2\/media?parent=24199"}],"wp:term":[{"taxonomy":"category","embeddable":true,"href":"https:\/\/jorgezanoni.com.br\/2019\/wp-json\/wp\/v2\/categories?post=24199"},{"taxonomy":"post_tag","embeddable":true,"href":"https:\/\/jorgezanoni.com.br\/2019\/wp-json\/wp\/v2\/tags?post=24199"}],"curies":[{"name":"wp","href":"https:\/\/api.w.org\/{rel}","templated":true}]}}