{"id":24192,"date":"2020-04-20T22:06:41","date_gmt":"2020-04-20T22:06:41","guid":{"rendered":"https:\/\/jorgezanoni.com.br\/2019\/?p=24192"},"modified":"2020-04-20T23:13:46","modified_gmt":"2020-04-20T23:13:46","slug":"dracenense-registra-imagem-da-estacao-espacial-internacional","status":"publish","type":"post","link":"https:\/\/jorgezanoni.com.br\/2019\/dracenense-registra-imagem-da-estacao-espacial-internacional\/","title":{"rendered":"Dracenense registra imagem da Esta\u00e7\u00e3o Espacial Internacional"},"content":{"rendered":"<p><strong>Moradora de Dracena Bia Gomes, fez os registros na noite de ontem (19) no setor sul da cidade, para os lados da Faculdade Reges.<\/strong><\/p>\n<p style=\"text-align: justify;\"><img loading=\"lazy\" decoding=\"async\" class=\"alignnone size-full wp-image-24193\" src=\"https:\/\/jorgezanoni.com.br\/2019\/wp-content\/uploads\/2020\/04\/esta\u00e7\u00e3o-2.jpg\" alt=\"\" width=\"878\" height=\"645\" srcset=\"https:\/\/jorgezanoni.com.br\/2019\/wp-content\/uploads\/2020\/04\/esta\u00e7\u00e3o-2.jpg 878w, https:\/\/jorgezanoni.com.br\/2019\/wp-content\/uploads\/2020\/04\/esta\u00e7\u00e3o-2-300x220.jpg 300w, https:\/\/jorgezanoni.com.br\/2019\/wp-content\/uploads\/2020\/04\/esta\u00e7\u00e3o-2-768x564.jpg 768w, https:\/\/jorgezanoni.com.br\/2019\/wp-content\/uploads\/2020\/04\/esta\u00e7\u00e3o-2-80x60.jpg 80w, https:\/\/jorgezanoni.com.br\/2019\/wp-content\/uploads\/2020\/04\/esta\u00e7\u00e3o-2-696x511.jpg 696w, https:\/\/jorgezanoni.com.br\/2019\/wp-content\/uploads\/2020\/04\/esta\u00e7\u00e3o-2-572x420.jpg 572w\" sizes=\"auto, (max-width: 878px) 100vw, 878px\" \/> <img loading=\"lazy\" decoding=\"async\" class=\"alignnone size-full wp-image-24195\" src=\"https:\/\/jorgezanoni.com.br\/2019\/wp-content\/uploads\/2020\/04\/esta\u00e7\u00e3o1-2.jpg\" alt=\"\" width=\"356\" height=\"512\" srcset=\"https:\/\/jorgezanoni.com.br\/2019\/wp-content\/uploads\/2020\/04\/esta\u00e7\u00e3o1-2.jpg 356w, https:\/\/jorgezanoni.com.br\/2019\/wp-content\/uploads\/2020\/04\/esta\u00e7\u00e3o1-2-209x300.jpg 209w, https:\/\/jorgezanoni.com.br\/2019\/wp-content\/uploads\/2020\/04\/esta\u00e7\u00e3o1-2-292x420.jpg 292w\" sizes=\"auto, (max-width: 356px) 100vw, 356px\" \/> <img loading=\"lazy\" decoding=\"async\" class=\"alignnone size-full wp-image-24196\" src=\"https:\/\/jorgezanoni.com.br\/2019\/wp-content\/uploads\/2020\/04\/esta\u00e7\u00e3o2-2.jpg\" alt=\"\" width=\"422\" height=\"447\" srcset=\"https:\/\/jorgezanoni.com.br\/2019\/wp-content\/uploads\/2020\/04\/esta\u00e7\u00e3o2-2.jpg 422w, https:\/\/jorgezanoni.com.br\/2019\/wp-content\/uploads\/2020\/04\/esta\u00e7\u00e3o2-2-283x300.jpg 283w, https:\/\/jorgezanoni.com.br\/2019\/wp-content\/uploads\/2020\/04\/esta\u00e7\u00e3o2-2-397x420.jpg 397w\" sizes=\"auto, (max-width: 422px) 100vw, 422px\" \/> <img loading=\"lazy\" decoding=\"async\" class=\"alignnone size-full wp-image-24197\" src=\"https:\/\/jorgezanoni.com.br\/2019\/wp-content\/uploads\/2020\/04\/esta\u00e7\u00e3o3-2.jpg\" alt=\"\" width=\"770\" height=\"409\" srcset=\"https:\/\/jorgezanoni.com.br\/2019\/wp-content\/uploads\/2020\/04\/esta\u00e7\u00e3o3-2.jpg 770w, https:\/\/jorgezanoni.com.br\/2019\/wp-content\/uploads\/2020\/04\/esta\u00e7\u00e3o3-2-300x159.jpg 300w, https:\/\/jorgezanoni.com.br\/2019\/wp-content\/uploads\/2020\/04\/esta\u00e7\u00e3o3-2-768x408.jpg 768w, https:\/\/jorgezanoni.com.br\/2019\/wp-content\/uploads\/2020\/04\/esta\u00e7\u00e3o3-2-696x370.jpg 696w\" sizes=\"auto, (max-width: 770px) 100vw, 770px\" \/>Na noite do dia 19\/04\/2020 as 21:25 hrs,H\u00e1 270\u00b0 a Oeste, foi registrada pela c\u00e2mera do celular a passagem da Esta\u00e7\u00e3o Espacial Internacional na cidade de Dracena -SP ,onde pela minha pesquisa s\u00e3o raros os momentos capturados devido a velocidade percorrida! A ISS(Esta\u00e7\u00e3o Espacial Internacional) possui 109 metros de largura, 73 metros de comprimento, 20 metros de altura e uma massa de 450 mil quilos. A plataforma est\u00e1 orbitando a uma altura aproximada de 400 km da superf\u00edcie terrestre, com uma velocidade de aproximadamente 28.000 km\/h, o que lhe confere um per\u00edodo de transla\u00e7\u00e3o ao redor da Terra de 90 minutos (1,5 hora).<br \/>\nNa segunda-feira (20) ser\u00e1 o dia de menor tempo vis\u00edvel, por apenas 1 minutos e 14 segundos, a partir das 18h55.<br \/>\nFotos : Bianca Gomes<\/p>\n<p style=\"text-align: justify;\"><strong>Esta\u00e7\u00e3o Espacial Internacional estar\u00e1 vis\u00edvel em Londrina, diz Gedal<\/strong><\/p>\n<p style=\"text-align: justify;\">Que tal olhar para o c\u00e9u neste s\u00e1bado (18) e observar uma das mais complexas obras da engenharia humana?<\/p>\n<p>No comecinho da noite, a Esta\u00e7\u00e3o Espacial Internacional (ISS, na sigla em ingl\u00eas), com tr\u00eas astronautas a bordo, vai cruzar o firmamento, e ser\u00e1 vis\u00edvel com um brilho bem intenso, de acordo com o Gedal (Grupo de Estudo e Divulga\u00e7\u00e3o de Astronomia de\u00a0<a href=\"https:\/\/www.bonde.com.br\/tags\/londrina\/\" target=\"_blank\" rel=\"noopener noreferrer\">Londrina<\/a>). Ser\u00e1 o segundo objeto mais brilhante no c\u00e9u, &#8220;perdendo\u201d apenas para o planeta V\u00eanus, que estar\u00e1 super brilhante no c\u00e9u, na dire\u00e7\u00e3o onde o Sol se p\u00f4s.<\/p>\n<p style=\"text-align: justify;\">Fonte: https:\/\/www.bonde.com.br\/comportamento\/noticias\/estacao-espacial-internacional-estara-visivel-em-londrina-diz-gedal-515731.html<\/p>\n<h1 class=\"entry__title\" style=\"text-align: justify;\"><strong>Passagem da Esta\u00e7\u00e3o Espacial Internacional ser\u00e1 vis\u00edvel a olho nu; confira os hor\u00e1rios<\/strong><\/h1>\n<div class=\"post-thumbnail--wrapper\" style=\"text-align: justify;\">\n<p><a href=\"https:\/\/www.jornalcidade.net\/rc\/passagem-da-estacao-espacial-internacional-sera-visivel-a-olho-nu-confira-os-horarios\/150084\/#\" data-featherlight=\"https:\/\/www.jornalcidade.net\/wp-content\/uploads\/2020\/04\/esta\u00e7\u00e3o-700x480.jpg\"><img loading=\"lazy\" decoding=\"async\" class=\"attachment-post-thumbnail size-post-thumbnail wp-post-image lazyloaded\" src=\"https:\/\/www.jornalcidade.net\/wp-content\/uploads\/2020\/04\/esta%C3%A7%C3%A3o-430x240.jpg\" sizes=\"auto, (max-width: 430px) 100vw, 430px\" srcset=\"https:\/\/www.jornalcidade.net\/wp-content\/uploads\/2020\/04\/esta\u00e7\u00e3o-430x240.jpg 430w, https:\/\/www.jornalcidade.net\/wp-content\/uploads\/2020\/04\/esta\u00e7\u00e3o-250x140.jpg 250w\" alt=\"\" width=\"430\" height=\"240\" data-lazy-srcset=\"https:\/\/www.jornalcidade.net\/wp-content\/uploads\/2020\/04\/esta\u00e7\u00e3o-430x240.jpg 430w, https:\/\/www.jornalcidade.net\/wp-content\/uploads\/2020\/04\/esta\u00e7\u00e3o-250x140.jpg 250w\" data-lazy-sizes=\"(max-width: 430px) 100vw, 430px\" data-lazy-src=\"https:\/\/www.jornalcidade.net\/wp-content\/uploads\/2020\/04\/esta\u00e7\u00e3o-430x240.jpg\" data-was-processed=\"true\" \/><\/a><\/p>\n<p class=\"post-thumbnail--caption\">A Esta\u00e7\u00e3o Espacial Internacional, conhecida como ISS (International Space Station)<\/p>\n<\/div>\n<p style=\"text-align: justify;\">A Esta\u00e7\u00e3o Espacial Internacional operada pela Nasa, conhecida como ISS (International Space Station), poder\u00e1 ser vis\u00edvel a olho nu entre este s\u00e1bado (18) at\u00e9 a pr\u00f3xima ter\u00e7a-feira (21) no Estado de S\u00e3o Paulo.<\/p>\n<p style=\"text-align: justify;\"><a href=\"https:\/\/www.astroviewer.net\/iss\/pt\/observacao.php\">De acordo com o site de monitoramento Observa\u00e7\u00e3o da ISS<\/a>, o reflexo da luz solar sobre a estrutura da plataforma \u00e9 t\u00e3o grande que n\u00e3o \u00e9 necess\u00e1rio o uso de equipamentos para observar a Esta\u00e7\u00e3o Espacial.<\/p>\n<p style=\"text-align: justify;\"><strong>DIAS E HOR\u00c1RIOS<\/strong><\/p>\n<p style=\"text-align: justify;\">Neste s\u00e1bado (18) a ISS \u00e9 vis\u00edvel sobre o Estado de S\u00e3o Paulo a partir das 18h50 e ter\u00e1 a dura\u00e7\u00e3o de 5 minutos e 53 segundos.<\/p>\n<p style=\"text-align: justify;\">No domingo (19) a dura\u00e7\u00e3o da passagem \u00e9 maior, de 6 minutos e 45 segundos a partir das 18h03.<\/p>\n<p style=\"text-align: justify;\">Na segunda-feira (20) ser\u00e1 o dia de menor tempo vis\u00edvel, por apenas 1 minutos e 14 segundos, a partir das 18h55.<\/p>\n<p style=\"text-align: justify;\">Na ter\u00e7a-feira (21) a Esta\u00e7\u00e3o Espacial Internacional estar\u00e1 vis\u00edvel a partir das 18h06 por 4 minutos e 52 segundos.<\/p>\n<p style=\"text-align: justify;\"><strong>A ESTA\u00c7\u00c3O<\/strong><\/p>\n<p style=\"text-align: justify;\">A ISS possui 109 metros de largura, 73 metros de comprimento, 20 metros de altura e uma massa de 450 mil quilos. A plataforma est\u00e1 orbitando a uma altura aproximada de 400 km da superf\u00edcie terrestre, com uma velocidade de aproximadamente 28.000 km\/h, o que lhe confere um per\u00edodo de transla\u00e7\u00e3o ao redor da Terra de 90 minutos (1,5 hora).<\/p>\n<p style=\"text-align: justify;\">Fonte: https:\/\/www.jornalcidade.net\/rc\/passagem-da-estacao-espacial-internacional-sera-visivel-a-olho-nu-confira-os-horarios\/150084\/<\/p>\n<p style=\"text-align: justify;\">Jorge Zanoni<\/p>\n<p>&nbsp;<\/p>\n<p>&nbsp;<\/p>\n<p>&nbsp;<\/p>\n<p>&nbsp;<\/p>\n<p>&nbsp;<\/p>\n<p>&nbsp;<\/p>\n<p>&nbsp;<\/p>\n<p>&nbsp;<\/p>\n<p>&nbsp;<\/p>\n<p>&nbsp;<\/p>\n<p>&nbsp;<\/p>\n<p>&nbsp;<\/p>\n<p>&nbsp;<\/p>\n<p>&nbsp;<\/p>\n<p>&nbsp;<\/p>\n<p>&nbsp;<\/p>\n<p>&nbsp;<\/p>\n<p>&nbsp;<\/p>\n<p>&nbsp;<\/p>\n<p>&nbsp;<\/p>\n<p>&nbsp;<\/p>\n<p>&nbsp;<\/p>\n<p>&nbsp;<\/p>\n<p>&nbsp;<\/p>\n<p>&nbsp;<\/p>\n<p>&nbsp;<\/p>\n<p>&nbsp;<\/p>\n<p>&nbsp;<\/p>\n<p>&nbsp;<\/p>\n<p>&nbsp;<\/p>\n<p>&nbsp;<\/p>\n<p>&nbsp;<\/p>\n<p>&nbsp;<\/p>\n<p>&nbsp;<\/p>\n<p>&nbsp;<\/p>\n<p>&nbsp;<\/p>\n<p>&nbsp;<\/p>\n<p>&nbsp;<\/p>\n<p>&nbsp;<\/p>\n<p>&nbsp;<\/p>\n<p>&nbsp;<\/p>\n<p>&nbsp;<\/p>\n<p>&nbsp;<\/p>\n<p>&nbsp;<\/p>\n<p>&nbsp;<\/p>\n<p>&nbsp;<\/p>\n<p>&nbsp;<\/p>\n<p>&nbsp;<\/p>\n<p>&nbsp;<\/p>\n<p>&nbsp;<\/p>\n<p>&nbsp;<\/p>\n<p>&nbsp;<\/p>\n<p>&nbsp;<\/p>\n<p>&nbsp;<\/p>\n<p>&nbsp;<\/p>\n<p>&nbsp;<\/p>\n<p>&nbsp;<\/p>\n<p>&nbsp;<\/p>\n<p>&nbsp;<\/p>\n<p>&nbsp;<\/p>\n<p>&nbsp;<\/p>\n<p>&nbsp;<\/p>\n<p>&nbsp;<\/p>\n<p>&nbsp;<\/p>\n<p>&nbsp;<\/p>\n<p>&nbsp;<\/p>\n<p>&nbsp;<\/p>\n<p>&nbsp;<\/p>\n<p>&nbsp;<\/p>\n<p>&nbsp;<\/p>\n<p>&nbsp;<\/p>\n<p>&nbsp;<\/p>\n<p>&nbsp;<\/p>\n<p>&nbsp;<\/p>\n<p>&nbsp;<\/p>\n<p>&nbsp;<\/p>\n<p>&nbsp;<\/p>\n<p>&nbsp;<\/p>\n<p>&nbsp;<\/p>\n<p>&nbsp;<\/p>\n<p>&nbsp;<\/p>\n<p>&nbsp;<\/p>\n<p>&nbsp;<\/p>\n<p>&nbsp;<\/p>\n<p>&nbsp;<\/p>\n<p>&nbsp;<\/p>\n<p>&nbsp;<\/p>\n<p>&nbsp;<\/p>\n<p>&nbsp;<\/p>\n<p>&nbsp;<\/p>\n<p>&nbsp;<\/p>\n<p>&nbsp;<\/p>\n<p>&nbsp;<\/p>\n<p>&nbsp;<\/p>\n<p>&nbsp;<\/p>\n<p>&nbsp;<\/p>\n<p>&nbsp;<\/p>\n<p>&nbsp;<\/p>\n<p>&nbsp;<\/p>\n<p>&nbsp;<\/p>\n<p>&nbsp;<\/p>\n<p>&nbsp;<\/p>\n<p>&nbsp;<\/p>\n<p>&nbsp;<\/p>\n<p>&nbsp;<\/p>\n<p>&nbsp;<\/p>\n<p>&nbsp;<\/p>\n<p>&nbsp;<\/p>\n<p>&nbsp;<\/p>\n<p>&nbsp;<\/p>\n<p>&nbsp;<\/p>\n<p>&nbsp;<\/p>\n<p>&nbsp;<\/p>\n<p>&nbsp;<\/p>\n<p>&nbsp;<\/p>\n<p>&nbsp;<\/p>\n<p>&nbsp;<\/p>\n<p>&nbsp;<\/p>\n<p>&nbsp;<\/p>\n<p>&nbsp;<\/p>\n<p>&nbsp;<\/p>\n<p>&nbsp;<\/p>\n<p>&nbsp;<\/p>\n<p>&nbsp;<\/p>\n<p>&nbsp;<\/p>\n<p>&nbsp;<\/p>\n<p>&nbsp;<\/p>\n<p>&nbsp;<\/p>\n<p>&nbsp;<\/p>\n<p>&nbsp;<\/p>\n<p>&nbsp;<\/p>\n<p>&nbsp;<\/p>\n<p>&nbsp;<\/p>\n<p>&nbsp;<\/p>\n<p>&nbsp;<\/p>\n<p>&nbsp;<\/p>\n<p>&nbsp;<\/p>\n<p>&nbsp;<\/p>\n<p>&nbsp;<\/p>\n<p>&nbsp;<\/p>\n<p>&nbsp;<\/p>\n<p>&nbsp;<\/p>\n<p>&nbsp;<\/p>\n<p>&nbsp;<\/p>\n<p>&nbsp;<\/p>\n<p>&nbsp;<\/p>\n<p>&nbsp;<\/p>\n<p>&nbsp;<\/p>\n<p>&nbsp;<\/p>\n<p>&nbsp;<\/p>\n<p>&nbsp;<\/p>\n<p>&nbsp;<\/p>\n<p>&nbsp;<\/p>\n<p>&nbsp;<\/p>\n<p>&nbsp;<\/p>\n<p>&nbsp;<\/p>\n<p>&nbsp;<\/p>\n<p>&nbsp;<\/p>\n<p>&nbsp;<\/p>\n<p>&nbsp;<\/p>\n<p>&nbsp;<\/p>\n<p>&nbsp;<\/p>\n<p>&nbsp;<\/p>\n<p>&nbsp;<\/p>\n<p>&nbsp;<\/p>\n<p>&nbsp;<\/p>\n<p>&nbsp;<\/p>\n<p>&nbsp;<\/p>\n<p>&nbsp;<\/p>\n<p>&nbsp;<\/p>\n<p>&nbsp;<\/p>\n<p>&nbsp;<\/p>\n<p>&nbsp;<\/p>\n<p>&nbsp;<\/p>\n<p>&nbsp;<\/p>\n<p>&nbsp;<\/p>\n<p>&nbsp;<\/p>\n<p>&nbsp;<\/p>\n<p>&nbsp;<\/p>\n<p>&nbsp;<\/p>\n<p>&nbsp;<\/p>\n<p>&nbsp;<\/p>\n<p>&nbsp;<\/p>\n<p>&nbsp;<\/p>\n<p>&nbsp;<\/p>\n<p>&nbsp;<\/p>\n<p>&nbsp;<\/p>\n<p>&nbsp;<\/p>\n<p>&nbsp;<\/p>\n<p>&nbsp;<\/p>\n<p>&nbsp;<\/p>\n<p>&nbsp;<\/p>\n<p>&nbsp;<\/p>\n<p>&nbsp;<\/p>\n<p>&nbsp;<\/p>\n<p>&nbsp;<\/p>\n<p>&nbsp;<\/p>\n<p>&nbsp;<\/p>\n<p>&nbsp;<\/p>\n<p>&nbsp;<\/p>\n<p>&nbsp;<\/p>\n<p>&nbsp;<\/p>\n<p>&nbsp;<\/p>\n<p>&nbsp;<\/p>\n<p>&nbsp;<\/p>\n<p>&nbsp;<\/p>\n<p>&nbsp;<\/p>\n<p>&nbsp;<\/p>\n<p>&nbsp;<\/p>\n<p>&nbsp;<\/p>\n<p>&nbsp;<\/p>\n<p>&nbsp;<\/p>\n<p>&nbsp;<\/p>\n<p>&nbsp;<\/p>\n<p>&nbsp;<\/p>\n<p>&nbsp;<\/p>\n<p>&nbsp;<\/p>\n<p>&nbsp;<\/p>\n<p>&nbsp;<\/p>\n<p>&nbsp;<\/p>\n<p>&nbsp;<\/p>\n<p>&nbsp;<\/p>\n<p>&nbsp;<\/p>\n<p>&nbsp;<\/p>\n<p>&nbsp;<\/p>\n<p>&nbsp;<\/p>\n<p>&nbsp;<\/p>\n<p>&nbsp;<\/p>\n<p>&nbsp;<\/p>\n<p>&nbsp;<\/p>\n<p>&nbsp;<\/p>\n<p>&nbsp;<\/p>\n<p>&nbsp;<\/p>\n<p>&nbsp;<\/p>\n<p>&nbsp;<\/p>\n<p>&nbsp;<\/p>\n<p>&nbsp;<\/p>\n<p>&nbsp;<\/p>\n<p>&nbsp;<\/p>\n<p>&nbsp;<\/p>\n<p>&nbsp;<\/p>\n<p>&nbsp;<\/p>\n<p>&nbsp;<\/p>\n<p>&nbsp;<\/p>\n<p>&nbsp;<\/p>\n<p>&nbsp;<\/p>\n<p>&nbsp;<\/p>\n<p>&nbsp;<\/p>\n<p>&nbsp;<\/p>\n<p>&nbsp;<\/p>\n<p>&nbsp;<\/p>\n<p>&nbsp;<\/p>\n<p>&nbsp;<\/p>\n<p>&nbsp;<\/p>\n<p>&nbsp;<\/p>\n<p>&nbsp;<\/p>\n<p>&nbsp;<\/p>\n<p>&nbsp;<\/p>\n<p>&nbsp;<\/p>\n<p>&nbsp;<\/p>\n<p>&nbsp;<\/p>\n<p>&nbsp;<\/p>\n<p>&nbsp;<\/p>\n<p>&nbsp;<\/p>\n<p>&nbsp;<\/p>\n<p>&nbsp;<\/p>\n<p>&nbsp;<\/p>\n<p>&nbsp;<\/p>\n<p>&nbsp;<\/p>\n<p>&nbsp;<\/p>\n<p>&nbsp;<\/p>\n<p>&nbsp;<\/p>\n<p>&nbsp;<\/p>\n<p>&nbsp;<\/p>\n<p>&nbsp;<\/p>\n<p>&nbsp;<\/p>\n<p>&nbsp;<\/p>\n<p>&nbsp;<\/p>\n<p>&nbsp;<\/p>\n<p>&nbsp;<\/p>\n<p>&nbsp;<\/p>\n<p>&nbsp;<\/p>\n<p>&nbsp;<\/p>\n<p>&nbsp;<\/p>\n<p>&nbsp;<\/p>\n<p>&nbsp;<\/p>\n<p>&nbsp;<\/p>\n","protected":false},"excerpt":{"rendered":"<p>Moradora de Dracena Bia Gomes, fez os registros na noite de ontem (19) no setor sul da cidade, para os lados da Faculdade Reges. Na noite do dia 19\/04\/2020 as 21:25 hrs,H\u00e1 270\u00b0 a Oeste, foi registrada pela c\u00e2mera do celular a passagem da Esta\u00e7\u00e3o Espacial Internacional na cidade de Dracena -SP ,onde pela minha [&hellip;]<\/p>\n","protected":false},"author":1,"featured_media":24194,"comment_status":"closed","ping_status":"open","sticky":false,"template":"","format":"standard","meta":{"footnotes":""},"categories":[114,110],"tags":[],"class_list":["post-24192","post","type-post","status-publish","format-standard","has-post-thumbnail","hentry","category-geralecomercio","category-noticiasdestaque"],"_links":{"self":[{"href":"https:\/\/jorgezanoni.com.br\/2019\/wp-json\/wp\/v2\/posts\/24192","targetHints":{"allow":["GET"]}}],"collection":[{"href":"https:\/\/jorgezanoni.com.br\/2019\/wp-json\/wp\/v2\/posts"}],"about":[{"href":"https:\/\/jorgezanoni.com.br\/2019\/wp-json\/wp\/v2\/types\/post"}],"author":[{"embeddable":true,"href":"https:\/\/jorgezanoni.com.br\/2019\/wp-json\/wp\/v2\/users\/1"}],"replies":[{"embeddable":true,"href":"https:\/\/jorgezanoni.com.br\/2019\/wp-json\/wp\/v2\/comments?post=24192"}],"version-history":[{"count":0,"href":"https:\/\/jorgezanoni.com.br\/2019\/wp-json\/wp\/v2\/posts\/24192\/revisions"}],"wp:featuredmedia":[{"embeddable":true,"href":"https:\/\/jorgezanoni.com.br\/2019\/wp-json\/wp\/v2\/media\/24194"}],"wp:attachment":[{"href":"https:\/\/jorgezanoni.com.br\/2019\/wp-json\/wp\/v2\/media?parent=24192"}],"wp:term":[{"taxonomy":"category","embeddable":true,"href":"https:\/\/jorgezanoni.com.br\/2019\/wp-json\/wp\/v2\/categories?post=24192"},{"taxonomy":"post_tag","embeddable":true,"href":"https:\/\/jorgezanoni.com.br\/2019\/wp-json\/wp\/v2\/tags?post=24192"}],"curies":[{"name":"wp","href":"https:\/\/api.w.org\/{rel}","templated":true}]}}