{"id":24180,"date":"2020-04-20T13:57:27","date_gmt":"2020-04-20T13:57:27","guid":{"rendered":"https:\/\/jorgezanoni.com.br\/2019\/?p=24180"},"modified":"2020-04-20T14:00:25","modified_gmt":"2020-04-20T14:00:25","slug":"homem-que-teve-caso-confirmado-de-coronavirus-teve-alta-esta-manha-em-dracena","status":"publish","type":"post","link":"https:\/\/jorgezanoni.com.br\/2019\/homem-que-teve-caso-confirmado-de-coronavirus-teve-alta-esta-manha-em-dracena\/","title":{"rendered":"Homem que teve caso confirmado de Coronav\u00edrus teve alta esta manh\u00e3 em Dracena"},"content":{"rendered":"<p style=\"text-align: justify;\">O homem de 51 anos que estava internado na Santa Casa de Dracena e que teve o Caso de COVID-19 confirmado, teve alta esta manh\u00e3.<\/p>\n<p style=\"text-align: justify;\">A recomenda\u00e7\u00e3o \u00e9 que ele fique totalmente isolado em sua resid\u00eancia, mas segundo informa\u00e7\u00f5es obtidas pela reportagem do Site JZ junto a familiares, o estado dele \u00e9 \u00f3timo.<\/p>\n<p style=\"text-align: justify;\">O isolamento \u00e9 por precau\u00e7\u00e3o, como recomenda o protocolo da OMS (Organiza\u00e7\u00e3o Mundial da Silva), Minist\u00e9rio da Sa\u00fade e Secretaria Estadual da Sa\u00fade.<\/p>\n<p style=\"text-align: justify;\">Jorge Zanoni<\/p>\n<p>Imagem Ilustrativa<\/p>\n<p>&nbsp;<\/p>\n","protected":false},"excerpt":{"rendered":"<p>O homem de 51 anos que estava internado na Santa Casa de Dracena e que teve o Caso de COVID-19 confirmado, teve alta esta manh\u00e3. A recomenda\u00e7\u00e3o \u00e9 que ele fique totalmente isolado em sua resid\u00eancia, mas segundo informa\u00e7\u00f5es obtidas pela reportagem do Site JZ junto a familiares, o estado dele \u00e9 \u00f3timo. O isolamento [&hellip;]<\/p>\n","protected":false},"author":1,"featured_media":24181,"comment_status":"closed","ping_status":"open","sticky":false,"template":"","format":"standard","meta":{"footnotes":""},"categories":[179,184,110,122],"tags":[],"class_list":["post-24180","post","type-post","status-publish","format-standard","has-post-thumbnail","hentry","category-cidadeseregiao","category-dracena","category-noticiasdestaque","category-saudeeducacaoeconcurso"],"_links":{"self":[{"href":"https:\/\/jorgezanoni.com.br\/2019\/wp-json\/wp\/v2\/posts\/24180","targetHints":{"allow":["GET"]}}],"collection":[{"href":"https:\/\/jorgezanoni.com.br\/2019\/wp-json\/wp\/v2\/posts"}],"about":[{"href":"https:\/\/jorgezanoni.com.br\/2019\/wp-json\/wp\/v2\/types\/post"}],"author":[{"embeddable":true,"href":"https:\/\/jorgezanoni.com.br\/2019\/wp-json\/wp\/v2\/users\/1"}],"replies":[{"embeddable":true,"href":"https:\/\/jorgezanoni.com.br\/2019\/wp-json\/wp\/v2\/comments?post=24180"}],"version-history":[{"count":0,"href":"https:\/\/jorgezanoni.com.br\/2019\/wp-json\/wp\/v2\/posts\/24180\/revisions"}],"wp:featuredmedia":[{"embeddable":true,"href":"https:\/\/jorgezanoni.com.br\/2019\/wp-json\/wp\/v2\/media\/24181"}],"wp:attachment":[{"href":"https:\/\/jorgezanoni.com.br\/2019\/wp-json\/wp\/v2\/media?parent=24180"}],"wp:term":[{"taxonomy":"category","embeddable":true,"href":"https:\/\/jorgezanoni.com.br\/2019\/wp-json\/wp\/v2\/categories?post=24180"},{"taxonomy":"post_tag","embeddable":true,"href":"https:\/\/jorgezanoni.com.br\/2019\/wp-json\/wp\/v2\/tags?post=24180"}],"curies":[{"name":"wp","href":"https:\/\/api.w.org\/{rel}","templated":true}]}}