{"id":2418,"date":"2019-07-30T16:13:18","date_gmt":"2019-07-30T16:13:18","guid":{"rendered":"https:\/\/jorgezanoni.com.br\/2019\/?p=2418"},"modified":"2019-07-30T16:13:18","modified_gmt":"2019-07-30T16:13:18","slug":"animal-provoca-acidente-envolvendo-uma-moto-e-dois-veiculos-na-sp-294","status":"publish","type":"post","link":"https:\/\/jorgezanoni.com.br\/2019\/animal-provoca-acidente-envolvendo-uma-moto-e-dois-veiculos-na-sp-294\/","title":{"rendered":"Animal provoca acidente envolvendo uma moto e dois ve\u00edculos na SP-294"},"content":{"rendered":"<p style=\"text-align: justify;\">Ontem (29) por volta de 19 Hs., a Pol\u00edcia Militar Rodovi\u00e1ria base operacional de Adamantina registrou um acidente com v\u00edtima no Km. 639 + 50 Mts. da rodovia Cmte. Jo\u00e3o Ribeiro de Barros pr\u00f3ximo ao local conhecido como Prega Toco.<\/p>\n<p style=\"text-align: justify;\">Segundo informa\u00e7\u00f5es obtidas pela reportagem do Site JZ, um motociclista conduzia sua moto quando uma Raposa cruzou \u00e0 sua frente e acabou sendo atropelada. O condutor da moto cai ao solo sofrendo escoria\u00e7\u00f5es generalizadas.<\/p>\n<p style=\"text-align: justify;\">Em seguida uma caminhonete Hillux freou para n\u00e3o passar por cima do motociclista e da moto e acabou sendo colidida na traseira por um ve\u00edculo \u00d4nix. Os dos condutores do veiculo n\u00e3o se feriram.<\/p>\n<p style=\"text-align: justify;\">O motociclista foi socorrido por um Ambul\u00e2ncia de Junqueir\u00f3polis at\u00e9 o Pronto Socorro daquela cidade.<\/p>\n<p style=\"text-align: justify;\">Os tr\u00eas ve\u00edculos faziam o sentido Dracena a Irapuru e a prov\u00e1vel causa do acidente pode ter sido um inc\u00eandio na margem esquerda da rodovia que obrigou o animal a cruzar a pista.<\/p>\n<p style=\"text-align: justify;\">Os tr\u00eas condutores foram submetidos ao exame do Baf\u00f4metro e nenhum deles acusou ter ingerido bebida alco\u00f3lica.<\/p>\n<p><img loading=\"lazy\" decoding=\"async\" class=\"alignnone size-full wp-image-2419\" src=\"https:\/\/jorgezanoni.com.br\/2019\/wp-content\/uploads\/2019\/07\/moto1-1.jpg\" alt=\"\" width=\"696\" height=\"522\" srcset=\"https:\/\/jorgezanoni.com.br\/2019\/wp-content\/uploads\/2019\/07\/moto1-1.jpg 696w, https:\/\/jorgezanoni.com.br\/2019\/wp-content\/uploads\/2019\/07\/moto1-1-300x225.jpg 300w, https:\/\/jorgezanoni.com.br\/2019\/wp-content\/uploads\/2019\/07\/moto1-1-80x60.jpg 80w, https:\/\/jorgezanoni.com.br\/2019\/wp-content\/uploads\/2019\/07\/moto1-1-265x198.jpg 265w, https:\/\/jorgezanoni.com.br\/2019\/wp-content\/uploads\/2019\/07\/moto1-1-560x420.jpg 560w\" sizes=\"auto, (max-width: 696px) 100vw, 696px\" \/><img loading=\"lazy\" decoding=\"async\" class=\"alignnone size-full wp-image-2420\" src=\"https:\/\/jorgezanoni.com.br\/2019\/wp-content\/uploads\/2019\/07\/moto2-1.jpg\" alt=\"\" width=\"696\" height=\"522\" srcset=\"https:\/\/jorgezanoni.com.br\/2019\/wp-content\/uploads\/2019\/07\/moto2-1.jpg 696w, https:\/\/jorgezanoni.com.br\/2019\/wp-content\/uploads\/2019\/07\/moto2-1-300x225.jpg 300w, https:\/\/jorgezanoni.com.br\/2019\/wp-content\/uploads\/2019\/07\/moto2-1-80x60.jpg 80w, https:\/\/jorgezanoni.com.br\/2019\/wp-content\/uploads\/2019\/07\/moto2-1-265x198.jpg 265w, https:\/\/jorgezanoni.com.br\/2019\/wp-content\/uploads\/2019\/07\/moto2-1-560x420.jpg 560w\" sizes=\"auto, (max-width: 696px) 100vw, 696px\" \/><\/p>\n<p style=\"text-align: justify;\">Fonte: PMR<\/p>\n<p style=\"text-align: justify;\">Fotos de Internauta<\/p>\n","protected":false},"excerpt":{"rendered":"<p>Ontem (29) por volta de 19 Hs., a Pol\u00edcia Militar Rodovi\u00e1ria base operacional de Adamantina registrou um acidente com v\u00edtima no Km. 639 + 50 Mts. da rodovia Cmte. Jo\u00e3o Ribeiro de Barros pr\u00f3ximo ao local conhecido como Prega Toco. Segundo informa\u00e7\u00f5es obtidas pela reportagem do Site JZ, um motociclista conduzia sua moto quando uma [&hellip;]<\/p>\n","protected":false},"author":1,"featured_media":2421,"comment_status":"closed","ping_status":"open","sticky":false,"template":"","format":"standard","meta":{"footnotes":""},"categories":[170,110],"tags":[],"class_list":["post-2418","post","type-post","status-publish","format-standard","has-post-thumbnail","hentry","category-acidentes","category-noticiasdestaque"],"_links":{"self":[{"href":"https:\/\/jorgezanoni.com.br\/2019\/wp-json\/wp\/v2\/posts\/2418","targetHints":{"allow":["GET"]}}],"collection":[{"href":"https:\/\/jorgezanoni.com.br\/2019\/wp-json\/wp\/v2\/posts"}],"about":[{"href":"https:\/\/jorgezanoni.com.br\/2019\/wp-json\/wp\/v2\/types\/post"}],"author":[{"embeddable":true,"href":"https:\/\/jorgezanoni.com.br\/2019\/wp-json\/wp\/v2\/users\/1"}],"replies":[{"embeddable":true,"href":"https:\/\/jorgezanoni.com.br\/2019\/wp-json\/wp\/v2\/comments?post=2418"}],"version-history":[{"count":0,"href":"https:\/\/jorgezanoni.com.br\/2019\/wp-json\/wp\/v2\/posts\/2418\/revisions"}],"wp:featuredmedia":[{"embeddable":true,"href":"https:\/\/jorgezanoni.com.br\/2019\/wp-json\/wp\/v2\/media\/2421"}],"wp:attachment":[{"href":"https:\/\/jorgezanoni.com.br\/2019\/wp-json\/wp\/v2\/media?parent=2418"}],"wp:term":[{"taxonomy":"category","embeddable":true,"href":"https:\/\/jorgezanoni.com.br\/2019\/wp-json\/wp\/v2\/categories?post=2418"},{"taxonomy":"post_tag","embeddable":true,"href":"https:\/\/jorgezanoni.com.br\/2019\/wp-json\/wp\/v2\/tags?post=2418"}],"curies":[{"name":"wp","href":"https:\/\/api.w.org\/{rel}","templated":true}]}}