{"id":24145,"date":"2020-04-20T00:05:00","date_gmt":"2020-04-20T00:05:00","guid":{"rendered":"https:\/\/jorgezanoni.com.br\/2019\/?p=24145"},"modified":"2020-04-20T00:05:39","modified_gmt":"2020-04-20T00:05:39","slug":"corpo-e-encontrado-em-estado-de-decomposicao-na-regiao-do-bairro-ginasio-de-panorama","status":"publish","type":"post","link":"https:\/\/jorgezanoni.com.br\/2019\/corpo-e-encontrado-em-estado-de-decomposicao-na-regiao-do-bairro-ginasio-de-panorama\/","title":{"rendered":"Corpo \u00e9 encontrado em estado de decomposi\u00e7\u00e3o na regi\u00e3o do bairro Gin\u00e1sio de Panorama"},"content":{"rendered":"<p>Estrutura j\u00e1 esquel\u00e9tica estava em meio ao matagal.<\/p>\n<div id=\"fb-root\"><\/div>\n<p><script async=\"1\" defer=\"1\" crossorigin=\"anonymous\" src=\"https:\/\/connect.facebook.net\/en_US\/sdk.js#xfbml=1&amp;version=v6.0\"><\/script><\/p>\n<div class=\"fb-video\" data-href=\"https:\/\/www.facebook.com\/panorama.noticia\/videos\/237965914231098\/\" data-width=\"696\">\n<blockquote cite=\"https:\/\/www.facebook.com\/panorama.noticia\/videos\/237965914231098\/\" class=\"fb-xfbml-parse-ignore\"><p><a href=\"https:\/\/www.facebook.com\/panorama.noticia\/videos\/237965914231098\/\"><\/a><\/p>\n<p>PLANT\u00c3O EXCLUSIVO- + INFORMA\u00c7\u00d5ES- Corpo \u00e9 encontrado em estado de decomposi\u00e7\u00e3o na regi\u00e3o do bairro gin\u00e1sio de PanoramaEstrutura j\u00e1  esquel\u00e9tica estava em meio ao matagal.<\/p>\n<p>Posted by <a href=\"https:\/\/www.facebook.com\/panorama.noticia\/\">Panorama Not\u00edcia<\/a> on Sunday, April 19, 2020<\/p><\/blockquote>\n<\/div>\n<p>Fonte: Panorama Not\u00edcia<\/p>\n","protected":false},"excerpt":{"rendered":"<p>Estrutura j\u00e1 esquel\u00e9tica estava em meio ao matagal. PLANT\u00c3O EXCLUSIVO- + INFORMA\u00c7\u00d5ES- Corpo \u00e9 encontrado em estado de decomposi\u00e7\u00e3o na regi\u00e3o do bairro gin\u00e1sio de PanoramaEstrutura j\u00e1 esquel\u00e9tica estava em meio ao matagal. Posted by Panorama Not\u00edcia on Sunday, April 19, 2020 Fonte: Panorama Not\u00edcia<\/p>\n","protected":false},"author":1,"featured_media":24146,"comment_status":"closed","ping_status":"open","sticky":false,"template":"","format":"video","meta":{"footnotes":""},"categories":[110,2,169],"tags":[],"class_list":["post-24145","post","type-post","status-publish","format-video","has-post-thumbnail","hentry","category-noticiasdestaque","category-policial","category-videos","post_format-post-format-video"],"_links":{"self":[{"href":"https:\/\/jorgezanoni.com.br\/2019\/wp-json\/wp\/v2\/posts\/24145","targetHints":{"allow":["GET"]}}],"collection":[{"href":"https:\/\/jorgezanoni.com.br\/2019\/wp-json\/wp\/v2\/posts"}],"about":[{"href":"https:\/\/jorgezanoni.com.br\/2019\/wp-json\/wp\/v2\/types\/post"}],"author":[{"embeddable":true,"href":"https:\/\/jorgezanoni.com.br\/2019\/wp-json\/wp\/v2\/users\/1"}],"replies":[{"embeddable":true,"href":"https:\/\/jorgezanoni.com.br\/2019\/wp-json\/wp\/v2\/comments?post=24145"}],"version-history":[{"count":0,"href":"https:\/\/jorgezanoni.com.br\/2019\/wp-json\/wp\/v2\/posts\/24145\/revisions"}],"wp:featuredmedia":[{"embeddable":true,"href":"https:\/\/jorgezanoni.com.br\/2019\/wp-json\/wp\/v2\/media\/24146"}],"wp:attachment":[{"href":"https:\/\/jorgezanoni.com.br\/2019\/wp-json\/wp\/v2\/media?parent=24145"}],"wp:term":[{"taxonomy":"category","embeddable":true,"href":"https:\/\/jorgezanoni.com.br\/2019\/wp-json\/wp\/v2\/categories?post=24145"},{"taxonomy":"post_tag","embeddable":true,"href":"https:\/\/jorgezanoni.com.br\/2019\/wp-json\/wp\/v2\/tags?post=24145"}],"curies":[{"name":"wp","href":"https:\/\/api.w.org\/{rel}","templated":true}]}}