{"id":24126,"date":"2020-04-19T20:19:47","date_gmt":"2020-04-19T20:19:47","guid":{"rendered":"https:\/\/jorgezanoni.com.br\/2019\/?p=24126"},"modified":"2020-04-19T20:19:47","modified_gmt":"2020-04-19T20:19:47","slug":"igreja-missoes-mundiais-do-brasil-fez-carreata-pela-cidade","status":"publish","type":"post","link":"https:\/\/jorgezanoni.com.br\/2019\/igreja-missoes-mundiais-do-brasil-fez-carreata-pela-cidade\/","title":{"rendered":"Igreja Miss\u00f5es Mundiais do Brasil fez carreata pela cidade"},"content":{"rendered":"<p style=\"text-align: justify;\">A\u00a0Igreja Miss\u00f5es Mundiais do Brasil, realizou na sexta-feira (17), uma carreata pelas ruas de Dracena. Foi feitas ben\u00e7\u00e3os pelo Senhor. Os Pastores respons\u00e1veis s\u00e3o Osias Matos e Andr\u00e9a Matos.<\/p>\n<div style=\"width: 640px;\" class=\"wp-video\"><video class=\"wp-video-shortcode\" id=\"video-24126-1\" width=\"640\" height=\"352\" preload=\"metadata\" controls=\"controls\"><source type=\"video\/mp4\" src=\"https:\/\/jorgezanoni.com.br\/2019\/wp-content\/uploads\/2020\/04\/WhatsApp-Video-2020-04-18-at-12.48.46.mp4?_=1\" \/><a href=\"https:\/\/jorgezanoni.com.br\/2019\/wp-content\/uploads\/2020\/04\/WhatsApp-Video-2020-04-18-at-12.48.46.mp4\">https:\/\/jorgezanoni.com.br\/2019\/wp-content\/uploads\/2020\/04\/WhatsApp-Video-2020-04-18-at-12.48.46.mp4<\/a><\/video><\/div>\n<div style=\"width: 640px;\" class=\"wp-video\"><video class=\"wp-video-shortcode\" id=\"video-24126-2\" width=\"640\" height=\"352\" preload=\"metadata\" controls=\"controls\"><source type=\"video\/mp4\" src=\"https:\/\/jorgezanoni.com.br\/2019\/wp-content\/uploads\/2020\/04\/WhatsApp-Video-2020-04-18-at-12.46.40.mp4?_=2\" \/><a href=\"https:\/\/jorgezanoni.com.br\/2019\/wp-content\/uploads\/2020\/04\/WhatsApp-Video-2020-04-18-at-12.46.40.mp4\">https:\/\/jorgezanoni.com.br\/2019\/wp-content\/uploads\/2020\/04\/WhatsApp-Video-2020-04-18-at-12.46.40.mp4<\/a><\/video><\/div>\n<p><img loading=\"lazy\" decoding=\"async\" class=\"alignnone size-full wp-image-24130\" src=\"https:\/\/jorgezanoni.com.br\/2019\/wp-content\/uploads\/2020\/04\/evangelicos.jpg\" alt=\"\" width=\"750\" height=\"1000\" srcset=\"https:\/\/jorgezanoni.com.br\/2019\/wp-content\/uploads\/2020\/04\/evangelicos.jpg 750w, https:\/\/jorgezanoni.com.br\/2019\/wp-content\/uploads\/2020\/04\/evangelicos-225x300.jpg 225w, https:\/\/jorgezanoni.com.br\/2019\/wp-content\/uploads\/2020\/04\/evangelicos-696x928.jpg 696w, https:\/\/jorgezanoni.com.br\/2019\/wp-content\/uploads\/2020\/04\/evangelicos-315x420.jpg 315w\" sizes=\"auto, (max-width: 750px) 100vw, 750px\" \/>V\u00eddeos e fotos de Internauta<\/p>\n","protected":false},"excerpt":{"rendered":"<p>A\u00a0Igreja Miss\u00f5es Mundiais do Brasil, realizou na sexta-feira (17), uma carreata pelas ruas de Dracena. Foi feitas ben\u00e7\u00e3os pelo Senhor. Os Pastores respons\u00e1veis s\u00e3o Osias Matos e Andr\u00e9a Matos. V\u00eddeos e fotos de Internauta<\/p>\n","protected":false},"author":1,"featured_media":24129,"comment_status":"closed","ping_status":"open","sticky":false,"template":"","format":"video","meta":{"footnotes":""},"categories":[118,169],"tags":[],"class_list":["post-24126","post","type-post","status-publish","format-video","has-post-thumbnail","hentry","category-religiaoesolidariedade","category-videos","post_format-post-format-video"],"_links":{"self":[{"href":"https:\/\/jorgezanoni.com.br\/2019\/wp-json\/wp\/v2\/posts\/24126","targetHints":{"allow":["GET"]}}],"collection":[{"href":"https:\/\/jorgezanoni.com.br\/2019\/wp-json\/wp\/v2\/posts"}],"about":[{"href":"https:\/\/jorgezanoni.com.br\/2019\/wp-json\/wp\/v2\/types\/post"}],"author":[{"embeddable":true,"href":"https:\/\/jorgezanoni.com.br\/2019\/wp-json\/wp\/v2\/users\/1"}],"replies":[{"embeddable":true,"href":"https:\/\/jorgezanoni.com.br\/2019\/wp-json\/wp\/v2\/comments?post=24126"}],"version-history":[{"count":0,"href":"https:\/\/jorgezanoni.com.br\/2019\/wp-json\/wp\/v2\/posts\/24126\/revisions"}],"wp:featuredmedia":[{"embeddable":true,"href":"https:\/\/jorgezanoni.com.br\/2019\/wp-json\/wp\/v2\/media\/24129"}],"wp:attachment":[{"href":"https:\/\/jorgezanoni.com.br\/2019\/wp-json\/wp\/v2\/media?parent=24126"}],"wp:term":[{"taxonomy":"category","embeddable":true,"href":"https:\/\/jorgezanoni.com.br\/2019\/wp-json\/wp\/v2\/categories?post=24126"},{"taxonomy":"post_tag","embeddable":true,"href":"https:\/\/jorgezanoni.com.br\/2019\/wp-json\/wp\/v2\/tags?post=24126"}],"curies":[{"name":"wp","href":"https:\/\/api.w.org\/{rel}","templated":true}]}}