{"id":24105,"date":"2020-04-19T17:11:27","date_gmt":"2020-04-19T17:11:27","guid":{"rendered":"https:\/\/jorgezanoni.com.br\/2019\/?p=24105"},"modified":"2020-04-20T12:56:47","modified_gmt":"2020-04-20T12:56:47","slug":"justica-proibe-manifestacao-que-estava-prevista-para-este-domingo-em-dracena","status":"publish","type":"post","link":"https:\/\/jorgezanoni.com.br\/2019\/justica-proibe-manifestacao-que-estava-prevista-para-este-domingo-em-dracena\/","title":{"rendered":"Justi\u00e7a pro\u00edbe manifesta\u00e7\u00e3o que estava prevista para este domingo em Dracena"},"content":{"rendered":"<p style=\"text-align: justify;\">A ju\u00edza Luciana Amstalden Bertoncini, respons\u00e1vel pelo plant\u00e3o da 29\u00aa Circunscri\u00e7\u00e3o Judici\u00e1ria, deferiu a tutela provis\u00f3ria pedida pelo Minist\u00e9rio P\u00fablico e proibiu a realiza\u00e7\u00e3o da manifesta\u00e7\u00e3o\/carreata agendada para este domingo, com sa\u00edda do recinto da Fapidra, e demais manifesta\u00e7\u00f5es de natureza an\u00e1loga que tenha o mesmo objetivo (fim do isolamento social), no per\u00edodo de validade dos decretos estadual e municipal que ve<span class=\"text_exposed_show\">dam esse tipo de aglomera\u00e7\u00e3o.<\/span><\/p>\n<p style=\"text-align: justify;\"><span class=\"text_exposed_show\">A Justi\u00e7a ainda arbitrou multa de R$ 50 mil ao organizador Edgar da Costa Ferreira, caso insista em promover reuni\u00f5es (pessoais ou com uso de ve\u00edculos) no per\u00edodo de isolamento social e multa de R$ 2 mil para cada pessoa que descumprir a ordem judicial e insistir em participar das reuni\u00f5es (incluindo carreatas), sem preju\u00edzo da caracteriza\u00e7\u00e3o do crime de desobedi\u00eancia.<\/span><\/p>\n<p style=\"text-align: justify;\"><span class=\"text_exposed_show\">Diversos manifestantes se reuniram no recinto da Fapidra, quando tomaram conhecimento da decis\u00e3o judicial e se dispersaram. A Pol\u00edcia Militar compareceu ao local com diversas viaturas.<\/span><\/p>\n<p style=\"text-align: justify;\"><span class=\"text_exposed_show\">Posteriormente, manifestantes se concentraram na frente do Tiro de Guerra gritando palavras de ordem e encerrando o ato com o Hino Nacional Brasileiro.<\/span><\/p>\n<p style=\"text-align: justify;\"><span class=\"text_exposed_show\">A manifesta\u00e7\u00e3o convocada atrav\u00e9s das redes sociais e imprensa tinha como objetivo o apoio ao presidente Jair Bolsonaro. Alguns defendiam a interven\u00e7\u00e3o militar. Ainda houve manifesta\u00e7\u00f5es contra o governador Jo\u00e3o Doria e em favor da reabertura do com\u00e9rcio.<\/span><\/p>\n<p>Fonte: Bastidores da Noticia<\/p>\n<p><img loading=\"lazy\" decoding=\"async\" class=\"alignnone size-full wp-image-24108\" src=\"https:\/\/jorgezanoni.com.br\/2019\/wp-content\/uploads\/2020\/04\/Bolsonaro.jpg\" alt=\"\" width=\"1201\" height=\"1200\" srcset=\"https:\/\/jorgezanoni.com.br\/2019\/wp-content\/uploads\/2020\/04\/Bolsonaro.jpg 1201w, https:\/\/jorgezanoni.com.br\/2019\/wp-content\/uploads\/2020\/04\/Bolsonaro-300x300.jpg 300w, https:\/\/jorgezanoni.com.br\/2019\/wp-content\/uploads\/2020\/04\/Bolsonaro-1024x1024.jpg 1024w, https:\/\/jorgezanoni.com.br\/2019\/wp-content\/uploads\/2020\/04\/Bolsonaro-150x150.jpg 150w, https:\/\/jorgezanoni.com.br\/2019\/wp-content\/uploads\/2020\/04\/Bolsonaro-768x767.jpg 768w, https:\/\/jorgezanoni.com.br\/2019\/wp-content\/uploads\/2020\/04\/Bolsonaro-696x695.jpg 696w, https:\/\/jorgezanoni.com.br\/2019\/wp-content\/uploads\/2020\/04\/Bolsonaro-1068x1067.jpg 1068w, https:\/\/jorgezanoni.com.br\/2019\/wp-content\/uploads\/2020\/04\/Bolsonaro-420x420.jpg 420w\" sizes=\"auto, (max-width: 1201px) 100vw, 1201px\" \/><\/p>\n","protected":false},"excerpt":{"rendered":"<p>A ju\u00edza Luciana Amstalden Bertoncini, respons\u00e1vel pelo plant\u00e3o da 29\u00aa Circunscri\u00e7\u00e3o Judici\u00e1ria, deferiu a tutela provis\u00f3ria pedida pelo Minist\u00e9rio P\u00fablico e proibiu a realiza\u00e7\u00e3o da manifesta\u00e7\u00e3o\/carreata agendada para este domingo, com sa\u00edda do recinto da Fapidra, e demais manifesta\u00e7\u00f5es de natureza an\u00e1loga que tenha o mesmo objetivo (fim do isolamento social), no per\u00edodo de validade [&hellip;]<\/p>\n","protected":false},"author":1,"featured_media":24106,"comment_status":"closed","ping_status":"open","sticky":false,"template":"","format":"standard","meta":{"footnotes":""},"categories":[179,184,110],"tags":[],"class_list":["post-24105","post","type-post","status-publish","format-standard","has-post-thumbnail","hentry","category-cidadeseregiao","category-dracena","category-noticiasdestaque"],"_links":{"self":[{"href":"https:\/\/jorgezanoni.com.br\/2019\/wp-json\/wp\/v2\/posts\/24105","targetHints":{"allow":["GET"]}}],"collection":[{"href":"https:\/\/jorgezanoni.com.br\/2019\/wp-json\/wp\/v2\/posts"}],"about":[{"href":"https:\/\/jorgezanoni.com.br\/2019\/wp-json\/wp\/v2\/types\/post"}],"author":[{"embeddable":true,"href":"https:\/\/jorgezanoni.com.br\/2019\/wp-json\/wp\/v2\/users\/1"}],"replies":[{"embeddable":true,"href":"https:\/\/jorgezanoni.com.br\/2019\/wp-json\/wp\/v2\/comments?post=24105"}],"version-history":[{"count":0,"href":"https:\/\/jorgezanoni.com.br\/2019\/wp-json\/wp\/v2\/posts\/24105\/revisions"}],"wp:featuredmedia":[{"embeddable":true,"href":"https:\/\/jorgezanoni.com.br\/2019\/wp-json\/wp\/v2\/media\/24106"}],"wp:attachment":[{"href":"https:\/\/jorgezanoni.com.br\/2019\/wp-json\/wp\/v2\/media?parent=24105"}],"wp:term":[{"taxonomy":"category","embeddable":true,"href":"https:\/\/jorgezanoni.com.br\/2019\/wp-json\/wp\/v2\/categories?post=24105"},{"taxonomy":"post_tag","embeddable":true,"href":"https:\/\/jorgezanoni.com.br\/2019\/wp-json\/wp\/v2\/tags?post=24105"}],"curies":[{"name":"wp","href":"https:\/\/api.w.org\/{rel}","templated":true}]}}