{"id":24102,"date":"2020-04-19T16:55:36","date_gmt":"2020-04-19T16:55:36","guid":{"rendered":"https:\/\/jorgezanoni.com.br\/2019\/?p=24102"},"modified":"2020-04-19T16:55:36","modified_gmt":"2020-04-19T16:55:36","slug":"sete-jovens-morrem-em-acidente-entre-carro-e-onibus-em-sertaozinho-sp","status":"publish","type":"post","link":"https:\/\/jorgezanoni.com.br\/2019\/sete-jovens-morrem-em-acidente-entre-carro-e-onibus-em-sertaozinho-sp\/","title":{"rendered":"Sete jovens morrem em acidente entre carro e \u00f4nibus em Sert\u00e3ozinho, SP"},"content":{"rendered":"<h2 class=\"content-head__subtitle\" style=\"text-align: justify;\"><strong>Autom\u00f3vel em que as v\u00edtimas estavam bateu de frente com o outro ve\u00edculo, por volta das 6h30 deste domingo (19), na estrada vicinal Alc\u00eddio Balbo, diz Pol\u00edcia Rodovi\u00e1ria.<\/strong><\/h2>\n<div class=\"mc-column content-text active-extra-styles \" data-block-type=\"unstyled\" data-block-weight=\"33\" data-block-id=\"2\">\n<p class=\"content-text__container \" style=\"text-align: justify;\" data-track-category=\"Link no Texto\" data-track-links=\"\">Sete jovens morreram em um acidente entre em um carro e um \u00f4nibus na manh\u00e3 deste domingo (19) na estrada vicinal Alc\u00eddio Balbo, entre Sert\u00e3ozinho (SP) e o distrito Cruz das Posses.<\/p>\n<\/div>\n<div class=\"wall protected-content\">\n<div class=\"mc-column content-text active-extra-styles \" style=\"text-align: justify;\" data-block-type=\"unstyled\" data-block-weight=\"44\" data-block-id=\"3\">\n<p class=\"content-text__container \" data-track-category=\"Link no Texto\" data-track-links=\"\">Segundo as primeiras informa\u00e7\u00f5es da Pol\u00edcia Militar Rodovi\u00e1ria, as sete v\u00edtimas estavam em um Palio. O motorista perdeu o controle da dire\u00e7\u00e3o em uma curva, pr\u00f3ximo ao Trevo do A, invadiu a pista contr\u00e1ria e o ve\u00edculo bateu de frente com o \u00f4nibus.<\/p>\n<\/div>\n<div class=\"mc-column content-text active-extra-styles \" style=\"text-align: justify;\" data-block-type=\"unstyled\" data-block-weight=\"31\" data-block-id=\"4\">\n<p class=\"content-text__container \" data-track-category=\"Link no Texto\" data-track-links=\"\">Tr\u00eas mulheres e quatro homens, com idades de 15 a 30 anos, estavam no carro. Todos morreram no local. O motorista do \u00f4nibus, que n\u00e3o transportava passageiros, n\u00e3o sofreu ferimentos.<\/p>\n<\/div>\n<div class=\"mc-column content-text active-extra-styles \" style=\"text-align: justify;\" data-block-type=\"unstyled\" data-block-weight=\"23\" data-block-id=\"5\">\n<p class=\"content-text__container \" data-track-category=\"Link no Texto\" data-track-links=\"\">Equipes do Corpo de Bombeiros foram acionados para resgatar as v\u00edtimas das ferragens e contaram com apoio da concession\u00e1ria Entrevias para o trabalho.<\/p>\n<\/div>\n<div class=\"mc-column content-text active-extra-styles \" data-block-type=\"unstyled\" data-block-weight=\"23\" data-block-id=\"6\">\n<p class=\"content-text__container \" style=\"text-align: justify;\" data-track-category=\"Link no Texto\" data-track-links=\"\">Ainda de acordo com as primeiras informa\u00e7\u00f5es obtidas no local, as v\u00edtimas tinham sa\u00eddo de uma festa no bairro Colina de S\u00e3o Pedro.<\/p>\n<p style=\"text-align: justify;\" data-track-category=\"Link no Texto\" data-track-links=\"\">Fonte: G1<\/p>\n<\/div>\n<\/div>\n","protected":false},"excerpt":{"rendered":"<p>Autom\u00f3vel em que as v\u00edtimas estavam bateu de frente com o outro ve\u00edculo, por volta das 6h30 deste domingo (19), na estrada vicinal Alc\u00eddio Balbo, diz Pol\u00edcia Rodovi\u00e1ria. Sete jovens morreram em um acidente entre em um carro e um \u00f4nibus na manh\u00e3 deste domingo (19) na estrada vicinal Alc\u00eddio Balbo, entre Sert\u00e3ozinho (SP) e [&hellip;]<\/p>\n","protected":false},"author":1,"featured_media":24103,"comment_status":"closed","ping_status":"open","sticky":false,"template":"","format":"standard","meta":{"footnotes":""},"categories":[170,110],"tags":[],"class_list":["post-24102","post","type-post","status-publish","format-standard","has-post-thumbnail","hentry","category-acidentes","category-noticiasdestaque"],"_links":{"self":[{"href":"https:\/\/jorgezanoni.com.br\/2019\/wp-json\/wp\/v2\/posts\/24102","targetHints":{"allow":["GET"]}}],"collection":[{"href":"https:\/\/jorgezanoni.com.br\/2019\/wp-json\/wp\/v2\/posts"}],"about":[{"href":"https:\/\/jorgezanoni.com.br\/2019\/wp-json\/wp\/v2\/types\/post"}],"author":[{"embeddable":true,"href":"https:\/\/jorgezanoni.com.br\/2019\/wp-json\/wp\/v2\/users\/1"}],"replies":[{"embeddable":true,"href":"https:\/\/jorgezanoni.com.br\/2019\/wp-json\/wp\/v2\/comments?post=24102"}],"version-history":[{"count":0,"href":"https:\/\/jorgezanoni.com.br\/2019\/wp-json\/wp\/v2\/posts\/24102\/revisions"}],"wp:featuredmedia":[{"embeddable":true,"href":"https:\/\/jorgezanoni.com.br\/2019\/wp-json\/wp\/v2\/media\/24103"}],"wp:attachment":[{"href":"https:\/\/jorgezanoni.com.br\/2019\/wp-json\/wp\/v2\/media?parent=24102"}],"wp:term":[{"taxonomy":"category","embeddable":true,"href":"https:\/\/jorgezanoni.com.br\/2019\/wp-json\/wp\/v2\/categories?post=24102"},{"taxonomy":"post_tag","embeddable":true,"href":"https:\/\/jorgezanoni.com.br\/2019\/wp-json\/wp\/v2\/tags?post=24102"}],"curies":[{"name":"wp","href":"https:\/\/api.w.org\/{rel}","templated":true}]}}