{"id":24077,"date":"2020-04-19T01:57:28","date_gmt":"2020-04-19T01:57:28","guid":{"rendered":"https:\/\/jorgezanoni.com.br\/2019\/?p=24077"},"modified":"2020-04-19T01:57:28","modified_gmt":"2020-04-19T01:57:28","slug":"sobe-para-tres-o-numero-de-vitimas-fatais-em-colisao-na-sp-294-em-parapua","status":"publish","type":"post","link":"https:\/\/jorgezanoni.com.br\/2019\/sobe-para-tres-o-numero-de-vitimas-fatais-em-colisao-na-sp-294-em-parapua\/","title":{"rendered":"Sobe para tr\u00eas o n\u00famero de v\u00edtimas fatais em colis\u00e3o na SP-294, em Parapu\u00e3"},"content":{"rendered":"<p style=\"text-align: justify;\"><strong>Ocorr\u00eancia foi registrada neste s\u00e1bado (18).<\/strong><\/p>\n<p style=\"text-align: justify;\">Um grave acidente registrado na Rodovia Comandante Jo\u00e3o Ribeiro de Barros, a SP-294, munic\u00edpio de Parapu\u00e3, deixou tr\u00eas pessoas mortas na tarde deste s\u00e1bado (18).<\/p>\n<p style=\"text-align: justify;\">Segundo informa\u00e7\u00f5es levantadas pela reportagem do Portal Metr\u00f3pole de Not\u00edcias no local do acidente, dois ve\u00edculos com placas de Parapu\u00e3, sendo um Vectra e um Siena que trabalhava como T\u00e1xi, seguiam sentido Osvaldo Cruz a Parapu\u00e3, quando no KM 563+800, ambos colidiram frontalmente contra um caminh\u00e3o, com placas de Valinhos\/SP, que seguia sentido contr\u00e1rio, com destino a Junqueir\u00f3polis.<\/p>\n<p style=\"text-align: justify;\">Com impacto, os dois ve\u00edculos acabaram embaixo do caminh\u00e3o.<\/p>\n<p style=\"text-align: justify;\">No ve\u00edculo Vectra, havia um casal que foi socorrido com vida pela Unidade de Resgate do Corpo de Bombeiros de Osvaldo Cruz, mas informa\u00e7\u00f5es d\u00e3o conta que o motorista, sexo masculino, n\u00e3o resistiu e faleceu a caminho do Pronto Socorro de Osvaldo Cruz. J\u00e1 a passageira, uma auxiliar de enfermagem da cidade de S\u00e3o Paulo, que estava a passeio em Parapu\u00e3, foi socorrida em estado grave para a Santa Casa de Osvaldo Cruz, mas tamb\u00e9m n\u00e3o resistiu e veio a \u00f3bito.<\/p>\n<p style=\"text-align: justify;\">O motorista do Siena, que trabalhava como t\u00e1xi, com o impacto, tamb\u00e9m n\u00e3o resistiu e veio falecer no local.<\/p>\n<p style=\"text-align: justify;\">Trabalharam na ocorr\u00eancia o Corpo de Bombeiros de Osvaldo Cruz, a Pol\u00edcia Militar Rodovi\u00e1ria, com apoio de uma equipe do Departamento de Estradas de Rodagem (DER), e policiamento de \u00e1rea de Parapu\u00e3 e Osvaldo Cruz.<\/p>\n<p style=\"text-align: justify;\">Fonte: fmmtropole.com.br<\/p>\n","protected":false},"excerpt":{"rendered":"<p>Ocorr\u00eancia foi registrada neste s\u00e1bado (18). Um grave acidente registrado na Rodovia Comandante Jo\u00e3o Ribeiro de Barros, a SP-294, munic\u00edpio de Parapu\u00e3, deixou tr\u00eas pessoas mortas na tarde deste s\u00e1bado (18). Segundo informa\u00e7\u00f5es levantadas pela reportagem do Portal Metr\u00f3pole de Not\u00edcias no local do acidente, dois ve\u00edculos com placas de Parapu\u00e3, sendo um Vectra e [&hellip;]<\/p>\n","protected":false},"author":1,"featured_media":24078,"comment_status":"closed","ping_status":"open","sticky":false,"template":"","format":"standard","meta":{"footnotes":""},"categories":[170,110],"tags":[],"class_list":["post-24077","post","type-post","status-publish","format-standard","has-post-thumbnail","hentry","category-acidentes","category-noticiasdestaque"],"_links":{"self":[{"href":"https:\/\/jorgezanoni.com.br\/2019\/wp-json\/wp\/v2\/posts\/24077","targetHints":{"allow":["GET"]}}],"collection":[{"href":"https:\/\/jorgezanoni.com.br\/2019\/wp-json\/wp\/v2\/posts"}],"about":[{"href":"https:\/\/jorgezanoni.com.br\/2019\/wp-json\/wp\/v2\/types\/post"}],"author":[{"embeddable":true,"href":"https:\/\/jorgezanoni.com.br\/2019\/wp-json\/wp\/v2\/users\/1"}],"replies":[{"embeddable":true,"href":"https:\/\/jorgezanoni.com.br\/2019\/wp-json\/wp\/v2\/comments?post=24077"}],"version-history":[{"count":0,"href":"https:\/\/jorgezanoni.com.br\/2019\/wp-json\/wp\/v2\/posts\/24077\/revisions"}],"wp:featuredmedia":[{"embeddable":true,"href":"https:\/\/jorgezanoni.com.br\/2019\/wp-json\/wp\/v2\/media\/24078"}],"wp:attachment":[{"href":"https:\/\/jorgezanoni.com.br\/2019\/wp-json\/wp\/v2\/media?parent=24077"}],"wp:term":[{"taxonomy":"category","embeddable":true,"href":"https:\/\/jorgezanoni.com.br\/2019\/wp-json\/wp\/v2\/categories?post=24077"},{"taxonomy":"post_tag","embeddable":true,"href":"https:\/\/jorgezanoni.com.br\/2019\/wp-json\/wp\/v2\/tags?post=24077"}],"curies":[{"name":"wp","href":"https:\/\/api.w.org\/{rel}","templated":true}]}}