{"id":24035,"date":"2020-04-18T19:25:26","date_gmt":"2020-04-18T19:25:26","guid":{"rendered":"https:\/\/jorgezanoni.com.br\/2019\/?p=24035"},"modified":"2020-04-18T19:25:48","modified_gmt":"2020-04-18T19:25:48","slug":"com-transmissao-ao-vivo-pelo-g1-missa-em-homenagem-a-santo-expedito-sera-celebrada-online-devido-a-quarentena","status":"publish","type":"post","link":"https:\/\/jorgezanoni.com.br\/2019\/com-transmissao-ao-vivo-pelo-g1-missa-em-homenagem-a-santo-expedito-sera-celebrada-online-devido-a-quarentena\/","title":{"rendered":"Com transmiss\u00e3o ao vivo pelo G1, missa em homenagem a Santo Expedito ser\u00e1 celebrada online devido \u00e0 quarentena"},"content":{"rendered":"<h2 class=\"content-head__subtitle\" style=\"text-align: justify;\"><strong>Programa\u00e7\u00e3o estar\u00e1 dispon\u00edvel no site a partir das 10h, neste domingo (19). Mudan\u00e7a alterou todo o planejamento da data na cidade que leva o nome do santo.<\/strong><\/h2>\n<div class=\"mc-article-body\">\n<article>\n<div class=\"wall protected-content\">\n<div class=\"mc-column content-text active-extra-styles \" data-block-type=\"unstyled\" data-block-weight=\"31\" data-block-id=\"7\">\n<div class=\"mc-column content-text active-extra-styles \" data-block-type=\"unstyled\" data-block-weight=\"65\" data-block-id=\"2\">\n<p class=\"content-text__container \" style=\"text-align: justify;\" data-track-category=\"Link no Texto\" data-track-links=\"\">No dia 19 de abril \u00e9 comemorado o Dia de Santo Expedito e a cidade que leva o nome do santo das causas justas e urgentes conta com uma programa\u00e7\u00e3o diferente neste ano, devido ao per\u00edodo de quarentena por conta da pandemia do novo coronav\u00edrus. A missa ser\u00e1 transmitida aos fi\u00e9is ao vivo pela internet, atrav\u00e9s do site do\u00a0<strong>G1 Presidente Prudente e Regi\u00e3o<\/strong>.<\/p>\n<\/div>\n<div class=\"wall protected-content\">\n<div class=\"mc-column content-text active-extra-styles \" style=\"text-align: justify;\" data-block-type=\"unstyled\" data-block-weight=\"24\" data-block-id=\"3\">\n<p class=\"content-text__container \" data-track-category=\"Link no Texto\" data-track-links=\"\">Os devotos poder\u00e3o assistir \u00e0 celebra\u00e7\u00e3o acessando a transmiss\u00e3o que estar\u00e1 dispon\u00edvel na home do\u00a0<strong>G1<\/strong>, a partir das 10h, neste domingo (19).<\/p>\n<\/div>\n<div class=\"mc-column content-text active-extra-styles \" style=\"text-align: justify;\" data-block-type=\"unstyled\" data-block-weight=\"36\" data-block-id=\"4\">\n<p class=\"content-text__container \" data-track-category=\"Link no Texto\" data-track-links=\"\">O reitor do Santu\u00e1rio Diocesano de Santo Expedito, padre Umberto La\u00e9rcio Bastos de Souza, que ir\u00e1 presidir a celebra\u00e7\u00e3o, disse ao<strong>\u00a0G1<\/strong>\u00a0que por conta da mudan\u00e7a repentina, todo o planejamento para a data foi alterado.<\/p>\n<\/div>\n<div class=\"mc-column content-text active-extra-styles \" style=\"text-align: justify;\" data-block-type=\"unstyled\" data-block-weight=\"24\" data-block-id=\"5\">\n<p class=\"content-text__container \" data-track-category=\"Link no Texto\" data-track-links=\"\">\u201cTodos compreenderam, pois sabem que nosso maior compromisso \u00e9 com a vida. N\u00e3o estaremos juntos fisicamente, mas unidos em ora\u00e7\u00e3o\u201d, ressaltou o padre.<\/p>\n<\/div>\n<div class=\"mc-column content-text active-extra-styles \" style=\"text-align: justify;\" data-block-type=\"unstyled\" data-block-weight=\"22\" data-block-id=\"6\">\n<p class=\"content-text__container \" data-track-category=\"Link no Texto\" data-track-links=\"\">Na programa\u00e7\u00e3o est\u00e1 prevista ben\u00e7\u00e3o a todos os romeiros e devotos que acompanham costumeiramente as atividades do Santu\u00e1rio de Santo Expedito.<\/p>\n<\/div>\n<div class=\"mc-column content-text active-extra-styles \" data-block-type=\"unstyled\" data-block-weight=\"31\" data-block-id=\"7\">\n<p class=\"content-text__container \" style=\"text-align: justify;\" data-track-category=\"Link no Texto\" data-track-links=\"\">A tradicional missa \u00e9 celebrada desde a funda\u00e7\u00e3o do santu\u00e1rio. Em 2000, houve aumento na quantidade de fi\u00e9is devido \u00e0 divulga\u00e7\u00e3o e populariza\u00e7\u00e3o da devo\u00e7\u00e3o na regi\u00e3o de\u00a0<a href=\"https:\/\/g1.globo.com\/sp\/presidente-prudente-regiao\/cidade\/presidente-prudente\/\">Presidente Prudente<\/a>.<\/p>\n<div class=\"mc-column content-text active-extra-styles \" style=\"text-align: justify;\" data-block-type=\"unstyled\" data-block-weight=\"43\" data-block-id=\"9\">\n<p class=\"content-text__container \" data-track-category=\"Link no Texto\" data-track-links=\"\">\u201cCerca de 50 mil pessoas, segundo informa\u00e7\u00f5es da Pol\u00edcia Militar, participaram das diversas edi\u00e7\u00f5es da festa. Muitos que vieram \u00e0 cidade nesta data comemorativa contribu\u00edram para a constru\u00e7\u00e3o do santu\u00e1rio e fomentaram o com\u00e9rcio local e vendedores ambulantes\u201d, contou o padre ao\u00a0<strong>G1<\/strong>.<\/p>\n<\/div>\n<div class=\"mc-column content-text active-extra-styles \" style=\"text-align: justify;\" data-block-type=\"unstyled\" data-block-weight=\"25\" data-block-id=\"10\">\n<p class=\"content-text__container \" data-track-category=\"Link no Texto\" data-track-links=\"\">O diretor executivo da\u00a0<strong>TV Fronteira<\/strong>, Paulo Lima, disse que como as pessoas n\u00e3o poder\u00e3o ir at\u00e9 o santu\u00e1rio, o site far\u00e1 o inverso.<\/p>\n<\/div>\n<div class=\"mc-column content-text active-extra-styles \" style=\"text-align: justify;\" data-block-type=\"unstyled\" data-block-weight=\"36\" data-block-id=\"11\">\n<p class=\"content-text__container \" data-track-category=\"Link no Texto\" data-track-links=\"\">&#8220;Vamos levar a missa at\u00e9 as pessoas, vamos retransmitir pelo\u00a0<strong>G1<\/strong>. Dar esse espa\u00e7o, essa divulga\u00e7\u00e3o, para que as pessoas possam ter a sua comunh\u00e3o, possam consagrar o dia 19 de abril a Santo Expedito&#8221;, acrescentou.<\/p>\n<\/div>\n<div class=\"mc-column content-text active-extra-styles \" data-block-type=\"unstyled\" data-block-weight=\"25\" data-block-id=\"12\">\n<p class=\"content-text__container \" style=\"text-align: justify;\" data-track-category=\"Link no Texto\" data-track-links=\"\">Baseado nas celebra\u00e7\u00f5es semanais, em que o alcance m\u00e9dio \u00e9 de oito mil pessoas, o padre Umberto espera alcan\u00e7ar 50 mil participantes na missa virtual.<\/p>\n<p style=\"text-align: justify;\" data-track-category=\"Link no Texto\" data-track-links=\"\">Fonte: G1<\/p>\n<\/div>\n<\/div>\n<\/div>\n<\/div>\n<\/div>\n<\/article>\n<\/div>\n<p>&nbsp;<\/p>\n","protected":false},"excerpt":{"rendered":"<p>Programa\u00e7\u00e3o estar\u00e1 dispon\u00edvel no site a partir das 10h, neste domingo (19). Mudan\u00e7a alterou todo o planejamento da data na cidade que leva o nome do santo. No dia 19 de abril \u00e9 comemorado o Dia de Santo Expedito e a cidade que leva o nome do santo das causas justas e urgentes conta com [&hellip;]<\/p>\n","protected":false},"author":1,"featured_media":24036,"comment_status":"closed","ping_status":"open","sticky":false,"template":"","format":"standard","meta":{"footnotes":""},"categories":[110,118],"tags":[],"class_list":["post-24035","post","type-post","status-publish","format-standard","has-post-thumbnail","hentry","category-noticiasdestaque","category-religiaoesolidariedade"],"_links":{"self":[{"href":"https:\/\/jorgezanoni.com.br\/2019\/wp-json\/wp\/v2\/posts\/24035","targetHints":{"allow":["GET"]}}],"collection":[{"href":"https:\/\/jorgezanoni.com.br\/2019\/wp-json\/wp\/v2\/posts"}],"about":[{"href":"https:\/\/jorgezanoni.com.br\/2019\/wp-json\/wp\/v2\/types\/post"}],"author":[{"embeddable":true,"href":"https:\/\/jorgezanoni.com.br\/2019\/wp-json\/wp\/v2\/users\/1"}],"replies":[{"embeddable":true,"href":"https:\/\/jorgezanoni.com.br\/2019\/wp-json\/wp\/v2\/comments?post=24035"}],"version-history":[{"count":0,"href":"https:\/\/jorgezanoni.com.br\/2019\/wp-json\/wp\/v2\/posts\/24035\/revisions"}],"wp:featuredmedia":[{"embeddable":true,"href":"https:\/\/jorgezanoni.com.br\/2019\/wp-json\/wp\/v2\/media\/24036"}],"wp:attachment":[{"href":"https:\/\/jorgezanoni.com.br\/2019\/wp-json\/wp\/v2\/media?parent=24035"}],"wp:term":[{"taxonomy":"category","embeddable":true,"href":"https:\/\/jorgezanoni.com.br\/2019\/wp-json\/wp\/v2\/categories?post=24035"},{"taxonomy":"post_tag","embeddable":true,"href":"https:\/\/jorgezanoni.com.br\/2019\/wp-json\/wp\/v2\/tags?post=24035"}],"curies":[{"name":"wp","href":"https:\/\/api.w.org\/{rel}","templated":true}]}}