{"id":24026,"date":"2020-04-18T18:31:51","date_gmt":"2020-04-18T18:31:51","guid":{"rendered":"https:\/\/jorgezanoni.com.br\/2019\/?p=24026"},"modified":"2020-04-18T18:31:51","modified_gmt":"2020-04-18T18:31:51","slug":"morador-de-rua-e-assassinado-com-chutes-na-cabeca","status":"publish","type":"post","link":"https:\/\/jorgezanoni.com.br\/2019\/morador-de-rua-e-assassinado-com-chutes-na-cabeca\/","title":{"rendered":"Morador de rua \u00e9 assassinado com chutes na cabe\u00e7a"},"content":{"rendered":"<div class=\"mc-column content-text active-extra-styles \" data-block-type=\"unstyled\" data-block-weight=\"44\" data-block-id=\"2\">\n<p class=\"content-text__container \" style=\"text-align: justify;\" data-track-category=\"Link no Texto\" data-track-links=\"\">Um morador de rua foi morto com chutes na cabe\u00e7a na madrugada deste s\u00e1bado (18) na Avenida Coronel Jos\u00e9 Soares Marcondes, na altura da Vila Euclides, em\u00a0Presidente Prudente. O suspeito de ter cometido o crime, que tamb\u00e9m \u00e9 morador de rua, foi preso.<\/p>\n<\/div>\n<div class=\"wall protected-content\">\n<div class=\"mc-column content-text active-extra-styles \" style=\"text-align: justify;\" data-block-type=\"unstyled\" data-block-weight=\"51\" data-block-id=\"3\">\n<p class=\"content-text__container \" data-track-category=\"Link no Texto\" data-track-links=\"\">De acordo com informa\u00e7\u00f5es da Pol\u00edcia Civil, a companheira do suspeito estava dormindo ao lado dos dois e relatou que eles faziam o uso de crack. Em determinado momento, os dois come\u00e7aram a discutir por uma d\u00edvida de droga no valor de R$ 100 que a v\u00edtima tinha com o suspeito.<\/p>\n<\/div>\n<div class=\"mc-column content-text active-extra-styles \" style=\"text-align: justify;\" data-block-type=\"unstyled\" data-block-weight=\"29\" data-block-id=\"4\">\n<p class=\"content-text__container \" data-track-category=\"Link no Texto\" data-track-links=\"\">Em seguida, come\u00e7ou a agress\u00e3o e a companheira do suspeito se afastou. Uma outra mulher chegou ao local e viu o suspeito chutando a cabe\u00e7a da v\u00edtima no ch\u00e3o.<\/p>\n<\/div>\n<div class=\"mc-column content-text active-extra-styles \" style=\"text-align: justify;\" data-block-type=\"unstyled\" data-block-weight=\"16\" data-block-id=\"5\">\n<p class=\"content-text__container \" data-track-category=\"Link no Texto\" data-track-links=\"\">Policiais chegaram ao local e viram a v\u00edtima no ch\u00e3o, ensanguentada e com a face desfigurada.<\/p>\n<\/div>\n<div class=\"mc-column content-text active-extra-styles \" style=\"text-align: justify;\" data-block-type=\"unstyled\" data-block-weight=\"21\" data-block-id=\"6\">\n<p class=\"content-text__container \" data-track-category=\"Link no Texto\" data-track-links=\"\">O suspeito alegou que os dois discutiram e agiu em leg\u00edtima defesa. O agressor n\u00e3o apresentava les\u00f5es, segundo a Pol\u00edcia Civil.<\/p>\n<\/div>\n<div class=\"mc-column content-text active-extra-styles \" style=\"text-align: justify;\" data-block-type=\"unstyled\" data-block-weight=\"35\" data-block-id=\"7\">\n<p class=\"content-text__container \" data-track-category=\"Link no Texto\" data-track-links=\"\">A v\u00edtima foi socorrida pelo Corpo de Bombeiros e encaminhada para a Santa Casa de Presidente Prudente. De acordo com informa\u00e7\u00f5es do hospital, o homem chegou na unidade de sa\u00fade em parada card\u00edaca e morreu.<\/p>\n<\/div>\n<div class=\"mc-column content-text active-extra-styles \" data-block-type=\"unstyled\" data-block-weight=\"22\" data-block-id=\"8\">\n<p class=\"content-text__container \" style=\"text-align: justify;\" data-track-category=\"Link no Texto\" data-track-links=\"\">O suspeito, de 25 anos, foi preso em flagrante por homic\u00eddio qualificado por motivo f\u00fatil, ainda de acordo com a Pol\u00edcia Civil.<\/p>\n<p data-track-category=\"Link no Texto\" data-track-links=\"\">Fonte: G1<\/p>\n<\/div>\n<\/div>\n","protected":false},"excerpt":{"rendered":"<p>Um morador de rua foi morto com chutes na cabe\u00e7a na madrugada deste s\u00e1bado (18) na Avenida Coronel Jos\u00e9 Soares Marcondes, na altura da Vila Euclides, em\u00a0Presidente Prudente. O suspeito de ter cometido o crime, que tamb\u00e9m \u00e9 morador de rua, foi preso. De acordo com informa\u00e7\u00f5es da Pol\u00edcia Civil, a companheira do suspeito estava [&hellip;]<\/p>\n","protected":false},"author":1,"featured_media":24027,"comment_status":"closed","ping_status":"open","sticky":false,"template":"","format":"standard","meta":{"footnotes":""},"categories":[110,2],"tags":[],"class_list":["post-24026","post","type-post","status-publish","format-standard","has-post-thumbnail","hentry","category-noticiasdestaque","category-policial"],"_links":{"self":[{"href":"https:\/\/jorgezanoni.com.br\/2019\/wp-json\/wp\/v2\/posts\/24026","targetHints":{"allow":["GET"]}}],"collection":[{"href":"https:\/\/jorgezanoni.com.br\/2019\/wp-json\/wp\/v2\/posts"}],"about":[{"href":"https:\/\/jorgezanoni.com.br\/2019\/wp-json\/wp\/v2\/types\/post"}],"author":[{"embeddable":true,"href":"https:\/\/jorgezanoni.com.br\/2019\/wp-json\/wp\/v2\/users\/1"}],"replies":[{"embeddable":true,"href":"https:\/\/jorgezanoni.com.br\/2019\/wp-json\/wp\/v2\/comments?post=24026"}],"version-history":[{"count":0,"href":"https:\/\/jorgezanoni.com.br\/2019\/wp-json\/wp\/v2\/posts\/24026\/revisions"}],"wp:featuredmedia":[{"embeddable":true,"href":"https:\/\/jorgezanoni.com.br\/2019\/wp-json\/wp\/v2\/media\/24027"}],"wp:attachment":[{"href":"https:\/\/jorgezanoni.com.br\/2019\/wp-json\/wp\/v2\/media?parent=24026"}],"wp:term":[{"taxonomy":"category","embeddable":true,"href":"https:\/\/jorgezanoni.com.br\/2019\/wp-json\/wp\/v2\/categories?post=24026"},{"taxonomy":"post_tag","embeddable":true,"href":"https:\/\/jorgezanoni.com.br\/2019\/wp-json\/wp\/v2\/tags?post=24026"}],"curies":[{"name":"wp","href":"https:\/\/api.w.org\/{rel}","templated":true}]}}