{"id":24023,"date":"2020-04-18T18:20:38","date_gmt":"2020-04-18T18:20:38","guid":{"rendered":"https:\/\/jorgezanoni.com.br\/2019\/?p=24023"},"modified":"2020-04-18T18:20:38","modified_gmt":"2020-04-18T18:20:38","slug":"homem-e-golpeado-com-faca-em-florida-paulista-e-policia-civil-investiga-o-caso","status":"publish","type":"post","link":"https:\/\/jorgezanoni.com.br\/2019\/homem-e-golpeado-com-faca-em-florida-paulista-e-policia-civil-investiga-o-caso\/","title":{"rendered":"Homem \u00e9 golpeado com faca em Fl\u00f3rida Paulista e Pol\u00edcia Civil investiga o caso"},"content":{"rendered":"<p style=\"text-align: justify;\">A Pol\u00edcia Civil de Fl\u00f3rida Paulista est\u00e1 trabalhando em um caso em que um homem foi golpeado com faca na noite desta sexta-feira (17).<\/p>\n<p>O crime ocorreu no Jardim Bela Vista, onde por motivos a serem esclarecidos, a v\u00edtima foi atingida por uma pessoa com golpe de faca.<\/p>\n<p>O Resgate do Corpo de Bombeiros de Adamantina chegou a ser acionado e conduziu o homem ferido para a Santa Casa de Miseric\u00f3rdia onde o mesmo foi atendido pela equipe m\u00e9dica.<\/p>\n<p>Informa\u00e7\u00f5es extraoficiais d\u00e3o conta de que o autor n\u00e3o teria sido preso.<\/p>\n<p>A investiga\u00e7\u00e3o da Pol\u00edcia Civil vai apurar o que teria motivado a agress\u00e3o com o uso da arma branca.<\/p>\n<p style=\"text-align: justify;\">Fonte: Folha Regional<\/p>\n","protected":false},"excerpt":{"rendered":"<p>A Pol\u00edcia Civil de Fl\u00f3rida Paulista est\u00e1 trabalhando em um caso em que um homem foi golpeado com faca na noite desta sexta-feira (17). O crime ocorreu no Jardim Bela Vista, onde por motivos a serem esclarecidos, a v\u00edtima foi atingida por uma pessoa com golpe de faca. O Resgate do Corpo de Bombeiros de [&hellip;]<\/p>\n","protected":false},"author":1,"featured_media":24024,"comment_status":"closed","ping_status":"open","sticky":false,"template":"","format":"standard","meta":{"footnotes":""},"categories":[110,2],"tags":[],"class_list":["post-24023","post","type-post","status-publish","format-standard","has-post-thumbnail","hentry","category-noticiasdestaque","category-policial"],"_links":{"self":[{"href":"https:\/\/jorgezanoni.com.br\/2019\/wp-json\/wp\/v2\/posts\/24023","targetHints":{"allow":["GET"]}}],"collection":[{"href":"https:\/\/jorgezanoni.com.br\/2019\/wp-json\/wp\/v2\/posts"}],"about":[{"href":"https:\/\/jorgezanoni.com.br\/2019\/wp-json\/wp\/v2\/types\/post"}],"author":[{"embeddable":true,"href":"https:\/\/jorgezanoni.com.br\/2019\/wp-json\/wp\/v2\/users\/1"}],"replies":[{"embeddable":true,"href":"https:\/\/jorgezanoni.com.br\/2019\/wp-json\/wp\/v2\/comments?post=24023"}],"version-history":[{"count":0,"href":"https:\/\/jorgezanoni.com.br\/2019\/wp-json\/wp\/v2\/posts\/24023\/revisions"}],"wp:featuredmedia":[{"embeddable":true,"href":"https:\/\/jorgezanoni.com.br\/2019\/wp-json\/wp\/v2\/media\/24024"}],"wp:attachment":[{"href":"https:\/\/jorgezanoni.com.br\/2019\/wp-json\/wp\/v2\/media?parent=24023"}],"wp:term":[{"taxonomy":"category","embeddable":true,"href":"https:\/\/jorgezanoni.com.br\/2019\/wp-json\/wp\/v2\/categories?post=24023"},{"taxonomy":"post_tag","embeddable":true,"href":"https:\/\/jorgezanoni.com.br\/2019\/wp-json\/wp\/v2\/tags?post=24023"}],"curies":[{"name":"wp","href":"https:\/\/api.w.org\/{rel}","templated":true}]}}