{"id":24018,"date":"2020-04-18T18:04:06","date_gmt":"2020-04-18T18:04:06","guid":{"rendered":"https:\/\/jorgezanoni.com.br\/2019\/?p=24018"},"modified":"2020-04-18T18:59:08","modified_gmt":"2020-04-18T18:59:08","slug":"morre-o-senhor-osvaldo-ramos-de-almeida-antigo-comerciante-de-dracena","status":"publish","type":"post","link":"https:\/\/jorgezanoni.com.br\/2019\/morre-o-senhor-osvaldo-ramos-de-almeida-antigo-comerciante-de-dracena\/","title":{"rendered":"Morre o senhor Osvaldo Ramos de Almeida, antigo comerciante de Dracena"},"content":{"rendered":"<p style=\"text-align: justify;\">Faleceu o senhor Osvaldo Ramos de Almeida. Era antigo comerciante na cidade de Dracena, propriet\u00e1rio da Almeida Tintas.<\/p>\n<p style=\"text-align: justify;\">Deixa a esposa senhora Regina, filhos Luiz Augusto e Marco Aur\u00e9lio, noras e netos.<\/p>\n<p style=\"text-align: justify;\">Era integrante do Lions Clube de Dracena tendo sido seu presidente na gest\u00e3o 1980\/81. Tamb\u00e9m presidiu a Associa\u00e7\u00e3o Comercial de Dracena.<\/p>\n<p style=\"text-align: justify;\">O vel\u00f3rio ser\u00e1 realizado na sede do Lions Clube a partir das 19 horas at\u00e9 a meia-noite. Depois prosseguir\u00e1 na manh\u00e3 do domingo (19), com sepultamento \u00e0s 13 horas no Cemit\u00e9rio de Dracena.<\/p>\n<p style=\"text-align: justify;\">O Site JZ se solidariza com a fam\u00edlia e a grane legi\u00e3o de amigos do sr. Osvaldo, neste momento dif\u00edcil.<\/p>\n<p style=\"text-align: justify;\">Jorge Zanoni<\/p>\n<p style=\"text-align: justify;\"><img loading=\"lazy\" decoding=\"async\" class=\"alignnone size-full wp-image-24020\" src=\"https:\/\/jorgezanoni.com.br\/2019\/wp-content\/uploads\/2020\/04\/Osvaldo-1-1.jpg\" alt=\"\" width=\"632\" height=\"400\" srcset=\"https:\/\/jorgezanoni.com.br\/2019\/wp-content\/uploads\/2020\/04\/Osvaldo-1-1.jpg 632w, https:\/\/jorgezanoni.com.br\/2019\/wp-content\/uploads\/2020\/04\/Osvaldo-1-1-300x190.jpg 300w\" sizes=\"auto, (max-width: 632px) 100vw, 632px\" \/> <img loading=\"lazy\" decoding=\"async\" class=\"alignnone size-full wp-image-24021\" src=\"https:\/\/jorgezanoni.com.br\/2019\/wp-content\/uploads\/2020\/04\/Osvaldo-2.jpg\" alt=\"\" width=\"489\" height=\"400\" srcset=\"https:\/\/jorgezanoni.com.br\/2019\/wp-content\/uploads\/2020\/04\/Osvaldo-2.jpg 489w, https:\/\/jorgezanoni.com.br\/2019\/wp-content\/uploads\/2020\/04\/Osvaldo-2-300x245.jpg 300w\" sizes=\"auto, (max-width: 489px) 100vw, 489px\" \/><\/p>\n<p>Fotos: Bastidores da Not\u00edcia<\/p>\n<p>&nbsp;<\/p>\n","protected":false},"excerpt":{"rendered":"<p>Faleceu o senhor Osvaldo Ramos de Almeida. Era antigo comerciante na cidade de Dracena, propriet\u00e1rio da Almeida Tintas. Deixa a esposa senhora Regina, filhos Luiz Augusto e Marco Aur\u00e9lio, noras e netos. Era integrante do Lions Clube de Dracena tendo sido seu presidente na gest\u00e3o 1980\/81. Tamb\u00e9m presidiu a Associa\u00e7\u00e3o Comercial de Dracena. O vel\u00f3rio [&hellip;]<\/p>\n","protected":false},"author":1,"featured_media":24019,"comment_status":"closed","ping_status":"open","sticky":false,"template":"","format":"standard","meta":{"footnotes":""},"categories":[178,110],"tags":[],"class_list":["post-24018","post","type-post","status-publish","format-standard","has-post-thumbnail","hentry","category-notadefalecimento","category-noticiasdestaque"],"_links":{"self":[{"href":"https:\/\/jorgezanoni.com.br\/2019\/wp-json\/wp\/v2\/posts\/24018","targetHints":{"allow":["GET"]}}],"collection":[{"href":"https:\/\/jorgezanoni.com.br\/2019\/wp-json\/wp\/v2\/posts"}],"about":[{"href":"https:\/\/jorgezanoni.com.br\/2019\/wp-json\/wp\/v2\/types\/post"}],"author":[{"embeddable":true,"href":"https:\/\/jorgezanoni.com.br\/2019\/wp-json\/wp\/v2\/users\/1"}],"replies":[{"embeddable":true,"href":"https:\/\/jorgezanoni.com.br\/2019\/wp-json\/wp\/v2\/comments?post=24018"}],"version-history":[{"count":0,"href":"https:\/\/jorgezanoni.com.br\/2019\/wp-json\/wp\/v2\/posts\/24018\/revisions"}],"wp:featuredmedia":[{"embeddable":true,"href":"https:\/\/jorgezanoni.com.br\/2019\/wp-json\/wp\/v2\/media\/24019"}],"wp:attachment":[{"href":"https:\/\/jorgezanoni.com.br\/2019\/wp-json\/wp\/v2\/media?parent=24018"}],"wp:term":[{"taxonomy":"category","embeddable":true,"href":"https:\/\/jorgezanoni.com.br\/2019\/wp-json\/wp\/v2\/categories?post=24018"},{"taxonomy":"post_tag","embeddable":true,"href":"https:\/\/jorgezanoni.com.br\/2019\/wp-json\/wp\/v2\/tags?post=24018"}],"curies":[{"name":"wp","href":"https:\/\/api.w.org\/{rel}","templated":true}]}}