{"id":24012,"date":"2020-04-18T15:15:12","date_gmt":"2020-04-18T15:15:12","guid":{"rendered":"https:\/\/jorgezanoni.com.br\/2019\/?p=24012"},"modified":"2020-04-18T15:15:12","modified_gmt":"2020-04-18T15:15:12","slug":"prefeito-de-dracena-juliano-brito-bertolini-segue-internado-na-santa-casa-de-dracena","status":"publish","type":"post","link":"https:\/\/jorgezanoni.com.br\/2019\/prefeito-de-dracena-juliano-brito-bertolini-segue-internado-na-santa-casa-de-dracena\/","title":{"rendered":"Prefeito de Dracena, Juliano Brito Bertolini, segue internado na Santa Casa de Dracena"},"content":{"rendered":"<p style=\"text-align: justify;\">NOTA OFICIAL<\/p>\n<p>O Prefeito de Dracena, Juliano Brito Bertolini, segue internado na Santa Casa de Dracena.<\/p>\n<div class=\"text_exposed_show\">\n<p style=\"text-align: justify;\">Ontem a noite, por decis\u00e3o m\u00e9dica, o Prefeito foi transferido para UTI onde encontra-se em observa\u00e7\u00e3o.<\/p>\n<p style=\"text-align: justify;\">Juliano est\u00e1 bem e os m\u00e9dicos consideram o quadro estabilizado.<\/p>\n<p style=\"text-align: justify;\">Ele seguir\u00e1 assistido pelos m\u00e9dicos enquanto for necess\u00e1rio e aguarda o resultados de alguns exames.<\/p>\n<p style=\"text-align: justify;\">A Prefeitura de Dracena, em nome de seus servidores municipais, estima melhoras e o pronto restabelecimento de sua sa\u00fade para breve retorno \u00e0s atividades frente ao executivo.<\/p>\n<p style=\"text-align: justify;\">Segue o Boletim M\u00e9dico Oficial:<\/p>\n<p style=\"text-align: justify;\">&#8220;O Prefeito de Dracena, Juliano Brito Bertolini, deu entrada na unidade de interna\u00e7\u00e3o da Santa Casa de Dracena na quarta-feira com um quadro viral que ontem (17) foi confirmado como sendo Dengue.<\/p>\n<p style=\"text-align: justify;\">Por volta de 19h de ontem (17), Juliano apresentou hipotens\u00e3o importante, e, seguindo o protocolo do Minist\u00e9rio da Sa\u00fade, foi levado at\u00e9 a Unidade de Terapia Intensiva &#8211; UTI.<\/p>\n<p style=\"text-align: justify;\">Hoje (18) pela manh\u00e3, novos exames mostraram uma boa resposta a terap\u00eautica aplicada com melhora do quadro.<\/p>\n<p style=\"text-align: justify;\">No momento o quadro \u00e9 est\u00e1vel e o Sr. Juliano seguir\u00e1 em observa\u00e7\u00e3o.&#8221;<\/p>\n<p style=\"text-align: justify;\">Assina a Dra. Aline Damasceno, m\u00e9dica respons\u00e1vel.<\/p>\n<p>Fonte: Diretoria de Comunica\u00e7\u00e3o<\/p>\n<\/div>\n","protected":false},"excerpt":{"rendered":"<p>NOTA OFICIAL O Prefeito de Dracena, Juliano Brito Bertolini, segue internado na Santa Casa de Dracena. Ontem a noite, por decis\u00e3o m\u00e9dica, o Prefeito foi transferido para UTI onde encontra-se em observa\u00e7\u00e3o. Juliano est\u00e1 bem e os m\u00e9dicos consideram o quadro estabilizado. Ele seguir\u00e1 assistido pelos m\u00e9dicos enquanto for necess\u00e1rio e aguarda o resultados de [&hellip;]<\/p>\n","protected":false},"author":1,"featured_media":24013,"comment_status":"closed","ping_status":"open","sticky":false,"template":"","format":"standard","meta":{"footnotes":""},"categories":[179,184,110,116],"tags":[],"class_list":["post-24012","post","type-post","status-publish","format-standard","has-post-thumbnail","hentry","category-cidadeseregiao","category-dracena","category-noticiasdestaque","category-politicaeeconomia"],"_links":{"self":[{"href":"https:\/\/jorgezanoni.com.br\/2019\/wp-json\/wp\/v2\/posts\/24012","targetHints":{"allow":["GET"]}}],"collection":[{"href":"https:\/\/jorgezanoni.com.br\/2019\/wp-json\/wp\/v2\/posts"}],"about":[{"href":"https:\/\/jorgezanoni.com.br\/2019\/wp-json\/wp\/v2\/types\/post"}],"author":[{"embeddable":true,"href":"https:\/\/jorgezanoni.com.br\/2019\/wp-json\/wp\/v2\/users\/1"}],"replies":[{"embeddable":true,"href":"https:\/\/jorgezanoni.com.br\/2019\/wp-json\/wp\/v2\/comments?post=24012"}],"version-history":[{"count":0,"href":"https:\/\/jorgezanoni.com.br\/2019\/wp-json\/wp\/v2\/posts\/24012\/revisions"}],"wp:featuredmedia":[{"embeddable":true,"href":"https:\/\/jorgezanoni.com.br\/2019\/wp-json\/wp\/v2\/media\/24013"}],"wp:attachment":[{"href":"https:\/\/jorgezanoni.com.br\/2019\/wp-json\/wp\/v2\/media?parent=24012"}],"wp:term":[{"taxonomy":"category","embeddable":true,"href":"https:\/\/jorgezanoni.com.br\/2019\/wp-json\/wp\/v2\/categories?post=24012"},{"taxonomy":"post_tag","embeddable":true,"href":"https:\/\/jorgezanoni.com.br\/2019\/wp-json\/wp\/v2\/tags?post=24012"}],"curies":[{"name":"wp","href":"https:\/\/api.w.org\/{rel}","templated":true}]}}