{"id":23989,"date":"2020-04-18T02:47:24","date_gmt":"2020-04-18T02:47:24","guid":{"rendered":"https:\/\/jorgezanoni.com.br\/2019\/?p=23989"},"modified":"2020-04-18T02:47:24","modified_gmt":"2020-04-18T02:47:24","slug":"casos-de-dengue-em-dracena-culpa-da-administracao-ou-da-populacao","status":"publish","type":"post","link":"https:\/\/jorgezanoni.com.br\/2019\/casos-de-dengue-em-dracena-culpa-da-administracao-ou-da-populacao\/","title":{"rendered":"Casos de Dengue em Dracena. Culpa da administra\u00e7\u00e3o ou da popula\u00e7\u00e3o?"},"content":{"rendered":"<p style=\"text-align: justify;\"><strong>O Site JZ sempre esteve aberto a opini\u00f5es sinceras e que n\u00e3o causa ofensas, dessa vez uma pessoa ligada a \u00e1rea da sa\u00fade fez um coment\u00e1rio que achamos interessante e publicamos na \u00edntegra.<\/strong><\/p>\n<p style=\"text-align: justify;\">&#8220;Eu tenho a minha opini\u00e3o sobre isso. A dengue \u00e9 culpa da popula\u00e7\u00e3o n\u00e3o do governo. A falta de educa\u00e7\u00e3o, falta de higiene e falta de respeito \u00e9 tudo o que temos observado nessa quarentena. Tem sido feito arrast\u00e3o nos bairros e \u00e9 absurdo a quantidade de lixo que tem sido tirado das casas. Por mais que se fa\u00e7a limpeza nas ruas, a responsabilidade de cuidar do interior das suas casas \u00e9 do morador. O veneno \u00e9 quantidade limitada \u00e9 extremamente toxico para o meio ambiente. A cidade conta com sala de hidrata\u00e7\u00e3o exclusiva para dengue na Policl\u00ednica. Os exames saem em 5 horas com reavalia\u00e7\u00e3o no mesmo dia. N\u00e3o podemos comparar cidades com n\u00famero de mun\u00edcipes inferior ao nosso. Acho que est\u00e1 faltando multas, mas o Covid n\u00e3o tem nos deixado trabalhar melhor nisso&#8221;.<\/p>\n<p style=\"text-align: justify;\">Agradecemos a colabora\u00e7\u00e3o, e colocamos aos Internautas que tenham opini\u00f5es que possam vir a acrescentar conhecimentos, que fa\u00e7am uso do espa\u00e7o, o Site JZ est\u00e1 aberto a todas as pessoas de bom censo.<\/p>\n<p>Jorge Zanoni<\/p>\n","protected":false},"excerpt":{"rendered":"<p>O Site JZ sempre esteve aberto a opini\u00f5es sinceras e que n\u00e3o causa ofensas, dessa vez uma pessoa ligada a \u00e1rea da sa\u00fade fez um coment\u00e1rio que achamos interessante e publicamos na \u00edntegra. &#8220;Eu tenho a minha opini\u00e3o sobre isso. A dengue \u00e9 culpa da popula\u00e7\u00e3o n\u00e3o do governo. A falta de educa\u00e7\u00e3o, falta de [&hellip;]<\/p>\n","protected":false},"author":1,"featured_media":23969,"comment_status":"closed","ping_status":"open","sticky":false,"template":"","format":"standard","meta":{"footnotes":""},"categories":[179,184,110,122],"tags":[],"class_list":["post-23989","post","type-post","status-publish","format-standard","has-post-thumbnail","hentry","category-cidadeseregiao","category-dracena","category-noticiasdestaque","category-saudeeducacaoeconcurso"],"_links":{"self":[{"href":"https:\/\/jorgezanoni.com.br\/2019\/wp-json\/wp\/v2\/posts\/23989","targetHints":{"allow":["GET"]}}],"collection":[{"href":"https:\/\/jorgezanoni.com.br\/2019\/wp-json\/wp\/v2\/posts"}],"about":[{"href":"https:\/\/jorgezanoni.com.br\/2019\/wp-json\/wp\/v2\/types\/post"}],"author":[{"embeddable":true,"href":"https:\/\/jorgezanoni.com.br\/2019\/wp-json\/wp\/v2\/users\/1"}],"replies":[{"embeddable":true,"href":"https:\/\/jorgezanoni.com.br\/2019\/wp-json\/wp\/v2\/comments?post=23989"}],"version-history":[{"count":0,"href":"https:\/\/jorgezanoni.com.br\/2019\/wp-json\/wp\/v2\/posts\/23989\/revisions"}],"wp:featuredmedia":[{"embeddable":true,"href":"https:\/\/jorgezanoni.com.br\/2019\/wp-json\/wp\/v2\/media\/23969"}],"wp:attachment":[{"href":"https:\/\/jorgezanoni.com.br\/2019\/wp-json\/wp\/v2\/media?parent=23989"}],"wp:term":[{"taxonomy":"category","embeddable":true,"href":"https:\/\/jorgezanoni.com.br\/2019\/wp-json\/wp\/v2\/categories?post=23989"},{"taxonomy":"post_tag","embeddable":true,"href":"https:\/\/jorgezanoni.com.br\/2019\/wp-json\/wp\/v2\/tags?post=23989"}],"curies":[{"name":"wp","href":"https:\/\/api.w.org\/{rel}","templated":true}]}}