{"id":23979,"date":"2020-04-17T21:57:42","date_gmt":"2020-04-17T21:57:42","guid":{"rendered":"https:\/\/jorgezanoni.com.br\/2019\/?p=23979"},"modified":"2020-04-17T21:57:42","modified_gmt":"2020-04-17T21:57:42","slug":"brasil-tem-2-141-mortes-e-33-682-casos-de-coronavirus-diz-ministerio","status":"publish","type":"post","link":"https:\/\/jorgezanoni.com.br\/2019\/brasil-tem-2-141-mortes-e-33-682-casos-de-coronavirus-diz-ministerio\/","title":{"rendered":"Brasil tem 2.141 mortes e 33.682 casos de coronav\u00edrus, diz minist\u00e9rio"},"content":{"rendered":"<h2 class=\"content-head__subtitle\" style=\"text-align: justify;\"><strong>Foram 217 mortes a mais em compara\u00e7\u00e3o com a quinta (16). Um m\u00eas ap\u00f3s a primeira morte confirmada, n\u00famero total de v\u00edtimas passa de 2 mil.<\/strong><\/h2>\n<div class=\"mc-column content-text active-extra-styles \" data-block-type=\"unstyled\" data-block-weight=\"22\" data-block-id=\"2\">\n<p class=\"content-text__container \" style=\"text-align: justify;\" data-track-category=\"Link no Texto\" data-track-links=\"\">O\u00a0<a href=\"https:\/\/g1.globo.com\/tudo-sobre\/ministerio-da-saude\/\">Minist\u00e9rio da Sa\u00fade<\/a>\u00a0divulgou nesta sexta-feira (17) o mais recente balan\u00e7o dos casos de coronav\u00edrus no Brasil. Os principais dados s\u00e3o:<\/p>\n<\/div>\n<div class=\"wall protected-content\">\n<div class=\"mc-column content-text active-extra-styles\" data-block-type=\"raw\" data-block-weight=\"55\" data-block-id=\"3\">\n<ul class=\"content-unordered-list\" style=\"text-align: justify;\">\n<li><strong>2.141 mortes,<\/strong>\u00a0na quinta eram 1.924,\u00a0<strong>aumento de 11,2%<\/strong><\/li>\n<li><strong>33.682 casos confirmados,\u00a0<\/strong>eram 30.425,\u00a0<strong>aumento de 10,7%<\/strong><\/li>\n<li><strong>Em 7 dias<\/strong>, foram mais 1024 mortes confirmadas,<strong>\u00a0aumento de 90,4%<\/strong><\/li>\n<li>Total de\u00a0<strong>2 mil mortes \u00e9 verificado um m\u00eas depois\u00a0<\/strong>de a 1\u00aa morte ser confirmada no Brasil<\/li>\n<li>S\u00e3o Paulo tem 928 mortes e 12.841 casos confirmados<\/li>\n<\/ul>\n<p style=\"text-align: justify;\">Fonte: https:\/\/g1.globo.com\/bemestar\/coronavirus\/noticia\/2020\/04\/17\/brasil-tem-2141-mortes-e-33682-casos-de-coronavirus-diz-ministerio.ghtml<\/p>\n<\/div>\n<\/div>\n","protected":false},"excerpt":{"rendered":"<p>Foram 217 mortes a mais em compara\u00e7\u00e3o com a quinta (16). Um m\u00eas ap\u00f3s a primeira morte confirmada, n\u00famero total de v\u00edtimas passa de 2 mil. O\u00a0Minist\u00e9rio da Sa\u00fade\u00a0divulgou nesta sexta-feira (17) o mais recente balan\u00e7o dos casos de coronav\u00edrus no Brasil. Os principais dados s\u00e3o: 2.141 mortes,\u00a0na quinta eram 1.924,\u00a0aumento de 11,2% 33.682 casos [&hellip;]<\/p>\n","protected":false},"author":1,"featured_media":23980,"comment_status":"closed","ping_status":"open","sticky":false,"template":"","format":"standard","meta":{"footnotes":""},"categories":[110,122],"tags":[],"class_list":["post-23979","post","type-post","status-publish","format-standard","has-post-thumbnail","hentry","category-noticiasdestaque","category-saudeeducacaoeconcurso"],"_links":{"self":[{"href":"https:\/\/jorgezanoni.com.br\/2019\/wp-json\/wp\/v2\/posts\/23979","targetHints":{"allow":["GET"]}}],"collection":[{"href":"https:\/\/jorgezanoni.com.br\/2019\/wp-json\/wp\/v2\/posts"}],"about":[{"href":"https:\/\/jorgezanoni.com.br\/2019\/wp-json\/wp\/v2\/types\/post"}],"author":[{"embeddable":true,"href":"https:\/\/jorgezanoni.com.br\/2019\/wp-json\/wp\/v2\/users\/1"}],"replies":[{"embeddable":true,"href":"https:\/\/jorgezanoni.com.br\/2019\/wp-json\/wp\/v2\/comments?post=23979"}],"version-history":[{"count":0,"href":"https:\/\/jorgezanoni.com.br\/2019\/wp-json\/wp\/v2\/posts\/23979\/revisions"}],"wp:featuredmedia":[{"embeddable":true,"href":"https:\/\/jorgezanoni.com.br\/2019\/wp-json\/wp\/v2\/media\/23980"}],"wp:attachment":[{"href":"https:\/\/jorgezanoni.com.br\/2019\/wp-json\/wp\/v2\/media?parent=23979"}],"wp:term":[{"taxonomy":"category","embeddable":true,"href":"https:\/\/jorgezanoni.com.br\/2019\/wp-json\/wp\/v2\/categories?post=23979"},{"taxonomy":"post_tag","embeddable":true,"href":"https:\/\/jorgezanoni.com.br\/2019\/wp-json\/wp\/v2\/tags?post=23979"}],"curies":[{"name":"wp","href":"https:\/\/api.w.org\/{rel}","templated":true}]}}