{"id":23971,"date":"2020-04-17T19:14:10","date_gmt":"2020-04-17T19:14:10","guid":{"rendered":"https:\/\/jorgezanoni.com.br\/2019\/?p=23971"},"modified":"2020-04-17T19:14:33","modified_gmt":"2020-04-17T19:14:33","slug":"confira-o-plantao-policial-da-ultimas-horas-17-04-20","status":"publish","type":"post","link":"https:\/\/jorgezanoni.com.br\/2019\/confira-o-plantao-policial-da-ultimas-horas-17-04-20\/","title":{"rendered":"Confira o Plant\u00e3o Policial da \u00faltimas horas 17\/04\/20"},"content":{"rendered":"<p style=\"text-align: justify;\"><strong>EM ADAMANTINA, POL\u00cdCIA MILITAR PRENDE HOMEM POR LES\u00c3O CORPORAL E AMEA\u00c7A CONTRA MULHER.<\/strong><\/p>\n<p style=\"text-align: justify;\">Les\u00e3o Corporal e Amea\u00e7a- Flagrante.<\/p>\n<p style=\"text-align: justify;\">Data: 16ABR20 \u00e0s 21h54min.<\/p>\n<p style=\"text-align: justify;\">Local: Rua Joaquim Luiz Vian- Centro- Adamantina\/SP.<\/p>\n<p style=\"text-align: justify;\">Indiciado: homem de 36 anos.<\/p>\n<p style=\"text-align: justify;\">V\u00edtima: mulher de 42 anos.<\/p>\n<p style=\"text-align: justify;\">No dia 16 por volta das 21h54min por solicita\u00e7\u00e3o via 190a diretamente no Pronto Socorro da cidade de Adamantina a equipe da Pol\u00edcia Militar, em que a v\u00edtima de 42 anos relatou que seu am\u00e1sio veio a jog\u00e1-la do ve\u00edculo em movimento vindo a cair no solo asf\u00e1ltico causando les\u00e3o em sua cabe\u00e7a, permanecendo em observa\u00e7\u00e3o. Diante dos fatos foi dado voz de pris\u00e3o em flagrante ao indiciado (36 anos) que permaneceu \u00e0 disposi\u00e7\u00e3o da Justi\u00e7a.<\/p>\n<p style=\"text-align: justify;\"><strong>EM DRACENA: POLICIAIS MILITARES CUMPREM MANDADO DE PRIS\u00c3O CONTRA MULHER DE 60 ANOS CONDENADA PELA JUSTI\u00c7A.<\/strong><\/p>\n<p style=\"text-align: justify;\">Condenado Capturado.<\/p>\n<p style=\"text-align: justify;\">Data: 16ABR20 \u00e0s 15h10min.<\/p>\n<p style=\"text-align: justify;\">Local: Rua Narciso Cardoso Gesteiro\u2013 Centro &#8211; Dracena\/SP.<\/p>\n<p style=\"text-align: justify;\">Autora: Mulher de\u00a0 60 anos.<\/p>\n<p style=\"text-align: justify;\">Na data de ontem (16) a Pol\u00edcia Militar recebeu informa\u00e7\u00f5es que a autora de 60 anos, teria um mandado de pris\u00e3o do F\u00f3rum de Dracena em aberto, sendo abordada na pr\u00f3pria resid\u00eancia e ficando \u00e0 disposi\u00e7\u00e3o da Justi\u00e7a.<\/p>\n<p style=\"text-align: justify;\"><strong>EM OSVALDO CRUZ: POLICIAIS MILITARES,EM MENOS DE 24 HORAS, ESCLARECEM ROUBO A RESTAURANTE<\/strong><\/p>\n<p style=\"text-align: justify;\">Esclarecimento de roubo<\/p>\n<p style=\"text-align: justify;\">Data: 16ABR20 \u00e0s 14h48min.<\/p>\n<p style=\"text-align: justify;\">Local: Rua Rodolfo Zaros\u2013 Centro &#8211; Osvaldo Cruz\/SP.<\/p>\n<p style=\"text-align: justify;\">Indiciado 01: homem 19 anos.<\/p>\n<p style=\"text-align: justify;\">Sindicado 02: homem 15 anos<\/p>\n<p style=\"text-align: justify;\">Sindicado 03: homem de 15 anos<\/p>\n<p style=\"text-align: justify;\">Na data de ontem(16) por volta das 14h48min a Pol\u00edcia Militar na cidade de Osvaldo Cruz recebeu den\u00fancia, sobre o roubo no estabelecimento comercial em data anterior, informando que os indiv\u00edduos sendo 02 de adolescentes de 15 anos e outro de 19 anos seriam os autores. Diante das caracter\u00edsticas e v\u00eddeos do sistema de monitoramento do roubo, os autores foram localizados e em abordagens em locais diversos, o homem de 19 anos vestia roupas iguais ao v\u00eddeo de monitoramento no momento da a\u00e7\u00e3o criminosa. J\u00e1 nas demais abordagens domiciliares onde um dos adolescentes confessou o crime foi localizado um t\u00eanis que teria sido usado na noite anterior e do outro foi localizado no quarto uma blusa de moletom com gorro vermelha e uma bermuda vermelha, segundo a genitora do adolescente ele teria utilizado as vestes na noite anterior. Diante dos fatos foram apreendidos os objetos (roupas), pois os produtos do roubo n\u00e3o foram localizados e indiv\u00edduos ouvidos e liberados.<\/p>\n<p style=\"text-align: justify;\"><strong>EM A\u00c7\u00c3O R\u00c1PIDA CONTRA O CRIME, A POL\u00cdCIA MILITAR EM OSVALDO CRUZ FRUSTA ROUBO E LEVA PARA A PRIS\u00c3O UM HOMEM.<\/strong><\/p>\n<p style=\"text-align: justify;\">Tentativa de roubo &#8211; Flagrante.<\/p>\n<p style=\"text-align: justify;\">Data: 16ABR20 \u00e0s 16h00min.<\/p>\n<p style=\"text-align: justify;\">Local: Rua Manoel dos Santos\u2013 Osvaldo Cruz\/SP.<\/p>\n<p style=\"text-align: justify;\">Indiciado: homem de 24 anos.<\/p>\n<p style=\"text-align: justify;\">V\u00edtima: mulher 27 de anos.<\/p>\n<p style=\"text-align: justify;\">Na data de ontem (16) por volta das 16h00min uma equipe da Pol\u00edcia Militar na cidade de Osvaldo Cruz foiacionada via 190 informando que um indiv\u00edduo estava tentando entrar em uma resid\u00eancia for\u00e7ando o port\u00e3o, amea\u00e7ando e exigindo dinheiro da v\u00edtima de 27 anos. Rapidamente a Pol\u00edcia Militar chegou no local e ent\u00e3o avistouo indiv\u00edduo de 24 anos na cal\u00e7ada, tentando for\u00e7ar o port\u00e3o da resid\u00eancia, enquanto no interior do quintal a v\u00edtima tentava impedir a entrada dele. Foi dado voz de pris\u00e3o em flagrante por roubo, artigo 157, &#8220;caput&#8221; c\/c artigo 14, inc. II, permanecendo a disposi\u00e7\u00e3o da Justi\u00e7a.<\/p>\n<p style=\"text-align: justify;\"><strong>#25BPMI\u00a0\u00a0\u00a0\u00a0\u00a0\u00a0\u00a0\u00a0\u00a0\u00a0\u00a0\u00a0\u00a0\u00a0\u00a0\u00a0\u00a0 <\/strong><\/p>\n<p style=\"text-align: justify;\"><strong>#POLICIAMILITARSP<\/strong><\/p>\n<p style=\"text-align: justify;\"><strong>#AFOR\u00c7AP\u00daBLICADES\u00c3OPAULO<\/strong><\/p>\n<p style=\"text-align: justify;\"><strong>COMUNICA\u00c7\u00c3O SOCIAL DO 25\u00ba BPM\/I &#8211; Dracena e regi\u00e3o.<\/strong><\/p>\n","protected":false},"excerpt":{"rendered":"<p>EM ADAMANTINA, POL\u00cdCIA MILITAR PRENDE HOMEM POR LES\u00c3O CORPORAL E AMEA\u00c7A CONTRA MULHER. Les\u00e3o Corporal e Amea\u00e7a- Flagrante. Data: 16ABR20 \u00e0s 21h54min. Local: Rua Joaquim Luiz Vian- Centro- Adamantina\/SP. Indiciado: homem de 36 anos. V\u00edtima: mulher de 42 anos. No dia 16 por volta das 21h54min por solicita\u00e7\u00e3o via 190a diretamente no Pronto Socorro da [&hellip;]<\/p>\n","protected":false},"author":1,"featured_media":23972,"comment_status":"closed","ping_status":"open","sticky":false,"template":"","format":"standard","meta":{"footnotes":""},"categories":[110,2],"tags":[],"class_list":["post-23971","post","type-post","status-publish","format-standard","has-post-thumbnail","hentry","category-noticiasdestaque","category-policial"],"_links":{"self":[{"href":"https:\/\/jorgezanoni.com.br\/2019\/wp-json\/wp\/v2\/posts\/23971","targetHints":{"allow":["GET"]}}],"collection":[{"href":"https:\/\/jorgezanoni.com.br\/2019\/wp-json\/wp\/v2\/posts"}],"about":[{"href":"https:\/\/jorgezanoni.com.br\/2019\/wp-json\/wp\/v2\/types\/post"}],"author":[{"embeddable":true,"href":"https:\/\/jorgezanoni.com.br\/2019\/wp-json\/wp\/v2\/users\/1"}],"replies":[{"embeddable":true,"href":"https:\/\/jorgezanoni.com.br\/2019\/wp-json\/wp\/v2\/comments?post=23971"}],"version-history":[{"count":0,"href":"https:\/\/jorgezanoni.com.br\/2019\/wp-json\/wp\/v2\/posts\/23971\/revisions"}],"wp:featuredmedia":[{"embeddable":true,"href":"https:\/\/jorgezanoni.com.br\/2019\/wp-json\/wp\/v2\/media\/23972"}],"wp:attachment":[{"href":"https:\/\/jorgezanoni.com.br\/2019\/wp-json\/wp\/v2\/media?parent=23971"}],"wp:term":[{"taxonomy":"category","embeddable":true,"href":"https:\/\/jorgezanoni.com.br\/2019\/wp-json\/wp\/v2\/categories?post=23971"},{"taxonomy":"post_tag","embeddable":true,"href":"https:\/\/jorgezanoni.com.br\/2019\/wp-json\/wp\/v2\/tags?post=23971"}],"curies":[{"name":"wp","href":"https:\/\/api.w.org\/{rel}","templated":true}]}}