{"id":23968,"date":"2020-04-17T19:01:56","date_gmt":"2020-04-17T19:01:56","guid":{"rendered":"https:\/\/jorgezanoni.com.br\/2019\/?p=23968"},"modified":"2020-04-17T19:01:56","modified_gmt":"2020-04-17T19:01:56","slug":"municipe-relata-que-teve-dengue-e-como-foi-tratadoa-com-descaso-alguem-tem-visto-acoes-efetivas-no-combate-pela-cidade","status":"publish","type":"post","link":"https:\/\/jorgezanoni.com.br\/2019\/municipe-relata-que-teve-dengue-e-como-foi-tratadoa-com-descaso-alguem-tem-visto-acoes-efetivas-no-combate-pela-cidade\/","title":{"rendered":"Mun\u00edcipe relata que teve dengue e como foi tratado(a) com descaso. Algu\u00e9m tem visto a\u00e7\u00f5es efetivas no combate pela cidade?"},"content":{"rendered":"<p style=\"text-align: justify;\"><strong>Ontem (16), fizemos uma mat\u00e9ria sobre a Dengue em Dracena, que repercutiu sobremaneira as a\u00e7\u00f5es da administra\u00e7\u00e3o da cidade, na maioria dos coment\u00e1rios, de forma negativa.<\/strong><\/p>\n<p style=\"text-align: justify;\">Uma entre as 2.332 pessoas infectadas pela mosquito (n\u00fameros oficiais de 2020 at\u00e9 ter\u00e7a-feira (14), fez um depoimento diretamente ao Site JZ relatando o que aconteceu com ela, pois viveu na pele todas as intemp\u00e9ries que a doen\u00e7a causa.<\/p>\n<p style=\"text-align: justify;\">Queremos informar aos governantes, que \u00e9 pessoa s\u00e9ria, do bem, esclarecida e que n\u00e3o se conforma com o descaso que viveu no per\u00edodo que esteve acometida recentemente da doen\u00e7a. Veja o que nos foi relatado:<\/p>\n<p style=\"text-align: justify;\">&#8220;Contrai a tal da Dengue, desespero!!! Liguei no setor competente para comunicar o caso aqui no meu bairro. A atendente me respondeu que meu comunicado era muito importante para os &#8220;n\u00fameros da Secretaria&#8221;, mas que eu \u201cpoderia ficar tranquila&#8221; j\u00e1 que \u201celes seriam notificados pelo Laborat\u00f3rio&#8230;\u201d. Argumentei que a minha liga\u00e7\u00e3o tinha a finalidade de alertar \u201cfocos no local onde moro\u201d. (Pensei que iam enviar equipes para verifica\u00e7\u00e3o, dedetiza\u00e7\u00e3o\/nebuliza\u00e7\u00e3o)&#8230; A atendente simplesmente me disse que n\u00e3o tinham \u201cplanos para fazer nada no meu bairro,\u00a0 porque j\u00e1 tinham feito bairros ao redor do meu e estavam do lado oposto da cidade atendendo outro setor&#8230;&#8221;. &#8220;Desliguei at\u00f4nito(a)&#8221;. Corri para tomar as minhas provid\u00eancias, pois estava muito mal, nem realizei o exame de comprova\u00e7\u00e3o, j\u00e1 que tenho meios e no tratamento foi confirmada a doen\u00e7a, inclusive atrav\u00e9s das rea\u00e7\u00f5es cut\u00e2neas. &#8220;Desanimadora a falta e aten\u00e7\u00e3o que tive&#8221;.<br \/>\nContinua a pessoa: Em nossa vizinha Junqueir\u00f3polis, qualquer suspeita, repito suspeita, o ESF comunica a Prefeitura e imediatamente eles adotam as a\u00e7\u00f5es. Fazem visitas em todos os domic\u00edlios do quadrante pertinente \u00e0 moradia do adoentado; nebulizam, etc&#8230; &#8220;Tenho parentes l\u00e1, inclusive m\u00e9dicos que ficam maravilhados e n\u00e3o cansam de enaltecer o trabalho com a prontid\u00e3o de como \u00e9 dado aten\u00e7\u00e3o naquele munic\u00edpio.<\/p>\n<p style=\"text-align: justify;\">Satisfeito(a) em ter relatado o descaso que suportei, pe\u00e7o que algo seja feito, pois ningu\u00e9m merece passar o que eu passei.<\/p>\n<p style=\"text-align: justify;\">Agora acreditem: Um Agente da Vigil\u00e2ncia passou pela minha casa e disse que vir\u00e3o nebulizar com o veneno o mais r\u00e1pido poss\u00edvel. Menos mal, porque eu j\u00e1 estou curado(a), mas outras pessoas podem estar precisando. Tamb\u00e9m causou estranheza o despreparo das pessoas que nos visitam, pois em uma bacia com \u00e1cido escuro que meu marido havia preparado para lavar pedras, acharam que fosse \u00e1gua parada, e jogaram fora o l\u00edquido. Disse um membro da fam\u00edlia que atendeu a visitadora e n\u00e3o sabia que era solu\u00e7\u00e3o de \u00e1cido, que a (agente) foi embora e deve estar pensando at\u00e9 agora que era \u201c\u00e1gua parada de dengue\u201d. Quero morrer!!!!<\/p>\n<p style=\"text-align: justify;\">A\u00ed ent\u00e3o est\u00e1 relatado o desabafo de uma pessoa que goza de total confian\u00e7a do Site JZ. Ficamos imaginando o que tem sido, se tem sido e como tem sido o que est\u00e3o fazendo para eliminar os focos da Dengue em nossa cidade. N\u00e3o vemos a\u00e7\u00e3o nenhuma, at\u00e9 porque se fazem n\u00e3o divulgam. Diante de um depoimento desse, \u00e9 muito dif\u00edcil acreditar que alguma a\u00e7\u00e3o efetiva esteja acontecendo.<\/p>\n<p style=\"text-align: justify;\">Jorge Zanoni<\/p>\n","protected":false},"excerpt":{"rendered":"<p>Ontem (16), fizemos uma mat\u00e9ria sobre a Dengue em Dracena, que repercutiu sobremaneira as a\u00e7\u00f5es da administra\u00e7\u00e3o da cidade, na maioria dos coment\u00e1rios, de forma negativa. Uma entre as 2.332 pessoas infectadas pela mosquito (n\u00fameros oficiais de 2020 at\u00e9 ter\u00e7a-feira (14), fez um depoimento diretamente ao Site JZ relatando o que aconteceu com ela, pois [&hellip;]<\/p>\n","protected":false},"author":1,"featured_media":23969,"comment_status":"closed","ping_status":"open","sticky":false,"template":"","format":"standard","meta":{"footnotes":""},"categories":[179,184,110,122],"tags":[],"class_list":["post-23968","post","type-post","status-publish","format-standard","has-post-thumbnail","hentry","category-cidadeseregiao","category-dracena","category-noticiasdestaque","category-saudeeducacaoeconcurso"],"_links":{"self":[{"href":"https:\/\/jorgezanoni.com.br\/2019\/wp-json\/wp\/v2\/posts\/23968","targetHints":{"allow":["GET"]}}],"collection":[{"href":"https:\/\/jorgezanoni.com.br\/2019\/wp-json\/wp\/v2\/posts"}],"about":[{"href":"https:\/\/jorgezanoni.com.br\/2019\/wp-json\/wp\/v2\/types\/post"}],"author":[{"embeddable":true,"href":"https:\/\/jorgezanoni.com.br\/2019\/wp-json\/wp\/v2\/users\/1"}],"replies":[{"embeddable":true,"href":"https:\/\/jorgezanoni.com.br\/2019\/wp-json\/wp\/v2\/comments?post=23968"}],"version-history":[{"count":0,"href":"https:\/\/jorgezanoni.com.br\/2019\/wp-json\/wp\/v2\/posts\/23968\/revisions"}],"wp:featuredmedia":[{"embeddable":true,"href":"https:\/\/jorgezanoni.com.br\/2019\/wp-json\/wp\/v2\/media\/23969"}],"wp:attachment":[{"href":"https:\/\/jorgezanoni.com.br\/2019\/wp-json\/wp\/v2\/media?parent=23968"}],"wp:term":[{"taxonomy":"category","embeddable":true,"href":"https:\/\/jorgezanoni.com.br\/2019\/wp-json\/wp\/v2\/categories?post=23968"},{"taxonomy":"post_tag","embeddable":true,"href":"https:\/\/jorgezanoni.com.br\/2019\/wp-json\/wp\/v2\/tags?post=23968"}],"curies":[{"name":"wp","href":"https:\/\/api.w.org\/{rel}","templated":true}]}}