{"id":23962,"date":"2020-04-17T16:46:50","date_gmt":"2020-04-17T16:46:50","guid":{"rendered":"https:\/\/jorgezanoni.com.br\/2019\/?p=23962"},"modified":"2020-04-17T16:46:50","modified_gmt":"2020-04-17T16:46:50","slug":"emdaep-comunica-sobre-limpeza-de-reservatorios-nesse-sabado-e-plantao-no-final-de-semana","status":"publish","type":"post","link":"https:\/\/jorgezanoni.com.br\/2019\/emdaep-comunica-sobre-limpeza-de-reservatorios-nesse-sabado-e-plantao-no-final-de-semana\/","title":{"rendered":"Emdaep comunica sobre limpeza de reservat\u00f3rios nesse s\u00e1bado e plant\u00e3o no final de semana"},"content":{"rendered":"<h2 class=\"subject\" style=\"text-align: justify;\">Aviso da Emdaep sobre limpeza de reservat\u00f3rios no s\u00e1bado<\/h2>\n<p style=\"text-align: justify;\">Emdaep\u00a0programa\u00a0servi\u00e7os\u00a0para\u00a0reservat\u00f3rios\u00a0de\u00a0\u00e1gua<\/p>\n<p>No pr\u00f3ximo s\u00e1bado (18), o dia todo, funcion\u00e1rios da Emdaep v\u00e3o desenvolver trabalhos de limpeza e manuten\u00e7\u00e3o em dois reservat\u00f3rios da cidade. O servi\u00e7o ocorrer\u00e1 nas caixas da Alameda Inglaterra (Jardim das Palmeiras 4) e da Rua Caramuru (imedia\u00e7\u00f5es da Emefi Professor Moacir Simardi).<br \/>\nPoder\u00e1 faltar \u00e1gua nestes setores. A Emdaep manter\u00e1 plant\u00e3o pelos telefones 3821-1146 e 3821-4110.<\/p>\n<h2 class=\"subject\" style=\"text-align: justify;\">Plant\u00e3o da Emdaep no final de semana e feriado<\/h2>\n<p style=\"text-align: justify;\">Emdaep\u00a0ter\u00e1\u00a0plant\u00e3o\u00a0at\u00e9\u00a0o\u00a0feriado<\/p>\n<p>A Emdaep comunica que manter\u00e1 plant\u00e3o para emerg\u00eancias nos setores de \u00e1gua e esgoto no final de semana, no ponto facultativo da segunda-feira (20) e no feriado nacional da ter\u00e7a (21). O plant\u00e3o atender\u00e1 pelos telefones 3821-1146 e 3821-4110.<br \/>\nO atendimento ao p\u00fablico ser\u00e1 retomado na quarta-feira (22), das 8 \u00e0s 13 horas. A normaliza\u00e7\u00e3o do expediente ser\u00e1 poss\u00edvel ap\u00f3s o fim da quarentena.<\/p>\n<p>Ass. Rela\u00e7\u00f5es P\u00fablicas da Emdaep<\/p>\n<p style=\"text-align: justify;\">\n","protected":false},"excerpt":{"rendered":"<p>Aviso da Emdaep sobre limpeza de reservat\u00f3rios no s\u00e1bado Emdaep\u00a0programa\u00a0servi\u00e7os\u00a0para\u00a0reservat\u00f3rios\u00a0de\u00a0\u00e1gua No pr\u00f3ximo s\u00e1bado (18), o dia todo, funcion\u00e1rios da Emdaep v\u00e3o desenvolver trabalhos de limpeza e manuten\u00e7\u00e3o em dois reservat\u00f3rios da cidade. O servi\u00e7o ocorrer\u00e1 nas caixas da Alameda Inglaterra (Jardim das Palmeiras 4) e da Rua Caramuru (imedia\u00e7\u00f5es da Emefi Professor Moacir Simardi). Poder\u00e1 [&hellip;]<\/p>\n","protected":false},"author":1,"featured_media":23963,"comment_status":"closed","ping_status":"open","sticky":false,"template":"","format":"standard","meta":{"footnotes":""},"categories":[179,184,110],"tags":[],"class_list":["post-23962","post","type-post","status-publish","format-standard","has-post-thumbnail","hentry","category-cidadeseregiao","category-dracena","category-noticiasdestaque"],"_links":{"self":[{"href":"https:\/\/jorgezanoni.com.br\/2019\/wp-json\/wp\/v2\/posts\/23962","targetHints":{"allow":["GET"]}}],"collection":[{"href":"https:\/\/jorgezanoni.com.br\/2019\/wp-json\/wp\/v2\/posts"}],"about":[{"href":"https:\/\/jorgezanoni.com.br\/2019\/wp-json\/wp\/v2\/types\/post"}],"author":[{"embeddable":true,"href":"https:\/\/jorgezanoni.com.br\/2019\/wp-json\/wp\/v2\/users\/1"}],"replies":[{"embeddable":true,"href":"https:\/\/jorgezanoni.com.br\/2019\/wp-json\/wp\/v2\/comments?post=23962"}],"version-history":[{"count":0,"href":"https:\/\/jorgezanoni.com.br\/2019\/wp-json\/wp\/v2\/posts\/23962\/revisions"}],"wp:featuredmedia":[{"embeddable":true,"href":"https:\/\/jorgezanoni.com.br\/2019\/wp-json\/wp\/v2\/media\/23963"}],"wp:attachment":[{"href":"https:\/\/jorgezanoni.com.br\/2019\/wp-json\/wp\/v2\/media?parent=23962"}],"wp:term":[{"taxonomy":"category","embeddable":true,"href":"https:\/\/jorgezanoni.com.br\/2019\/wp-json\/wp\/v2\/categories?post=23962"},{"taxonomy":"post_tag","embeddable":true,"href":"https:\/\/jorgezanoni.com.br\/2019\/wp-json\/wp\/v2\/tags?post=23962"}],"curies":[{"name":"wp","href":"https:\/\/api.w.org\/{rel}","templated":true}]}}