{"id":23958,"date":"2020-04-17T16:19:20","date_gmt":"2020-04-17T16:19:20","guid":{"rendered":"https:\/\/jorgezanoni.com.br\/2019\/?p=23958"},"modified":"2020-04-17T16:19:20","modified_gmt":"2020-04-17T16:19:20","slug":"doria-prorroga-quarentena-no-estado-de-sp-ate-10-de-maio-devido-a-pandemia-de-coronavirus","status":"publish","type":"post","link":"https:\/\/jorgezanoni.com.br\/2019\/doria-prorroga-quarentena-no-estado-de-sp-ate-10-de-maio-devido-a-pandemia-de-coronavirus\/","title":{"rendered":"Doria prorroga quarentena no estado de SP at\u00e9 10 de maio devido a pandemia de coronav\u00edrus"},"content":{"rendered":"<h2 class=\"content-head__subtitle\" style=\"text-align: justify;\"><strong>Essa \u00e9 a segunda prorroga\u00e7\u00e3o da quarentena desde o decreto foi publicado.<\/strong><\/h2>\n<div class=\"mc-column content-text active-extra-styles \" data-block-type=\"unstyled\" data-block-weight=\"62\" data-block-id=\"2\">\n<p class=\"content-text__container \" style=\"text-align: justify;\" data-track-category=\"Link no Texto\" data-track-links=\"\">O governador Jo\u00e3o Doria (PSDB)\u00a0<a href=\"https:\/\/g1.globo.com\/sp\/sao-paulo\/noticia\/2020\/04\/17\/doria-vai-prorrogar-periodo-da-quarentena-no-estado-de-sp-em-meio-a-pandemia-de-coronavirus.ghtml\">anunciou a prorroga\u00e7\u00e3o da quarentena no estado de S\u00e3o Paulo<\/a>\u00a0por causa da pandemia de coronav\u00edrus at\u00e9 o dia 10 de maio. Essa j\u00e1 \u00e9 a segunda prorroga\u00e7\u00e3o da\u00a0<a href=\"https:\/\/g1.globo.com\/sp\/sao-paulo\/noticia\/2020\/03\/21\/doria-decreta-quarentena-no-estado-de-sp-ate-o-dia-7-de-abril-para-impedir-avanco-do-coronavirus.ghtml\">quarentena que teve in\u00edcio no dia 24 de mar\u00e7o nos 645 munic\u00edpios do estado<\/a>. O estado registra 853 mortes provocadas pela Covid-19 e 11.568 casos confirmados de contamina\u00e7\u00e3o.<\/p>\n<\/div>\n<div class=\"wall protected-content\">\n<div class=\"mc-column content-text active-extra-styles \" style=\"text-align: justify;\" data-block-type=\"unstyled\" data-block-weight=\"70\" data-block-id=\"3\">\n<p class=\"content-text__container \" data-track-category=\"Link no Texto\" data-track-links=\"\">&#8220;At\u00e9 o dia 10 de maio, domingo, est\u00e1 prorrogada a decis\u00e3o no estado de S\u00e3o Paulo, valendo a prorroga\u00e7\u00e3o para os 645 munic\u00edpios do estado de S\u00e3o Paulo. A prorroga\u00e7\u00e3o foi amparada pelo Grupo de Conting\u00eancia da Covid-19, um comit\u00ea m\u00e9dico composto por 15 membros, s\u00e3o especialistas, eles que orientam todas as decis\u00f5es tomadas pelo governo do estado de S\u00e3o Paulo e tamb\u00e9m da Prefeitura de S\u00e3o Paulo&#8221;, afirmou Doria.<\/p>\n<\/div>\n<div class=\"mc-column content-text active-extra-styles \" style=\"text-align: justify;\" data-block-type=\"unstyled\" data-block-weight=\"37\" data-block-id=\"4\">\n<p class=\"content-text__container \" data-track-category=\"Link no Texto\" data-track-links=\"\">O governador ressaltou que segue a ci\u00eancia e as recomenda\u00e7\u00f5es das autoridades sanit\u00e1rias. &#8220;H\u00e1 um m\u00eas, aqui em S\u00e3o Paulo, t\u00ednhamos a primeira morte. Hoje j\u00e1 s\u00e3o 853 mortes. Infelizmente, os casos est\u00e3o em expans\u00e3o&#8221;, declarou.<\/p>\n<\/div>\n<div class=\"mc-column content-text active-extra-styles \" style=\"text-align: justify;\" data-block-type=\"unstyled\" data-block-weight=\"36\" data-block-id=\"5\">\n<p class=\"content-text__container \" data-track-category=\"Link no Texto\" data-track-links=\"\">&#8220;Para reabrir o com\u00e9rcio e os servi\u00e7os precisamos ter o sistema de sa\u00fade tamb\u00e9m em condi\u00e7\u00f5es de atendimento para salvar vidas. Aqui n\u00e3o tomamos medidas irrespons\u00e1veis, precipitadas ou baseadas no achismo ou ideologia&#8221;, disse Doria.<\/p>\n<\/div>\n<div class=\"mc-column content-text active-extra-styles \" style=\"text-align: justify;\" data-block-type=\"unstyled\" data-block-weight=\"123\" data-block-id=\"7\">\n<p class=\"content-text__container \" data-track-category=\"Link no Texto\" data-track-links=\"\">O infectologista David uip, coordenador do Centro de Conting\u00eancia do Coronav\u00edrus, ressaltou a import\u00e2ncia de observar a evolu\u00e7\u00e3o do v\u00edrus em outros pa\u00edses. &#8220;N\u00f3s estudamos todos os cen\u00e1rios todos os dias desde o primeiro dia. O v\u00edrus \u00e9 invis\u00edvel. As pessoas tem a falsa impress\u00e3o que ele n\u00e3o acontece na sua cidade. E n\u00e3o \u00e9 assim que funciona. N\u00f3s n\u00e3o estamos inventando nada nos estamos tendo a oportunidade de aprender com quem nos antecedeu na pandemia. Eu fico surpreso que as pessoas n\u00e3o consigam entender o que j\u00e1 aconteceu. Olha o que aconteceu na It\u00e1lia. N\u00f3s estamos tendo a oportunidade em nos antecipar. N\u00e3o tem novidade, est\u00e1 acontecendo uma curva de ascens\u00e3o menor e isso \u00e9 gra\u00e7as as medidas que foram tomadas precocemente.&#8221;<\/p>\n<\/div>\n<div class=\"mc-column content-text active-extra-styles \" style=\"text-align: justify;\" data-block-type=\"unstyled\" data-block-weight=\"44\" data-block-id=\"8\">\n<p class=\"content-text__container \" data-track-category=\"Link no Texto\" data-track-links=\"\">O prefeito de S\u00e3o Paulo, Bruno Covas (PSDB), fez um apelo para a popula\u00e7\u00e3o ficar em casa durante o feriado prolongado do dia 21 de abril, Dia de Tiradentes. &#8220;Por enquanto, o isolamento social \u00e9 o melhor rem\u00e9dio que temos contra o coronav\u00edrus&#8221;, disse.<\/p>\n<\/div>\n<div class=\"mc-column content-text active-extra-styles \" style=\"text-align: justify;\" data-block-type=\"unstyled\" data-block-weight=\"78\" data-block-id=\"9\">\n<p class=\"content-text__container \" data-track-category=\"Link no Texto\" data-track-links=\"\">Covas ressaltou a lota\u00e7\u00e3o dos hospitais na capital paulista. &#8220;O v\u00edrus est\u00e1 se espalhando, j\u00e1 temos v\u00edtimas em todos os bairros e regi\u00f5es da capital. Estamos abrindo novos leitos quase todos os dias. Ontem, 561 leitos foram entregues no Hospital de Campanha do Anhembi, mesmo assim hospitais est\u00e3o ficando lotados apesar de todo esfor\u00e7o que a prefeitura est\u00e1 fazendo pra cria\u00e7\u00e3o de novas vagas. N\u00e3o vai adiantar se a popula\u00e7\u00e3o n\u00e3o seguir o que for recomendado&#8221;, disse.<\/p>\n<\/div>\n<div class=\"mc-column content-text active-extra-styles \" style=\"text-align: justify;\" data-block-type=\"unstyled\" data-block-weight=\"41\" data-block-id=\"10\">\n<p class=\"content-text__container \" data-track-category=\"Link no Texto\" data-track-links=\"\">O t\u00e9rmino da\u00a0<a href=\"https:\/\/g1.globo.com\/sp\/sao-paulo\/noticia\/2020\/04\/06\/doria-prorroga-quarentena-em-sp-ate-22-de-abril.ghtml\">quarentena estava previsto para o dia 22 de abril<\/a>. Apesar da taxa de isolamento estar abaixo do \u00edndice desejado, Doria disse que vai confiar na popula\u00e7\u00e3o e n\u00e3o anunciou nenhuma medida de endurecimento das regras da quarentena.<\/p>\n<\/div>\n<div class=\"mc-column content-text active-extra-styles \" style=\"text-align: justify;\" data-block-type=\"unstyled\" data-block-weight=\"20\" data-block-id=\"11\">\n<p class=\"content-text__container \" data-track-category=\"Link no Texto\" data-track-links=\"\">A medida obriga o fechamento do com\u00e9rcio e mant\u00e9m apenas os servi\u00e7os essenciais, como nas \u00e1reas de Sa\u00fade e Seguran\u00e7a.<\/p>\n<\/div>\n<div class=\"mc-column content-text active-extra-styles \" style=\"text-align: justify;\" data-block-type=\"unstyled\" data-block-weight=\"76\" data-block-id=\"13\">\n<p class=\"content-text__container \" data-track-category=\"Link no Texto\" data-track-links=\"\">A prorroga\u00e7\u00e3o da quarentena ocorreu devido ao n\u00famero crescente de casos de contamina\u00e7\u00e3o e de mortes registradas, al\u00e9m do\u00a0<a href=\"https:\/\/g1.globo.com\/sp\/sao-paulo\/noticia\/2020\/04\/16\/coronavirus-taxa-de-isolamento-social-em-sp-se-mantem-em-50percent-nesta-quarta-indice-ideal-e-de-70percent.ghtml\">baixo \u00edndice do isolamento social da popula\u00e7\u00e3o<\/a>. Nesta quinta (16), o \u00edndice de isolamento foi de 49%, de acordo com o\u00a0<a href=\"https:\/\/g1.globo.com\/sp\/sao-paulo\/noticia\/2020\/04\/09\/sp-usa-sistema-de-monitoramento-com-sinais-de-celulares-para-localizar-aglomeracao-de-pessoas-no-estado.ghtml\">sistema de monitoramento que utiliza sinais de celulares para saber se as pessoas est\u00e3o em casa e localizar aglomera\u00e7\u00f5es<\/a>. O governo diz que a taxa ideal para tentar impedir o avan\u00e7o da doen\u00e7a \u00e9 de 70%.<\/p>\n<\/div>\n<div class=\"mc-column content-text active-extra-styles \" style=\"text-align: justify;\" data-block-type=\"unstyled\" data-block-weight=\"5\" data-block-id=\"14\">\n<p class=\"content-text__container \" data-track-category=\"Link no Texto\" data-track-links=\"\"><strong>Poder\u00e3o continuar funcionando na quarentena:<\/strong><\/p>\n<\/div>\n<div class=\"mc-column content-text active-extra-styles\" style=\"text-align: justify;\" data-block-type=\"raw\" data-block-weight=\"40\" data-block-id=\"15\">\n<ul class=\"content-unordered-list\">\n<li>Hospitais, cl\u00ednicas, farm\u00e1cias e cl\u00ednicas odontol\u00f3gicas;<\/li>\n<li>Transporte p\u00fablico, t\u00e1xis e aplicativos de transporte;<\/li>\n<li>Transportadoras e armaz\u00e9ns;<\/li>\n<li>Empresas de telemarketing;<\/li>\n<li>Petshops;<\/li>\n<li>Deliverys;<\/li>\n<li>Supermercados, mercados, a\u00e7ougues e padarias*;<\/li>\n<li>Limpeza p\u00fablica;<\/li>\n<li>Bancas de jornais;<\/li>\n<li>Bancos, lot\u00e9ricas e correspondentes banc\u00e1rios;<\/li>\n<li>Postos de combust\u00edvel;<\/li>\n<li>F\u00e1bricas.<\/li>\n<\/ul>\n<\/div>\n<div class=\"mc-column content-text active-extra-styles \" style=\"text-align: justify;\" data-block-type=\"unstyled\" data-block-weight=\"8\" data-block-id=\"16\">\n<p class=\"content-text__container \" data-track-category=\"Link no Texto\" data-track-links=\"\">*padarias n\u00e3o poder\u00e3o permitir o consumo no estabelecimento.<\/p>\n<\/div>\n<div class=\"mc-column content-text active-extra-styles \" style=\"text-align: justify;\" data-block-type=\"unstyled\" data-block-weight=\"2\" data-block-id=\"17\">\n<p class=\"content-text__container \" data-track-category=\"Link no Texto\" data-track-links=\"\"><strong>Portas fechadas:<\/strong><\/p>\n<\/div>\n<div class=\"mc-column content-text active-extra-styles\" style=\"text-align: justify;\" data-block-type=\"raw\" data-block-weight=\"26\" data-block-id=\"18\">\n<ul class=\"content-unordered-list\">\n<li>Com\u00e9rcio;<\/li>\n<li>Bares;<\/li>\n<li>Restaurantes;<\/li>\n<li>Caf\u00e9s;<\/li>\n<li>Casas noturnas;<\/li>\n<li>Shopping centers e galerias;<\/li>\n<li>Academias e centros de gin\u00e1stica;<\/li>\n<li>Espa\u00e7os para festas, casamentos, shows e eventos;<\/li>\n<li>Escolas p\u00fablicas ou privadas.<\/li>\n<\/ul>\n<\/div>\n<div class=\"mc-column content-text active-extra-styles \" data-block-type=\"unstyled\" data-block-weight=\"15\" data-block-id=\"19\">\n<p class=\"content-text__container \" style=\"text-align: justify;\" data-track-category=\"Link no Texto\" data-track-links=\"\">*Bares, caf\u00e9s e restaurantes podem manter o funcionamento em sistema de delivery e\/ou drive thru.<\/p>\n<div class=\"mc-column content-text active-extra-styles \" style=\"text-align: justify;\" data-block-type=\"unstyled\" data-block-weight=\"127\" data-block-id=\"21\">\n<p class=\"content-text__container \" data-track-category=\"Link no Texto\" data-track-links=\"\">O infectologista David Uip, coordenador do Centro de Conting\u00eancia contra o Coronav\u00edrus no estado de S\u00e3o Paulo, disse nesta manh\u00e3 que o planejamento contra a doen\u00e7a come\u00e7ou em fevereiro e que o pico deve ser em maio. &#8220;As curvas de ascens\u00e3o est\u00e3o dentro do esperado e at\u00e9 de uma forma melhor do que n\u00f3s imagin\u00e1vamos porque n\u00f3s entendemos que com esse distanciamento social foi poss\u00edvel achatar, em um primeiro momento, a curva de ascens\u00e3o e diminuir o n\u00famero de infectados. N\u00f3s estamos esperando que esse pico aconte\u00e7a e o desafio \u00e9 que n\u00e3o seja um pico Monte do Everest e sim de um montanha&#8221;, afirmou. &#8220;N\u00f3s estamos na ascens\u00e3o da curva, mas que semana de maio vai se dar o pico, n\u00f3s ainda estamos trabalhando os dados.&#8221;<\/p>\n<\/div>\n<div class=\"mc-column content-text active-extra-styles \" data-block-type=\"unstyled\" data-block-weight=\"82\" data-block-id=\"23\">\n<p class=\"content-text__container \" style=\"text-align: justify;\" data-track-category=\"Link no Texto\" data-track-links=\"\">De acordo com ele, o v\u00edrus est\u00e1 concentrado na regi\u00e3o metropolitana de S\u00e3o Paulo. Uip refor\u00e7ou a necessidade do isolamento social para diminuir os impactos nas unidades de sa\u00fade, especialmente da rede p\u00fablica. &#8220;A popula\u00e7\u00e3o precisa estar convencida que o distanciamento \u00e9 absolutamente fundamental. Primeiro, porque voc\u00ea melhora diminuindo o \u00edndice de transmissibilidade, depois voc\u00ea diminui o \u00edndice de doen\u00e7a, mas fundamentalmente voc\u00ea consegue impactar menos daqueles 20% de pacientes que precisar\u00e3o ser internados e dos 5% que v\u00e3o para as UTIs.&#8221;<\/p>\n<p style=\"text-align: justify;\" data-track-category=\"Link no Texto\" data-track-links=\"\"><img loading=\"lazy\" decoding=\"async\" class=\"alignnone size-full wp-image-23959\" src=\"https:\/\/jorgezanoni.com.br\/2019\/wp-content\/uploads\/2020\/04\/paulista.jpg\" alt=\"\" width=\"1262\" height=\"842\" srcset=\"https:\/\/jorgezanoni.com.br\/2019\/wp-content\/uploads\/2020\/04\/paulista.jpg 1262w, https:\/\/jorgezanoni.com.br\/2019\/wp-content\/uploads\/2020\/04\/paulista-300x200.jpg 300w, https:\/\/jorgezanoni.com.br\/2019\/wp-content\/uploads\/2020\/04\/paulista-1024x683.jpg 1024w, https:\/\/jorgezanoni.com.br\/2019\/wp-content\/uploads\/2020\/04\/paulista-768x512.jpg 768w, https:\/\/jorgezanoni.com.br\/2019\/wp-content\/uploads\/2020\/04\/paulista-696x464.jpg 696w, https:\/\/jorgezanoni.com.br\/2019\/wp-content\/uploads\/2020\/04\/paulista-1068x713.jpg 1068w, https:\/\/jorgezanoni.com.br\/2019\/wp-content\/uploads\/2020\/04\/paulista-630x420.jpg 630w\" sizes=\"auto, (max-width: 1262px) 100vw, 1262px\" \/>Vista da Avenida Paulista no feriado da Sexta-feira da Paix\u00e3o, 10 de abril \u2014 Foto: Mister Shadow\/Estad\u00e3o Conte\u00fado<\/p>\n<div class=\"mc-column content-text active-extra-styles \" style=\"text-align: justify;\" data-block-type=\"unstyled\" data-block-weight=\"74\" data-block-id=\"25\">\n<p class=\"content-text__container \" data-track-category=\"Link no Texto\" data-track-links=\"\">O estimativa \u00e9 que 1% da popula\u00e7\u00e3o do estado de S\u00e3o Paulo seja contaminada, o que corresponde a 450 mil pessoas. &#8220;450 mil infectados voc\u00ea trabalha com percentuais de indiv\u00edduos assintom\u00e1ticos, a grande maioria, acima de 50% ser\u00e3o assintom\u00e1ticos e nem procurar\u00e3o o sistema de sa\u00fade. 20% ter\u00e3o doen\u00e7a e v\u00e3o precisar ser atendidos em hospitais e desses, 5% necessitar\u00e3o de UTI. Ent\u00e3o, com esses n\u00fameros n\u00f3s planejamos a necessidade de leitos&#8221;, afirmou Uip.<\/p>\n<\/div>\n<div class=\"mc-column content-text active-extra-styles \" style=\"text-align: justify;\" data-block-type=\"unstyled\" data-block-weight=\"69\" data-block-id=\"26\">\n<p class=\"content-text__container \" data-track-category=\"Link no Texto\" data-track-links=\"\">O infectologista voltou a dizer que a demora para obten\u00e7\u00e3o dos resultados dos testes foi a falta de insumos. Do total de\u00a0<a href=\"https:\/\/g1.globo.com\/sp\/sao-paulo\/noticia\/2020\/04\/16\/mais-da-metade-das-internacoes-por-coronavirus-em-sp-ainda-aguarda-resultado-de-teste-para-confirmacao.ghtml\">pacientes internados com sintomas de coronav\u00edrus em S\u00e3o Paulo, 61% n\u00e3o possuem exame confirmado de Covid-19<\/a>. S\u00e3o 6.193 interna\u00e7\u00f5es nas Unidades de Terapia Intensiva (UTI) e enfermarias do estado. Desse total, 2.379 pacientes tiveram exame positivo para a doen\u00e7a, enquanto outros 3.814 ainda s\u00e3o considerados suspeitos.<\/p>\n<\/div>\n<div class=\"mc-column content-text active-extra-styles \" data-block-type=\"unstyled\" data-block-weight=\"44\" data-block-id=\"28\">\n<p class=\"content-text__container \" style=\"text-align: justify;\" data-track-category=\"Link no Texto\" data-track-links=\"\">O secret\u00e1rio da Sa\u00fade, Jos\u00e9 Henrique Germann, afirmou que a fila ainda \u00e9 de aproximadamente 13 mil nesta quinta. \u201cA respeito do n\u00famero de teste, na data de hoje foram recebidas 1.741 novas amostras. E foram processadas 1.589. Est\u00e3o em an\u00e1lise 12.958\u201d, disse Germann.<\/p>\n<div class=\"mc-column content-text active-extra-styles\" style=\"text-align: justify;\" data-block-type=\"raw\" data-block-weight=\"1\" data-block-id=\"30\">\n<div class=\"content-intertitle\">\n<h2>Mortes<\/h2>\n<\/div>\n<\/div>\n<div class=\"mc-column content-text active-extra-styles \" style=\"text-align: justify;\" data-block-type=\"unstyled\" data-block-weight=\"47\" data-block-id=\"31\">\n<p class=\"content-text__container \" data-track-category=\"Link no Texto\" data-track-links=\"\">O n\u00famero de mortes por coronav\u00edrus no estado de S\u00e3o Paulo subiu para 853 nesta quinta-feira (16), segundo a Secretaria Estadual de Sa\u00fade. J\u00e1 s\u00e3o 11.568 casos confirmados da doen\u00e7a no estado. Em 24 horas, foram 75 novas mortes e 525 novos casos confirmados da infec\u00e7\u00e3o.<\/p>\n<\/div>\n<div class=\"mc-column content-text active-extra-styles \" style=\"text-align: justify;\" data-block-type=\"unstyled\" data-block-weight=\"30\" data-block-id=\"32\">\n<p class=\"content-text__container \" data-track-category=\"Link no Texto\" data-track-links=\"\">As mortes por coronav\u00edrus atingiram 83 munic\u00edpios do estado, segundo a secretaria. A capital paulista registra o maior n\u00famero de \u00f3bitos confirmados, chegando a 603, segundo os n\u00fameros estaduais.<\/p>\n<\/div>\n<div class=\"mc-column content-text active-extra-styles \" style=\"text-align: justify;\" data-block-type=\"unstyled\" data-block-weight=\"42\" data-block-id=\"33\">\n<p class=\"content-text__container \" data-track-category=\"Link no Texto\" data-track-links=\"\">&#8220;Apenas 26% das pessoas que morreram at\u00e9 agora em S\u00e3o Paulo t\u00eam menos de 60 anos e, neste grupo mais jovem, a maioria das mortes est\u00e1 associada a comorbidades&#8221;, disse o diretor do Instituto de Infectologia Em\u00edlio Ribas, Luiz Carlos Pereira Junior.<\/p>\n<\/div>\n<div class=\"mc-column content-text active-extra-styles \" style=\"text-align: justify;\" data-block-type=\"unstyled\" data-block-weight=\"25\" data-block-id=\"34\">\n<p class=\"content-text__container \" data-track-category=\"Link no Texto\" data-track-links=\"\">Entre as v\u00edtimas fatais, 507 s\u00e3o homens e 346 mulheres. Os \u00f3bitos continuam concentrados em pacientes com 60 anos ou mais, totalizando 79,3% das mortes.<\/p>\n<\/div>\n<div class=\"mc-column content-text active-extra-styles \" style=\"text-align: justify;\" data-block-type=\"unstyled\" data-block-weight=\"27\" data-block-id=\"35\">\n<p class=\"content-text__container \" data-track-category=\"Link no Texto\" data-track-links=\"\">De acordo com a secretaria, os casos confirmados de pacientes internados em UTIs de S\u00e3o Paulo chegaram a 1.115 nesta quinta-feira. Nas enfermarias s\u00e3o 1.264 pacientes.<\/p>\n<\/div>\n<div class=\"mc-column content-text active-extra-styles \" style=\"text-align: justify;\" data-block-type=\"unstyled\" data-block-weight=\"20\" data-block-id=\"37\">\n<p class=\"content-text__container \" data-track-category=\"Link no Texto\" data-track-links=\"\">O boletim di\u00e1rio da pasta afirma que o estado tem registrado a m\u00e9dia de ao menos 100 novas interna\u00e7\u00f5es di\u00e1rias.<\/p>\n<\/div>\n<div class=\"mc-column content-text active-extra-styles \" style=\"text-align: justify;\" data-block-type=\"unstyled\" data-block-weight=\"23\" data-block-id=\"38\">\n<p class=\"content-text__container \" data-track-category=\"Link no Texto\" data-track-links=\"\">Entre os casos ainda suspeitos, 2.393 pacientes est\u00e3o em observa\u00e7\u00e3o em enfermarias de hospitais no estado, enquanto outros 1.421 est\u00e3o em UTIs.<\/p>\n<\/div>\n<div class=\"mc-column content-text active-extra-styles\" style=\"text-align: justify;\" data-block-type=\"raw\" data-block-weight=\"2\" data-block-id=\"39\">\n<div class=\"content-intertitle\">\n<h2>Sistema sobrecarregado<\/h2>\n<\/div>\n<\/div>\n<div class=\"mc-column content-text active-extra-styles \" style=\"text-align: justify;\" data-block-type=\"unstyled\" data-block-weight=\"38\" data-block-id=\"40\">\n<p class=\"content-text__container \" data-track-category=\"Link no Texto\" data-track-links=\"\">A taxa de ocupa\u00e7\u00e3o das UTIs dos hospitais mais procurados na capital varia de 80%, percentual registrado no Hospital Geral da Carapicu\u00edba, a 93%, valor verificado na UTI do Hospital Em\u00edlio Ribas, segundo a Secretaria Estadual da Sa\u00fade.<\/p>\n<\/div>\n<div class=\"mc-column content-text active-extra-styles \" style=\"text-align: justify;\" data-block-type=\"unstyled\" data-block-weight=\"19\" data-block-id=\"41\">\n<p class=\"content-text__container \" data-track-category=\"Link no Texto\" data-track-links=\"\">Tamb\u00e9m foram divulgadas as taxas de outros hospitais da capital com grande ocupa\u00e7\u00e3o de leitos em UTI e enfermaria.<\/p>\n<\/div>\n<div class=\"mc-column content-text active-extra-styles \" style=\"text-align: justify;\" data-block-type=\"unstyled\" data-block-weight=\"6\" data-block-id=\"42\">\n<p class=\"content-text__container \" data-track-category=\"Link no Texto\" data-track-links=\"\"><strong>Maiores taxas de ocupa\u00e7\u00e3o de UTI:<\/strong><\/p>\n<\/div>\n<div class=\"mc-column content-text active-extra-styles\" style=\"text-align: justify;\" data-block-type=\"raw\" data-block-weight=\"32\" data-block-id=\"43\">\n<ul class=\"content-unordered-list\">\n<li>Hospital Em\u00edlio Ribas: 93%<\/li>\n<li>Hospital Geral de Pedreira: 93%<\/li>\n<li>Hospital Geral Vila Nova Cachoeirinha: 86%<\/li>\n<li>Hospital das C\u00ednicas: 83%<\/li>\n<li>Hospital Geral de Carapicu\u00edba: 80%<\/li>\n<li>Hospital Geral Santa Marcelina do Itaim Paulista: 80%<\/li>\n<\/ul>\n<\/div>\n<div class=\"mc-column content-text active-extra-styles \" data-block-type=\"unstyled\" data-block-weight=\"84\" data-block-id=\"44\">\n<p class=\"content-text__container \" style=\"text-align: justify;\" data-track-category=\"Link no Texto\" data-track-links=\"\">&#8220;A taxa de ocupa\u00e7\u00e3o de leitos tem oscilado diariamente, e tamb\u00e9m durante o dia. [ No Em\u00edlio Ribas] tivemos ontem um \u00f3bito e duas altas. Essa taxa de ocupa\u00e7\u00e3o ent\u00e3o oscilou de 100% para 93% hoje. Quando os leitos vagam, eles s\u00e3o disponibilizados para a Central de Regula\u00e7\u00e3o dos Servi\u00e7os de Sa\u00fade, que vai direcionar novos casos para ocupar esses tr\u00eas leitos. Eventualmente esse movimento demora at\u00e9 12 horas&#8221;, afirma o diretor do Instituto de Infectologia Em\u00edlio Ribas, Luiz Carlos Pereira Junior.<\/p>\n<p style=\"text-align: justify;\" data-track-category=\"Link no Texto\" data-track-links=\"\">Fonte: https:\/\/g1.globo.com\/sp\/sao-paulo\/noticia\/2020\/04\/17\/doria-prorroga-quarentena-no-estado-de-sp-ate-10-de-maio-devido-a-pandemia-de-coronavirus.ghtml<\/p>\n<\/div>\n<\/div>\n<\/div>\n<\/div>\n<\/div>\n","protected":false},"excerpt":{"rendered":"<p>Essa \u00e9 a segunda prorroga\u00e7\u00e3o da quarentena desde o decreto foi publicado. O governador Jo\u00e3o Doria (PSDB)\u00a0anunciou a prorroga\u00e7\u00e3o da quarentena no estado de S\u00e3o Paulo\u00a0por causa da pandemia de coronav\u00edrus at\u00e9 o dia 10 de maio. Essa j\u00e1 \u00e9 a segunda prorroga\u00e7\u00e3o da\u00a0quarentena que teve in\u00edcio no dia 24 de mar\u00e7o nos 645 munic\u00edpios [&hellip;]<\/p>\n","protected":false},"author":1,"featured_media":23960,"comment_status":"closed","ping_status":"open","sticky":false,"template":"","format":"standard","meta":{"footnotes":""},"categories":[110,116,122],"tags":[],"class_list":["post-23958","post","type-post","status-publish","format-standard","has-post-thumbnail","hentry","category-noticiasdestaque","category-politicaeeconomia","category-saudeeducacaoeconcurso"],"_links":{"self":[{"href":"https:\/\/jorgezanoni.com.br\/2019\/wp-json\/wp\/v2\/posts\/23958","targetHints":{"allow":["GET"]}}],"collection":[{"href":"https:\/\/jorgezanoni.com.br\/2019\/wp-json\/wp\/v2\/posts"}],"about":[{"href":"https:\/\/jorgezanoni.com.br\/2019\/wp-json\/wp\/v2\/types\/post"}],"author":[{"embeddable":true,"href":"https:\/\/jorgezanoni.com.br\/2019\/wp-json\/wp\/v2\/users\/1"}],"replies":[{"embeddable":true,"href":"https:\/\/jorgezanoni.com.br\/2019\/wp-json\/wp\/v2\/comments?post=23958"}],"version-history":[{"count":0,"href":"https:\/\/jorgezanoni.com.br\/2019\/wp-json\/wp\/v2\/posts\/23958\/revisions"}],"wp:featuredmedia":[{"embeddable":true,"href":"https:\/\/jorgezanoni.com.br\/2019\/wp-json\/wp\/v2\/media\/23960"}],"wp:attachment":[{"href":"https:\/\/jorgezanoni.com.br\/2019\/wp-json\/wp\/v2\/media?parent=23958"}],"wp:term":[{"taxonomy":"category","embeddable":true,"href":"https:\/\/jorgezanoni.com.br\/2019\/wp-json\/wp\/v2\/categories?post=23958"},{"taxonomy":"post_tag","embeddable":true,"href":"https:\/\/jorgezanoni.com.br\/2019\/wp-json\/wp\/v2\/tags?post=23958"}],"curies":[{"name":"wp","href":"https:\/\/api.w.org\/{rel}","templated":true}]}}