{"id":23951,"date":"2020-04-17T15:40:45","date_gmt":"2020-04-17T15:40:45","guid":{"rendered":"https:\/\/jorgezanoni.com.br\/2019\/?p=23951"},"modified":"2020-04-17T15:40:45","modified_gmt":"2020-04-17T15:40:45","slug":"junqueiropolis-confirma-primeiro-caso-da-covid-19","status":"publish","type":"post","link":"https:\/\/jorgezanoni.com.br\/2019\/junqueiropolis-confirma-primeiro-caso-da-covid-19\/","title":{"rendered":"Junqueir\u00f3polis confirma primeiro caso da COVID-19"},"content":{"rendered":"<p style=\"text-align: justify;\">Junqueir\u00f3polis registra o primeiro caso da Covid-19, trata-se de um homem de 57 anos morador\u00a0 da cidade\u00a0 que est\u00e1 internado na Santa Casa local em isolamento e\u00a0 segundo informa\u00e7\u00f5es ele\u00a0 passa bem em recupera\u00e7\u00e3o. O exame foi feito em laborat\u00f3rio particular.<\/p>\n<p style=\"text-align: justify;\">A cidade tem mais seis casos suspeitos que est\u00e3o sendo monitorados e um \u00f3bito que aguarda resultado do exame pelo Instituto Adolfo Lutz,\u00a0 segundo representante da Santa Casa em entrevista \u00e0 R\u00e1dio Band FM, nesta sexta-feira, 17.<\/p>\n<p style=\"text-align: justify;\">As nedidas de emerg\u00eancia no munic\u00edpio, com isolamento social e funcionamento somente de servi\u00e7os essenciais est\u00e3o mantidas at\u00e9 o pr\u00f3ximo dia 30 de abril.\u00a0 As recomenda\u00e7\u00f5es do Minist\u00e9rio da Sa\u00fade para preven\u00e7\u00e3o contra doen\u00e7a s\u00e3o:<\/p>\n<p style=\"text-align: justify;\">Lavar as m\u00e3os frequentemente por 20 segundos com \u00e1gua e sab\u00e3o ou higieniz\u00e1-las com \u00e1lcool em gel, Cobrir o nariz e a boca com um len\u00e7o ou o cotovelo ao tossir e espirrar<\/p>\n<div class=\"qOTyyb IR0zWe\" style=\"text-align: justify;\">\n<div class=\"PZPZlf\">\n<div class=\"c0L1fd\" data-hveid=\"CAgQBw\" data-ved=\"2ahUKEwjsiofv4O_oAhWTA9QKHdEJCD4QqsIBMAN6BAgIEAc\">Evitar contato pr\u00f3ximo (um metro de dist\u00e2ncia) com pessoas que n\u00e3o estejam bem<\/div>\n<div data-hveid=\"CAgQBw\" data-ved=\"2ahUKEwjsiofv4O_oAhWTA9QKHdEJCD4QqsIBMAN6BAgIEAc\"><\/div>\n<\/div>\n<div class=\"PZPZlf\">\n<div class=\"c0L1fd\" data-hveid=\"CAgQCA\" data-ved=\"2ahUKEwjsiofv4O_oAhWTA9QKHdEJCD4QqsIBMAN6BAgIEAg\">Ficar em casa e se isolar das outras pessoas que moram com voc\u00ea caso apresente os sintomas da doen\u00e7a<\/div>\n<\/div>\n<div>\n<div class=\"uuIUcf\"><\/div>\n<\/div>\n<div class=\"PZPZlf\">\n<div class=\"JXRj4e\" data-hveid=\"CAgQCQ\" data-ved=\"2ahUKEwjsiofv4O_oAhWTA9QKHdEJCD4QqsIBMAN6BAgIEAk\">O que n\u00e3o fazer:<\/div>\n<\/div>\n<div class=\"PZPZlf\">\n<div class=\"c0L1fd\" data-hveid=\"CAgQCg\" data-ved=\"2ahUKEwjsiofv4O_oAhWTA9QKHdEJCD4QqsIBMAN6BAgIEAo\">Tocar os olhos, nariz ou boca sem estar com as m\u00e3os limpas<\/div>\n<div data-hveid=\"CAgQCg\" data-ved=\"2ahUKEwjsiofv4O_oAhWTA9QKHdEJCD4QqsIBMAN6BAgIEAo\"><\/div>\n<\/div>\n<\/div>\n<div style=\"text-align: justify;\" data-hveid=\"CAgQCg\" data-ved=\"2ahUKEwjsiofv4O_oAhWTA9QKHdEJCD4QqsIBMAN6BAgIEAo\">Fonte: http:\/\/junqueiropolisemdia.com.br\/2020\/04\/17\/junqueiropolis-registra-primeiro-caso-da-covid-19\/<\/div>\n","protected":false},"excerpt":{"rendered":"<p>Junqueir\u00f3polis registra o primeiro caso da Covid-19, trata-se de um homem de 57 anos morador\u00a0 da cidade\u00a0 que est\u00e1 internado na Santa Casa local em isolamento e\u00a0 segundo informa\u00e7\u00f5es ele\u00a0 passa bem em recupera\u00e7\u00e3o. O exame foi feito em laborat\u00f3rio particular. A cidade tem mais seis casos suspeitos que est\u00e3o sendo monitorados e um \u00f3bito [&hellip;]<\/p>\n","protected":false},"author":1,"featured_media":23952,"comment_status":"closed","ping_status":"open","sticky":false,"template":"","format":"standard","meta":{"footnotes":""},"categories":[179,190,110,122],"tags":[],"class_list":["post-23951","post","type-post","status-publish","format-standard","has-post-thumbnail","hentry","category-cidadeseregiao","category-junqueiropolis","category-noticiasdestaque","category-saudeeducacaoeconcurso"],"_links":{"self":[{"href":"https:\/\/jorgezanoni.com.br\/2019\/wp-json\/wp\/v2\/posts\/23951","targetHints":{"allow":["GET"]}}],"collection":[{"href":"https:\/\/jorgezanoni.com.br\/2019\/wp-json\/wp\/v2\/posts"}],"about":[{"href":"https:\/\/jorgezanoni.com.br\/2019\/wp-json\/wp\/v2\/types\/post"}],"author":[{"embeddable":true,"href":"https:\/\/jorgezanoni.com.br\/2019\/wp-json\/wp\/v2\/users\/1"}],"replies":[{"embeddable":true,"href":"https:\/\/jorgezanoni.com.br\/2019\/wp-json\/wp\/v2\/comments?post=23951"}],"version-history":[{"count":0,"href":"https:\/\/jorgezanoni.com.br\/2019\/wp-json\/wp\/v2\/posts\/23951\/revisions"}],"wp:featuredmedia":[{"embeddable":true,"href":"https:\/\/jorgezanoni.com.br\/2019\/wp-json\/wp\/v2\/media\/23952"}],"wp:attachment":[{"href":"https:\/\/jorgezanoni.com.br\/2019\/wp-json\/wp\/v2\/media?parent=23951"}],"wp:term":[{"taxonomy":"category","embeddable":true,"href":"https:\/\/jorgezanoni.com.br\/2019\/wp-json\/wp\/v2\/categories?post=23951"},{"taxonomy":"post_tag","embeddable":true,"href":"https:\/\/jorgezanoni.com.br\/2019\/wp-json\/wp\/v2\/tags?post=23951"}],"curies":[{"name":"wp","href":"https:\/\/api.w.org\/{rel}","templated":true}]}}