{"id":23948,"date":"2020-04-17T15:21:59","date_gmt":"2020-04-17T15:21:59","guid":{"rendered":"https:\/\/jorgezanoni.com.br\/2019\/?p=23948"},"modified":"2020-04-17T15:21:59","modified_gmt":"2020-04-17T15:21:59","slug":"os-invisiveis","status":"publish","type":"post","link":"https:\/\/jorgezanoni.com.br\/2019\/os-invisiveis\/","title":{"rendered":"Os invis\u00edveis&#8230;"},"content":{"rendered":"<p style=\"text-align: justify;\"><strong>OS INVIS\u00cdVEIS&#8230;<\/strong><\/p>\n<p style=\"text-align: justify;\"><strong>*CLAUDIVAL CLEMENTE.<\/strong><\/p>\n<p style=\"text-align: justify;\"><strong>**CLAUDIVAL MOURA CLEMENTE<\/strong><\/p>\n<p style=\"text-align: justify;\">Apesar de nunca ter se preparado para a crise decorrente do covid19, a quem o chefe do executivo classificou de \u201cgripezinha\u201d ou \u201cresfriadinho\u201d, oGoverno Federal, ap\u00f3s iniciativa do Congresso Nacional ,lan\u00e7ou na semana passada , um aplicativo para realizar o cadastramento de pessoas que ir\u00e3o receber o aux\u00edlio emergencial, possibilitando sobreviverem neste per\u00edodo de isolamento social.<\/p>\n<p style=\"text-align: justify;\">As pessoas com renda de at\u00e9 tr\u00eas sal\u00e1rios m\u00ednimos poder\u00e3o se cadastrar, desde que n\u00e3o estejam inscritos em outros programas assistenciais do Governo. Louv\u00e1vel o lan\u00e7amento do programa; por\u00e9m, mais uma vez, as autoridades monet\u00e1rias retardaram o lan\u00e7amento do cadastro e v\u00e1rias fam\u00edlias passaram apuros financeiros durante o feriado da P\u00e1scoa. (celebra\u00e7\u00e3odos crist\u00e3os para comemorar a ressurei\u00e7\u00e3o de Jesus Cristo e para os judeus\u00a0 \u00e9 a mem\u00f3ria da liberta\u00e7\u00e3o dos hebreus da escravid\u00e3o no Egito).<\/p>\n<p style=\"text-align: justify;\">Estas pessoas foram chamadas pelo Governo Federal de \u201cinvis\u00edveis\u201d, s\u00e3o calculadas em mais de vinte e dois milh\u00f5es e n\u00e3o existem informa\u00e7\u00f5es a respeito do sexo, idade, profiss\u00e3o ou qualquer outro dado, pois simplesmente foram deixados \u00e0 margem da sociedade.<\/p>\n<p style=\"text-align: justify;\">Levados \u00e0 uma situa\u00e7\u00e3o de extrema dificuldade, pois foram atingidos em cheio pela recess\u00e3o econ\u00f4mica que marcou a economia brasileira nos \u00faltimos tempos, decorrentes do fracasso da chamada \u201cnova matriz econ\u00f4mica\u201d, postura que trouxe v\u00e1rios preju\u00edzos \u00e0 economia do pa\u00eds, na esteira do desvendamento de atos de corrup\u00e7\u00e3o praticados por v\u00e1rios agentes p\u00fablicos.Alguns foram julgados e condenados; outros, mais famosos e com maiores recursos financeiros, permanecem sem senten\u00e7a judicial condenat\u00f3ria.<\/p>\n<p style=\"text-align: justify;\">Contudo, a nova realidade que est\u00e1 se impondo \u00e9 que a economia global sofrer\u00e1 um impacto terr\u00edvel, at\u00e9 mesmo mais grave que a crise de 1929, chamada de \u201cA Grande Depress\u00e3o\u201d, foi a maior crise do capitalismo financeiro. O colapso econ\u00f4mico teve in\u00edcio em meados de 1929, nos Estados Unidos, e se espalhou por todo o mundo capitalista.<\/p>\n<p style=\"text-align: justify;\">A economia brasileira ainda n\u00e3o se recuperou totalmente do impacto causado a partir de 2012 e, no ano passado, o Governo Federal respons\u00e1vel por implementar pol\u00edticas p\u00fablicas que favoreceram o crescimento econ\u00f4mico, n\u00e3o adotou nenhuma provid\u00eancia neste sentido e s\u00f3 foi realizada a reforma da Previd\u00eancia, que, em termos de avan\u00e7o econ\u00f4mico s\u00f3 ser\u00e1 positiva para o futuro e em total preju\u00edzo aos mais pobres, especialmente aqueles tem t\u00eam atividades bra\u00e7ais, face ao aumento no tempo de contribui\u00e7\u00f5es.<\/p>\n<p style=\"text-align: justify;\">Na atualidade, com as medidas de prote\u00e7\u00e3o \u00e0 sociedade decretadas pelos governadores, o Tesouro Nacional que \u00e9 o \u00f3rg\u00e3o respons\u00e1vel pelo dinheiro p\u00fablico est\u00e1 com maiores dificuldades de capitalizar o Governo para enfrentar as medidas financeiras propostas para ajudar os necessitados, as empresas, os munic\u00edpios e o estados, estes dois \u00faltimos para compensar a perda de arrecada\u00e7\u00e3o com o fechamento do com\u00e9rcio.<\/p>\n<p style=\"text-align: justify;\">O Governo Federal para ter dinheiro a fim de realizar o socorro financeiro tem que emitir t\u00edtulos do tesouro nacional, que s\u00e3o documentos que garantem ao investidor o retorno do capital investido, mais o ganho do capital, geralmente com vencimentos \u00e0 longo prazo. Desde o come\u00e7o do ano passado o Tesouro Nacional estava encontrando dificuldades para colocar estes t\u00edtulos no mercado, pois os investidores est\u00e3o receosos com a situa\u00e7\u00e3o financeira do pa\u00eds.<\/p>\n<p style=\"text-align: justify;\">A implementa\u00e7\u00e3o dos benef\u00edcios para ajudar a todos que precisam, em particular os munic\u00edpios e estados est\u00e1 se realizando com muita dificuldade, porque o Governo atual n\u00e3o tem maioria no Congresso Nacional e praticamente os Presidentes do Senado e da C\u00e2mara dos Deputados fazem a interlocu\u00e7\u00e3o com os parlamentares, pois o Presidente da Rep\u00fablica se recusa a negociar com os Deputados Federais e Senadores; o que \u00e9 um absurdo, pois pol\u00edtica se faz com conversas e negocia\u00e7\u00f5es. A tese de que tais negocia\u00e7\u00f5es levam \u00e0 corrup\u00e7\u00e3o como acontecia nos governos anteriores n\u00e3o tem nenhum sentido, pois se existisse esta negocia\u00e7\u00e3o pode ser feita sem pr\u00e1tica de corrup\u00e7\u00e3o, as pautas seriam aprovadas com maior rapidez e efici\u00eancia.<\/p>\n<p style=\"text-align: justify;\">Por\u00e9m, somente esta alternativa \u00e9 vi\u00e1vel, uma vez que a paraliza\u00e7\u00e3o das atividades diminui a renda de todos, o Governo Federal tem que renunciar \u00e0 posi\u00e7\u00e3o de neoliberalismo e atender a todos que carecem dos benef\u00edcios do Estado, especialmente os vulner\u00e1veis.<\/p>\n<p style=\"text-align: justify;\">O importante \u00e9 que todos continuem praticando, dentro da possibilidade, o isolamento social, que em determinado momento ter\u00e1 que ser flexibilizado e mantendo as pr\u00e1ticas b\u00e1sicas de higiene pessoal para o combate ao Covid19.<\/p>\n<p style=\"text-align: justify;\">As vidas humanas precisam ser defendidas, a economia poder\u00e1 ser recuperada depois, com muito trabalho e esfor\u00e7o de todos; mas, na presente quadra, toda aten\u00e7\u00e3o deve ser dirigida \u00e0 popula\u00e7\u00e3o.<\/p>\n<p style=\"text-align: justify;\">Juntos somos mais fortes, juntos venceremos. O Brasil ir\u00e1 vencer o v\u00edrus. O Brasil precisa de todos n\u00f3s.<\/p>\n<p style=\"text-align: justify;\">Envie d\u00favidas, coment\u00e1rios ou sugest\u00f5es para <a href=\"mailto:bcrcconsultoria@gmail.com\">bcrcconsultoria@gmail.com<\/a>. At\u00e9 a pr\u00f3xima.<\/p>\n<p style=\"text-align: justify;\">*Formado em Direito pela Universidade Estadual de Direito do Norte Pioneiro em Jacarezinho e em Administra\u00e7\u00e3o de Empresas nas Faculdades Integradas de Ourinhos. MBA em Comunica\u00e7\u00e3o Corporativa pela Universidade Est\u00e1cio de S\u00e1(em curso) . S\u00f3cio s\u00eanior da BCRC Consultoria em Comunica\u00e7\u00e3o.<\/p>\n<p style=\"text-align: justify;\">** Revis\u00e3o e colabora\u00e7\u00e3o\u00a0 &#8211; Acad\u00eamico de Administra\u00e7\u00e3o de Empresas na UNICID.<\/p>\n<p style=\"text-align: justify;\">\n","protected":false},"excerpt":{"rendered":"<p>OS INVIS\u00cdVEIS&#8230; *CLAUDIVAL CLEMENTE. **CLAUDIVAL MOURA CLEMENTE Apesar de nunca ter se preparado para a crise decorrente do covid19, a quem o chefe do executivo classificou de \u201cgripezinha\u201d ou \u201cresfriadinho\u201d, oGoverno Federal, ap\u00f3s iniciativa do Congresso Nacional ,lan\u00e7ou na semana passada , um aplicativo para realizar o cadastramento de pessoas que ir\u00e3o receber o aux\u00edlio [&hellip;]<\/p>\n","protected":false},"author":1,"featured_media":23949,"comment_status":"closed","ping_status":"open","sticky":false,"template":"","format":"standard","meta":{"footnotes":""},"categories":[175],"tags":[],"class_list":["post-23948","post","type-post","status-publish","format-standard","has-post-thumbnail","hentry","category-artigos"],"_links":{"self":[{"href":"https:\/\/jorgezanoni.com.br\/2019\/wp-json\/wp\/v2\/posts\/23948","targetHints":{"allow":["GET"]}}],"collection":[{"href":"https:\/\/jorgezanoni.com.br\/2019\/wp-json\/wp\/v2\/posts"}],"about":[{"href":"https:\/\/jorgezanoni.com.br\/2019\/wp-json\/wp\/v2\/types\/post"}],"author":[{"embeddable":true,"href":"https:\/\/jorgezanoni.com.br\/2019\/wp-json\/wp\/v2\/users\/1"}],"replies":[{"embeddable":true,"href":"https:\/\/jorgezanoni.com.br\/2019\/wp-json\/wp\/v2\/comments?post=23948"}],"version-history":[{"count":0,"href":"https:\/\/jorgezanoni.com.br\/2019\/wp-json\/wp\/v2\/posts\/23948\/revisions"}],"wp:featuredmedia":[{"embeddable":true,"href":"https:\/\/jorgezanoni.com.br\/2019\/wp-json\/wp\/v2\/media\/23949"}],"wp:attachment":[{"href":"https:\/\/jorgezanoni.com.br\/2019\/wp-json\/wp\/v2\/media?parent=23948"}],"wp:term":[{"taxonomy":"category","embeddable":true,"href":"https:\/\/jorgezanoni.com.br\/2019\/wp-json\/wp\/v2\/categories?post=23948"},{"taxonomy":"post_tag","embeddable":true,"href":"https:\/\/jorgezanoni.com.br\/2019\/wp-json\/wp\/v2\/tags?post=23948"}],"curies":[{"name":"wp","href":"https:\/\/api.w.org\/{rel}","templated":true}]}}