{"id":23945,"date":"2020-04-17T13:06:00","date_gmt":"2020-04-17T13:06:00","guid":{"rendered":"https:\/\/jorgezanoni.com.br\/2019\/?p=23945"},"modified":"2020-04-17T13:06:00","modified_gmt":"2020-04-17T13:06:00","slug":"dracena-confirma-o-terceiro-caso-positivo-de-coronavirus","status":"publish","type":"post","link":"https:\/\/jorgezanoni.com.br\/2019\/dracena-confirma-o-terceiro-caso-positivo-de-coronavirus\/","title":{"rendered":"Dracena confirma o TERCEIRO caso positivo de CORONAV\u00cdRUS"},"content":{"rendered":"<p style=\"text-align: justify;\">NOTA OFICIAL<\/p>\n<p style=\"text-align: justify;\">DRACENA CONFIRMA O TERCEIRO CASO POSITIVO DE CORONAV\u00cdRUS<\/p>\n<p style=\"text-align: justify;\">A Prefeitura Municipal de Dracena, por meio do Gabinete do Prefeito Municipal, confirma o terceiro caso de COVID-19 positivo no munic\u00edpio.<\/p>\n<div class=\"text_exposed_show\">\n<p style=\"text-align: justify;\">Trata-se de um idoso, 63 anos, morador de Dracena que esteve internado na UTI em isolamento da Santa Casa de Dracena, e no dia 4 de abril, faleceu.<\/p>\n<p style=\"text-align: justify;\">Desde ent\u00e3o a Secretaria de Sa\u00fade de Dracena aguardava o retorno do exame do Instituto Adolfo Lutz, que chegou hoje (17) no in\u00edcio da manh\u00e3.<\/p>\n<p style=\"text-align: justify;\">Na \u00e9poca do falecimento, todos os protocolos sanit\u00e1rios foram seguidos rigidamente pelos agentes de sa\u00fade do munic\u00edpio. Em respeito \u00e0 fam\u00edlia do idoso, o nome n\u00e3o ser\u00e1 divulgado.<\/p>\n<p style=\"text-align: justify;\">O Prefeito, pede a colabora\u00e7\u00e3o de toda a popula\u00e7\u00e3o para seguir com rigor a todas as recomenda\u00e7\u00f5es dadas pela OMS, Minist\u00e9rio da Sa\u00fade e Secretaria Municipal de Sa\u00fade.<\/p>\n<p>Fonte: https:\/\/www.facebook.com\/prefeituradracena\/<\/p>\n<\/div>\n","protected":false},"excerpt":{"rendered":"<p>NOTA OFICIAL DRACENA CONFIRMA O TERCEIRO CASO POSITIVO DE CORONAV\u00cdRUS A Prefeitura Municipal de Dracena, por meio do Gabinete do Prefeito Municipal, confirma o terceiro caso de COVID-19 positivo no munic\u00edpio. Trata-se de um idoso, 63 anos, morador de Dracena que esteve internado na UTI em isolamento da Santa Casa de Dracena, e no dia [&hellip;]<\/p>\n","protected":false},"author":1,"featured_media":23946,"comment_status":"closed","ping_status":"open","sticky":false,"template":"","format":"standard","meta":{"footnotes":""},"categories":[179,184,110,122],"tags":[],"class_list":["post-23945","post","type-post","status-publish","format-standard","has-post-thumbnail","hentry","category-cidadeseregiao","category-dracena","category-noticiasdestaque","category-saudeeducacaoeconcurso"],"_links":{"self":[{"href":"https:\/\/jorgezanoni.com.br\/2019\/wp-json\/wp\/v2\/posts\/23945","targetHints":{"allow":["GET"]}}],"collection":[{"href":"https:\/\/jorgezanoni.com.br\/2019\/wp-json\/wp\/v2\/posts"}],"about":[{"href":"https:\/\/jorgezanoni.com.br\/2019\/wp-json\/wp\/v2\/types\/post"}],"author":[{"embeddable":true,"href":"https:\/\/jorgezanoni.com.br\/2019\/wp-json\/wp\/v2\/users\/1"}],"replies":[{"embeddable":true,"href":"https:\/\/jorgezanoni.com.br\/2019\/wp-json\/wp\/v2\/comments?post=23945"}],"version-history":[{"count":0,"href":"https:\/\/jorgezanoni.com.br\/2019\/wp-json\/wp\/v2\/posts\/23945\/revisions"}],"wp:featuredmedia":[{"embeddable":true,"href":"https:\/\/jorgezanoni.com.br\/2019\/wp-json\/wp\/v2\/media\/23946"}],"wp:attachment":[{"href":"https:\/\/jorgezanoni.com.br\/2019\/wp-json\/wp\/v2\/media?parent=23945"}],"wp:term":[{"taxonomy":"category","embeddable":true,"href":"https:\/\/jorgezanoni.com.br\/2019\/wp-json\/wp\/v2\/categories?post=23945"},{"taxonomy":"post_tag","embeddable":true,"href":"https:\/\/jorgezanoni.com.br\/2019\/wp-json\/wp\/v2\/tags?post=23945"}],"curies":[{"name":"wp","href":"https:\/\/api.w.org\/{rel}","templated":true}]}}