{"id":23919,"date":"2020-04-17T01:07:02","date_gmt":"2020-04-17T01:07:02","guid":{"rendered":"https:\/\/jorgezanoni.com.br\/2019\/?p=23919"},"modified":"2020-04-17T01:29:04","modified_gmt":"2020-04-17T01:29:04","slug":"casos-de-dengue-disparam-em-dracena-e-populacao-cobra-acao-da-administracao","status":"publish","type":"post","link":"https:\/\/jorgezanoni.com.br\/2019\/casos-de-dengue-disparam-em-dracena-e-populacao-cobra-acao-da-administracao\/","title":{"rendered":"Casos de Dengue disparam em Dracena e popula\u00e7\u00e3o cobra a\u00e7\u00e3o da administra\u00e7\u00e3o"},"content":{"rendered":"<p style=\"text-align: justify;\"><strong>At\u00e9 na \u00faltima ter\u00e7a-feira (14), os n\u00fameros oficiais apontavam 2.332 casos, pelo que se comenta na cidade devem existir bem mais.<\/strong><\/p>\n<p style=\"text-align: justify;\">Os Casos de Dengue tem aumentado assustadoramente em Dracena, e pouco ou quase nada se v\u00ea de a\u00e7\u00e3o por parte da administra\u00e7\u00e3o municipal. Se est\u00e3o fazendo n\u00e3o est\u00e3o mostrando e se estivessem atuando pra valer, n\u00e3o teria tantos casos.<\/p>\n<p style=\"text-align: justify;\">S\u00f3 num simples comparativo, Presidente Prudente que \u00e9 mais que quatro vezes o tamanho de Dracena ainda n\u00e3o atingiu os 2 mil casos.<\/p>\n<p style=\"text-align: justify;\">Por conta de uma Assessoria de Imprensa que est\u00e1 mais preocupada com coment\u00e1rios negativos do que de bem informar a popula\u00e7\u00e3o, ningu\u00e9m sabe o que realmente est\u00e1 acontecendo.<\/p>\n<p style=\"text-align: justify;\">O poder p\u00fablico tem obriga\u00e7\u00e3o e dever sim de bem informar a popula\u00e7\u00e3o, tem que usar o Site oficial da Prefeitura Municipal e explicar o que est\u00e1 sendo feito.<\/p>\n<p style=\"text-align: justify;\">A Imprensa tamb\u00e9m tem que ser comunicada, n\u00e3o pode viver de achismo, de especula\u00e7\u00e3o, de disse que disse. Enquanto outras cidades d\u00e3o informa\u00e7\u00f5es di\u00e1rias ou semanais, aqui nunca ningu\u00e9m vem a p\u00fablico explicar o que est\u00e1 sendo ao menos planejado, se \u00e9 que existe planejamento para alguma coisa.<\/p>\n<p style=\"text-align: justify;\">Precisamos de uma a\u00e7\u00e3o efetiva e com urg\u00eancia, nunca \u00e9 demais lembrar que s\u00f3 neste ano j\u00e1 tivemos duas mortes por conta da Dengue em nossa cidade.<\/p>\n<p>S\u00f3 para citar um exemplo entre v\u00e1rios, h\u00e1 pelo menos um m\u00eas o Site JZ fez mat\u00e9ria sobre ve\u00edculos abandonados na cidade e que s\u00e3o criadouros de Dengue e at\u00e9 agora nada foi feito, por ai d\u00e1 para perceber o empenho como est\u00e1 sendo tratada a situa\u00e7\u00e3o.<\/p>\n<p style=\"text-align: justify;\">Tamb\u00e9m \u00e9 bom recordar que logo teremos as elei\u00e7\u00f5es municipais e o povo est\u00e1 cansado de n\u00e3o ter o que comemorar.<\/p>\n<p>Jorge Zanoni<\/p>\n<p>Imagem Ilustrativa<\/p>\n<p>&nbsp;<\/p>\n","protected":false},"excerpt":{"rendered":"<p>At\u00e9 na \u00faltima ter\u00e7a-feira (14), os n\u00fameros oficiais apontavam 2.332 casos, pelo que se comenta na cidade devem existir bem mais. Os Casos de Dengue tem aumentado assustadoramente em Dracena, e pouco ou quase nada se v\u00ea de a\u00e7\u00e3o por parte da administra\u00e7\u00e3o municipal. Se est\u00e3o fazendo n\u00e3o est\u00e3o mostrando e se estivessem atuando pra [&hellip;]<\/p>\n","protected":false},"author":1,"featured_media":23920,"comment_status":"closed","ping_status":"open","sticky":false,"template":"","format":"standard","meta":{"footnotes":""},"categories":[179,184,110,122],"tags":[],"class_list":["post-23919","post","type-post","status-publish","format-standard","has-post-thumbnail","hentry","category-cidadeseregiao","category-dracena","category-noticiasdestaque","category-saudeeducacaoeconcurso"],"_links":{"self":[{"href":"https:\/\/jorgezanoni.com.br\/2019\/wp-json\/wp\/v2\/posts\/23919","targetHints":{"allow":["GET"]}}],"collection":[{"href":"https:\/\/jorgezanoni.com.br\/2019\/wp-json\/wp\/v2\/posts"}],"about":[{"href":"https:\/\/jorgezanoni.com.br\/2019\/wp-json\/wp\/v2\/types\/post"}],"author":[{"embeddable":true,"href":"https:\/\/jorgezanoni.com.br\/2019\/wp-json\/wp\/v2\/users\/1"}],"replies":[{"embeddable":true,"href":"https:\/\/jorgezanoni.com.br\/2019\/wp-json\/wp\/v2\/comments?post=23919"}],"version-history":[{"count":0,"href":"https:\/\/jorgezanoni.com.br\/2019\/wp-json\/wp\/v2\/posts\/23919\/revisions"}],"wp:featuredmedia":[{"embeddable":true,"href":"https:\/\/jorgezanoni.com.br\/2019\/wp-json\/wp\/v2\/media\/23920"}],"wp:attachment":[{"href":"https:\/\/jorgezanoni.com.br\/2019\/wp-json\/wp\/v2\/media?parent=23919"}],"wp:term":[{"taxonomy":"category","embeddable":true,"href":"https:\/\/jorgezanoni.com.br\/2019\/wp-json\/wp\/v2\/categories?post=23919"},{"taxonomy":"post_tag","embeddable":true,"href":"https:\/\/jorgezanoni.com.br\/2019\/wp-json\/wp\/v2\/tags?post=23919"}],"curies":[{"name":"wp","href":"https:\/\/api.w.org\/{rel}","templated":true}]}}