{"id":23907,"date":"2020-04-16T20:59:30","date_gmt":"2020-04-16T20:59:30","guid":{"rendered":"https:\/\/jorgezanoni.com.br\/2019\/?p=23907"},"modified":"2020-04-16T20:59:30","modified_gmt":"2020-04-16T20:59:30","slug":"dracena-confirma-o-segundo-caso-positivo-de-coronavirus","status":"publish","type":"post","link":"https:\/\/jorgezanoni.com.br\/2019\/dracena-confirma-o-segundo-caso-positivo-de-coronavirus\/","title":{"rendered":"Dracena confirma o segundo caso positivo de Coronav\u00edrus"},"content":{"rendered":"<p style=\"text-align: justify;\">NOTA OFICIAL<\/p>\n<p style=\"text-align: justify;\">DRACENA CONFIRMA O SEGUNDO CASO POSITIVO DE CORONAV\u00cdRUS<\/p>\n<p style=\"text-align: justify;\">A Prefeitura Municipal de Dracena, juntamente com a Santa Casa de Dracena, atrav\u00e9s do Gabinete do Prefeito Municipal, confirma o segundo caso de COVID-19 positivo no munic\u00edpio.<\/p>\n<div class=\"text_exposed_show\">\n<p style=\"text-align: justify;\">A Prefeitura Municipal informa que foi feito Exame PCR para detec\u00e7\u00e3o do v\u00edrus SARS-CoV-2 junto ao Laborat\u00f3rio Hermes Pardini e hoje, 16 de abril, quinta-feira, foi informado do resultado positivo do exame.<\/p>\n<p style=\"text-align: justify;\">O paciente de 51 anos \u00e9 residente de Dracena e encontra-se atualmente internado no leito de isolamento da UTI da Santa Casa de Dracena, o quadro cl\u00ednico \u00e9 considerado bom e o paciente n\u00e3o apresenta comorbidades.<\/p>\n<p style=\"text-align: justify;\">Com a confirma\u00e7\u00e3o do segundo caso positivo do COVID-19, a Vigil\u00e2ncia Epidemiol\u00f3gica intensificar\u00e1 as medidas de conten\u00e7\u00e3o no combate ao novo Coronav\u00edrus, inclusive tomando as medidas junto \u00e0 fam\u00edlia do paciente, que j\u00e1 est\u00e1 ciente do quadro.<\/p>\n<p style=\"text-align: justify;\">O Prefeito, pede a colabora\u00e7\u00e3o de toda a popula\u00e7\u00e3o para seguir com rigor a todas as recomenda\u00e7\u00f5es dadas pela OMS, Minist\u00e9rio da Sa\u00fade, Secretaria Estadual de Sa\u00fade e Secretaria Municipal de Sa\u00fade.<\/p>\n<p style=\"text-align: justify;\">DIRETORIA DE COMUNICA\u00c7\u00c3O<br \/>\nPrefeitura de Dracena<\/p>\n<\/div>\n","protected":false},"excerpt":{"rendered":"<p>NOTA OFICIAL DRACENA CONFIRMA O SEGUNDO CASO POSITIVO DE CORONAV\u00cdRUS A Prefeitura Municipal de Dracena, juntamente com a Santa Casa de Dracena, atrav\u00e9s do Gabinete do Prefeito Municipal, confirma o segundo caso de COVID-19 positivo no munic\u00edpio. A Prefeitura Municipal informa que foi feito Exame PCR para detec\u00e7\u00e3o do v\u00edrus SARS-CoV-2 junto ao Laborat\u00f3rio Hermes [&hellip;]<\/p>\n","protected":false},"author":1,"featured_media":23908,"comment_status":"closed","ping_status":"open","sticky":false,"template":"","format":"standard","meta":{"footnotes":""},"categories":[179,184,110,122],"tags":[],"class_list":["post-23907","post","type-post","status-publish","format-standard","has-post-thumbnail","hentry","category-cidadeseregiao","category-dracena","category-noticiasdestaque","category-saudeeducacaoeconcurso"],"_links":{"self":[{"href":"https:\/\/jorgezanoni.com.br\/2019\/wp-json\/wp\/v2\/posts\/23907","targetHints":{"allow":["GET"]}}],"collection":[{"href":"https:\/\/jorgezanoni.com.br\/2019\/wp-json\/wp\/v2\/posts"}],"about":[{"href":"https:\/\/jorgezanoni.com.br\/2019\/wp-json\/wp\/v2\/types\/post"}],"author":[{"embeddable":true,"href":"https:\/\/jorgezanoni.com.br\/2019\/wp-json\/wp\/v2\/users\/1"}],"replies":[{"embeddable":true,"href":"https:\/\/jorgezanoni.com.br\/2019\/wp-json\/wp\/v2\/comments?post=23907"}],"version-history":[{"count":0,"href":"https:\/\/jorgezanoni.com.br\/2019\/wp-json\/wp\/v2\/posts\/23907\/revisions"}],"wp:featuredmedia":[{"embeddable":true,"href":"https:\/\/jorgezanoni.com.br\/2019\/wp-json\/wp\/v2\/media\/23908"}],"wp:attachment":[{"href":"https:\/\/jorgezanoni.com.br\/2019\/wp-json\/wp\/v2\/media?parent=23907"}],"wp:term":[{"taxonomy":"category","embeddable":true,"href":"https:\/\/jorgezanoni.com.br\/2019\/wp-json\/wp\/v2\/categories?post=23907"},{"taxonomy":"post_tag","embeddable":true,"href":"https:\/\/jorgezanoni.com.br\/2019\/wp-json\/wp\/v2\/tags?post=23907"}],"curies":[{"name":"wp","href":"https:\/\/api.w.org\/{rel}","templated":true}]}}