{"id":2390,"date":"2019-07-30T02:05:35","date_gmt":"2019-07-30T02:05:35","guid":{"rendered":"https:\/\/jorgezanoni.com.br\/2019\/?p=2390"},"modified":"2019-07-30T02:05:35","modified_gmt":"2019-07-30T02:05:35","slug":"confira-o-plantao-policial-do-dia-29-07-29","status":"publish","type":"post","link":"https:\/\/jorgezanoni.com.br\/2019\/confira-o-plantao-policial-do-dia-29-07-29\/","title":{"rendered":"Confira o Plant\u00e3o Policial do dia 29\/07\/29"},"content":{"rendered":"<p style=\"text-align: justify;\"><strong>POL\u00cdCIA MILITAR RECEBE DEN\u00daNCIA E PRENDE HOMEM PROCURADO DA JUSTI\u00c7A EM IN\u00daBIA PAULISTA\/SP.<\/strong><\/p>\n<p style=\"text-align: justify;\">Procurado Recapturado.<\/p>\n<p style=\"text-align: justify;\">Data: 26JUL19\u00e0s02h19min.<\/p>\n<p style=\"text-align: justify;\">Endere\u00e7o: Rua Santos Dumont \u2013 In\u00fabia Paulista\/SP.<\/p>\n<p style=\"text-align: justify;\">Procurado: M.A.S.<\/p>\n<p style=\"text-align: justify;\">Na madrugada do dia 26\/07, por volta das 02h19min, os Policiais Militares de In\u00fabia Paulista, receberam uma den\u00fancia, dizendo que pr\u00f3ximo ao trevo havia 2 indiv\u00edduoscaminhando as margens da rodovia com risco de acidentes. Realizado patrulhamento onde foi efetuado abordagem a dois indiv\u00edduos, em busca pessoal nada de il\u00edcito encontrado, por\u00e9m em pesquisa via Copom foi constatado um mandado de pris\u00e3o em desfavor de um deles, sendo M.A.S. Diante disso foi conduzido \u00e0 delegacia onde permaneceu a disposi\u00e7\u00e3o da justi\u00e7a.<\/p>\n<p style=\"text-align: justify;\"><strong>POL\u00cdCIA MILITAR PRENDE EM OSVALDO CRUZ\/SP, PASSAGEIRA QUE CARREGAVA CELULARES NO INTERIOR DO CORPO.<\/strong><\/p>\n<p style=\"text-align: justify;\">Apreens\u00e3o de celular &#8211; Flagrante.<\/p>\n<p style=\"text-align: justify;\">Data: 27JUL19\u00e0s 04h22min.<\/p>\n<p style=\"text-align: justify;\">Endere\u00e7o: Rua Rodolfo Zaros &#8211; Osvaldo Cruz\/SP.<\/p>\n<p style=\"text-align: justify;\">Indiciada: M.E.D.S. (38 anos)<\/p>\n<p style=\"text-align: justify;\">No dia 27\/07, por volta das 04h22min, os Policiais Militares de Osvaldo Cruz, ap\u00f3s receberem uma den\u00fanciadizendo que uma passageira no interior de um \u00f4nibus com destino a penitenci\u00e1ria de Florida Paulista, estaria trazendo drogas no interior de seu corpo. Referido \u00f4nibus foi parado e diante das informa\u00e7\u00f5es relatadas na den\u00fancia, foi localizada a passageira M.E.D.S. de 38 anos, que foi abordada e indagada, negando tal fato. Foi realizada a condu\u00e7\u00e3o da passageira at\u00e9 a Santa Casapara realizar exames. J\u00e1 pela Santa Casa, a passageira veio a admitir que teria objetos introduzidos em seus \u00f3rg\u00e3os genitais, onde na presen\u00e7a da m\u00e9dica e enfermeira plantonista, retirou os objetos (dois aparelhos celulares). Diante do fato, foi dada voz de pris\u00e3o a passageira que foi conduzida a delegacia onde permaneceu a disposi\u00e7\u00e3o da justi\u00e7a.<\/p>\n<p style=\"text-align: justify;\"><strong>POL\u00cdCIA MILITAR PRENDE HOMEM PROCURADO DA JUSTI\u00c7A EM JUNQUEIR\u00d3POLIS\/SP.<\/strong><\/p>\n<p style=\"text-align: justify;\">Procurado Recapturado.<\/p>\n<p style=\"text-align: justify;\">Data: 27JUL19\u00e0s 10h49min.<\/p>\n<p style=\"text-align: justify;\">Endere\u00e7o: Rua Das Am\u00e9ricas- Jardim Paulista \u2013 Junqueir\u00f3polis\/SP.<\/p>\n<p style=\"text-align: justify;\">Procurado: R.S.S. (36 anos).<\/p>\n<p style=\"text-align: justify;\">No dia 27\/07, por volta das 10h49min, os Policiais Militares de Junqueir\u00f3polis, em cumprimento ao Mandado de Pris\u00e3o, em desfavor do procurado R.S.S. de 36 anos, realizaram patrulhamento onde localizaram o mesmo em sua resid\u00eancia, sendo conduzido \u00e0 delegacia permanecendo recolhido a disposi\u00e7\u00e3o da justi\u00e7a.<\/p>\n<p style=\"text-align: justify;\"><strong>HOMEM \u00c9 PRESO PELA POL\u00cdCIA MILITAR EM OSVALDO CRUZ\/SP, POR AGREDIR COMPANHEIRA.<\/strong><\/p>\n<p style=\"text-align: justify;\">Les\u00e3o Corporal\u2013 Flagrante<\/p>\n<p style=\"text-align: justify;\">Data: 27UL19\u00e0s 14h40min.<\/p>\n<p style=\"text-align: justify;\">Endere\u00e7o: Rua Ver Augusto Roque \u2013 Osvaldo Cruz\/SP.<\/p>\n<p style=\"text-align: justify;\">V\u00edtima: C.S.<\/p>\n<p style=\"text-align: justify;\">Autor: G.L.S.<\/p>\n<p style=\"text-align: justify;\">Em 27\/07, por volta das 14h40mi, os Policiais Militares de Osvaldo Cruz, foram acionados viaCOPOM, para atenderem uma ocorr\u00eancia de desintelig\u00eancia familiar. No local, osolicitante (filho da v\u00edtima), relatou que sua m\u00e3e C.S., estava no interior da resid\u00eanciacom v\u00e1rios ferimentos pelo corpo. Os policiais se depararam com o autor G.L.S.,que estava embriagado e n\u00e3o queria que os policiais entrassem na resid\u00eancia. Com apoio de outras viaturas, entraram na resid\u00eancia e localizaram a v\u00edtimadeitada na cama com ferimentos na barriga. V\u00edtima foi sorrida a Santa Casa local. Durante diligencias naresid\u00eancia da v\u00edtima, foi poss\u00edvel apreender a faca utilizada na agress\u00e3o. Diante do fato foi dada voz de pris\u00e3o ao autor que foi conduzido e apresentado na delegacia, onde a Autoridade Policial ratificou apris\u00e3o, em sequ\u00eancia arbitrou fian\u00e7a no valor de R$ 2.000,00 (dois mil reais), que foi paga. Autor respondera em liberdade.<\/p>\n<p style=\"text-align: justify;\"><strong>POL\u00cdCIA MILITAR PRENDE NETO POR FURTAR A PR\u00d3PRIA AV\u00d3 EM PANORAMA\/SP.<\/strong><\/p>\n<p style=\"text-align: justify;\">Furto \u2013 Flagrante<\/p>\n<p style=\"text-align: justify;\">Data: 27JUL19\u00e0s12h46min.<\/p>\n<p style=\"text-align: justify;\">Endere\u00e7o: Rua Corumbata\u00ed\u2013 Panorama\/SP.<\/p>\n<p style=\"text-align: justify;\">Indiciado: H.F.K.<\/p>\n<p style=\"text-align: justify;\">Em 27\/07, por volta das 12h46min, os Policiais Militares de Panorama, foram acionados viaCOPOM, para atenderem uma ocorr\u00eancia. No local dos fatos foi constatadoque a v\u00edtima tinha sido furtada pelo pr\u00f3prio neto (H.F.K.),que reside nomesmo endere\u00e7o. Que durante a madrugada, o neto furtou aproximadamenteR$50,00 reais em dinheiro e ap\u00f3sretirar as dobradi\u00e7as da porta da cozinha subtraiu v\u00e1rios apetrechos de pesca, fugindo logo em seguida. Diante doocorrido, foi realizado patrulhamento com vistas ao autor, que foi localizado em via p\u00fablica, sendo abordado e de imediato confessou os fatos, sendodado voz de pris\u00e3o em flagrante. Autor foi conduzido at\u00e9 a delegacia onde foi apresentadoao delegado de pol\u00edcia que ratificou a pris\u00e3o, permanecendo a disposi\u00e7\u00e3o da justi\u00e7a.<\/p>\n<p style=\"text-align: justify;\"><strong>POL\u00cdCIA MILITAR PRENDE TRAFICANTE EM LUC\u00c9LIA\/SP. <\/strong><\/p>\n<p style=\"text-align: justify;\">Tr\u00e1fico de Drogas \u2013 Flagrante<\/p>\n<p style=\"text-align: justify;\">Data: 27JUL19\u00e0s 14h32min.<\/p>\n<p style=\"text-align: justify;\">Endere\u00e7o: Rua Cec\u00edlia Mendes Mesquita \u2013 Luc\u00e9lia\/SP.<\/p>\n<p style=\"text-align: justify;\">Indiciado: M.A.J. (27 anos)<\/p>\n<p style=\"text-align: justify;\">Apreens\u00f5es: 01 (uma) tesoura; R$ 191,00; 0,020 kg de maconha; 0,014 kg de coca\u00edna.<\/p>\n<p style=\"text-align: justify;\">Em 27\/07 por volta das 14h32min, os Policiais Militares de Luc\u00e9lia, em patrulhamento pela Rua Cecilia Mendes Mesquita momento em que visualizaram dois indiv\u00edduossaindo de um pasto sendo que um deles, o Indiciado M.A.J. de 27 anos, ao perceberaproxima\u00e7\u00e3o da viatura veio a dispensar algo no ch\u00e3o, de imediato foi realizada busca pessoal e nada de il\u00edcito foi encontrado, no entantoao verificar oque havia sido dispensado, foi constatado ser certa quantia de maconha, coca\u00edna e uma tesoura. Com apoio do canil, foi realizada buscas na resid\u00eancia do indiciado, onde nada de il\u00edcito foi encontrado apenas a quantia de R$ 191,00 reais em notas diversas. Diante dos fatos foi dada voz de pris\u00e3o em flagrante delitoao indiciado que permaneceu preso \u00e0 disposi\u00e7\u00e3o da justi\u00e7a. J\u00e1 o outro individuo foi ouvido e liberado.<\/p>\n<p style=\"text-align: justify;\"><strong>POL\u00cdCIA MILITAR PRENDE HOMEM EM OSVALDO CRUZ\/SP, POR TR\u00c1FICO DE DROGAS.<\/strong><\/p>\n<p style=\"text-align: justify;\">Tr\u00e1fico de Drogas \u2013 Flagrante<\/p>\n<p style=\"text-align: justify;\">Data: 27JUL19\u00e0s21h02min.<\/p>\n<p style=\"text-align: justify;\">Endere\u00e7o: Avenida Brasil \u2013 Osvaldo Cruz\/SP.<\/p>\n<p style=\"text-align: justify;\">Autor: C.R.S.<\/p>\n<p style=\"text-align: justify;\">Indiciado: D.C.S.<\/p>\n<p style=\"text-align: justify;\">Neste s\u00e1bado, 27, por volta das 20h30min durante patrulhamento pela Av. Brasil, policias militares avistaram D.C.S. (conhecido nos meios policias pela pr\u00e1tica de tr\u00e1fico de drogas) entregando algo a C.R. S., que ao ser abordado colocou algo na boca e engoliu.D.C.S. percebendo a presen\u00e7a dos policiais adentrou imediatamente uma resid\u00eancia sendo posteriormente abordado e localizado em seu bolso a quantia de R$ 229,00, em notas diversas. Solicitado apoio do Canil, foi localizado pelo c\u00e3o de faro &#8220;Emy&#8221;, no interior de uma botina, 13 (treze) por\u00e7\u00f5es de coca\u00edna onde D.C.S. recebeu de imediato voz de pris\u00e3o em flagrante delito e quanto \u00e0 C.R.S., foi encaminhado \u00e0 Santa Casa local, onde permaneceu sob cuidados m\u00e9dicos pois, apresentava batimentos card\u00edacos e press\u00e3o alteradas e pupilas dilatadas.<\/p>\n<p style=\"text-align: justify;\"><strong>AP\u00d3S AMEA\u00c7AR ESPOSA NA FRENTE DE POLICIAIS MILITARES, HOMEM \u00c9 PRESO EM ADAMANTINA\/SP.<\/strong><\/p>\n<p style=\"text-align: justify;\">Les\u00e3o Corporal, Viol\u00eancia Dom\u00e9stica \u2013 Flagrante<\/p>\n<p style=\"text-align: justify;\">Data: 27JUL19\u00e0s 20h16min.<\/p>\n<p style=\"text-align: justify;\">Endere\u00e7o: Rua Ant\u00f4nio P\u00edres Ribeiro\u2013 Jardim Mario Covas \u2013 Adamantina\/SP.<\/p>\n<p style=\"text-align: justify;\">Autor: J.A.D.S. (49 anos)<\/p>\n<p style=\"text-align: justify;\">V\u00edtima: I.R.F.S. (41 anos).<\/p>\n<p style=\"text-align: justify;\">Testemunha: M.E.S. (16 anos)<\/p>\n<p style=\"text-align: justify;\">Na noite do dia 27\/07 por volta das 20h16min, os Policiais Militares de Adamantina, foram acionados para atender ocorr\u00eancia de viol\u00eancia dom\u00e9stica. No local a v\u00edtima I.R.F.S. de 41 anos e a testemunhaM.E.S. de 16 anos, m\u00e3e e filha, declararam que o autor, que n\u00e3o se encontrava mais no local, por motivos a serem esclarecidos, passou a agredir e amea\u00e7ar a I.R.F.S.de morte, bem como dizia que iria atear fogo na resid\u00eancia deles. No momento do atendimento da ocorr\u00eancia, o autor chegou ao local com um gal\u00e3o contendo aproximadamente 5 litros de gasolina, e ainda na presen\u00e7a dos policiais, amea\u00e7ou a v\u00edtima de morte, onde diante dos fatos, foi dada voz de pris\u00e3o ao autor, sendo conduzido \u00e0 delegacia, onde permaneceu preso \u00e0 disposi\u00e7\u00e3o da justi\u00e7a.<\/p>\n<p style=\"text-align: justify;\"><strong>HOMEM \u00c9 PRESO PELA POL\u00cdCIA MILITAR EM IRAPURU\/SP, POR TR\u00c1FICO DE DROGAS.<\/strong><\/p>\n<p style=\"text-align: justify;\">Tr\u00e1fico de Entorpecentes &#8211; Flagrante<\/p>\n<p style=\"text-align: justify;\">Data: 28JUL19\u00e0s 21h00min.<\/p>\n<p style=\"text-align: justify;\">Endere\u00e7o: Rua J\u00falio Mesquita &#8211; Centro \u2013 Irapuru\/SP<\/p>\n<p style=\"text-align: justify;\">Autor: C.E.O.(19 anos)<\/p>\n<p style=\"text-align: justify;\">Na noite deste domingo (28), por volta das 21h, os Policiais Militares durante patrulhamento de For\u00e7a T\u00e1tica pela cidade de Irapuru, ap\u00f3s informa\u00e7\u00f5es de que \u00a0\u00a0\u00a0\u00a0\u00a0\u00a0\u00a0\u00a0 o autor C.E.O., praticava a venda de drogas, lograram \u00eaxito em localizar e abordar o mesmo defronte sua resid\u00eancia.Foi realizado busca pessoal nada localizado. Durante a abordagem sua m\u00e3e, acompanhou bem como autorizou a busca domiciliar. Com apoio do canil, foi localizado debaixo de uma caixa (amianto) d&#8217;\u00e1gua, um &#8220;tijolo&#8221; de maconha e apetrechos para embalar e pr\u00f3ximo a uma \u00e1rvore, foi localizado enterrado, mais 16 por\u00e7\u00f5es da mesma droga. Diante dos fatos foi dado voz de pris\u00e3o ao autor que foi conduzido \u00e0 delegacia onde permaneceu preso \u00e0 disposi\u00e7\u00e3o da justi\u00e7a. BPM\/I<\/p>\n<p style=\"text-align: justify;\">Fonte: Com. Social Policia Militar 25\u00ba<\/p>\n","protected":false},"excerpt":{"rendered":"<p>POL\u00cdCIA MILITAR RECEBE DEN\u00daNCIA E PRENDE HOMEM PROCURADO DA JUSTI\u00c7A EM IN\u00daBIA PAULISTA\/SP. Procurado Recapturado. Data: 26JUL19\u00e0s02h19min. Endere\u00e7o: Rua Santos Dumont \u2013 In\u00fabia Paulista\/SP. Procurado: M.A.S. Na madrugada do dia 26\/07, por volta das 02h19min, os Policiais Militares de In\u00fabia Paulista, receberam uma den\u00fancia, dizendo que pr\u00f3ximo ao trevo havia 2 indiv\u00edduoscaminhando as margens da [&hellip;]<\/p>\n","protected":false},"author":1,"featured_media":2391,"comment_status":"closed","ping_status":"open","sticky":false,"template":"","format":"standard","meta":{"footnotes":""},"categories":[110,2],"tags":[],"class_list":["post-2390","post","type-post","status-publish","format-standard","has-post-thumbnail","hentry","category-noticiasdestaque","category-policial"],"_links":{"self":[{"href":"https:\/\/jorgezanoni.com.br\/2019\/wp-json\/wp\/v2\/posts\/2390","targetHints":{"allow":["GET"]}}],"collection":[{"href":"https:\/\/jorgezanoni.com.br\/2019\/wp-json\/wp\/v2\/posts"}],"about":[{"href":"https:\/\/jorgezanoni.com.br\/2019\/wp-json\/wp\/v2\/types\/post"}],"author":[{"embeddable":true,"href":"https:\/\/jorgezanoni.com.br\/2019\/wp-json\/wp\/v2\/users\/1"}],"replies":[{"embeddable":true,"href":"https:\/\/jorgezanoni.com.br\/2019\/wp-json\/wp\/v2\/comments?post=2390"}],"version-history":[{"count":0,"href":"https:\/\/jorgezanoni.com.br\/2019\/wp-json\/wp\/v2\/posts\/2390\/revisions"}],"wp:featuredmedia":[{"embeddable":true,"href":"https:\/\/jorgezanoni.com.br\/2019\/wp-json\/wp\/v2\/media\/2391"}],"wp:attachment":[{"href":"https:\/\/jorgezanoni.com.br\/2019\/wp-json\/wp\/v2\/media?parent=2390"}],"wp:term":[{"taxonomy":"category","embeddable":true,"href":"https:\/\/jorgezanoni.com.br\/2019\/wp-json\/wp\/v2\/categories?post=2390"},{"taxonomy":"post_tag","embeddable":true,"href":"https:\/\/jorgezanoni.com.br\/2019\/wp-json\/wp\/v2\/tags?post=2390"}],"curies":[{"name":"wp","href":"https:\/\/api.w.org\/{rel}","templated":true}]}}