{"id":2387,"date":"2019-07-30T01:47:45","date_gmt":"2019-07-30T01:47:45","guid":{"rendered":"https:\/\/jorgezanoni.com.br\/2019\/?p=2387"},"modified":"2019-07-30T01:48:51","modified_gmt":"2019-07-30T01:48:51","slug":"vestibular-agendado-inscricoes-abertas","status":"publish","type":"post","link":"https:\/\/jorgezanoni.com.br\/2019\/vestibular-agendado-inscricoes-abertas\/","title":{"rendered":"Vestibular Agendado: inscri\u00e7\u00f5es abertas!"},"content":{"rendered":"<p style=\"font-weight: 400; text-align: justify;\">Est\u00e3o abertas as inscri\u00e7\u00f5es para o Vestibular de Inverno Agendado da Faculdade Unifadra Dracena para os cursos de Artes Visuais, An\u00e1lise e Desenvolvimento de Sistemas, Ci\u00eancias Biol\u00f3gicas, Letras, Educa\u00e7\u00e3o F\u00edsica, Enfermagem, Servi\u00e7o Social, Matem\u00e1tica, Pedagogia e Psicologia. Segundo o Prof. Dr. Enio Garbelini, diretor acad\u00eamico da Unifadra, as inscri\u00e7\u00f5es podem ser feitas pelo site<a href=\"http:\/\/www.fundec.edu.br\/\">www.fundec.edu.br<\/a>\u00a0ou pessoalmente na secretaria da Fundec.<\/p>\n<p style=\"font-weight: 400; text-align: justify;\">O candidato poder\u00e1 fazer a prova \u00e0s ter\u00e7as-feiras, \u00e0s 19h, at\u00e9 o dia 28\/08. Para os aprovados no vestibular do dia 14 de julho, as matr\u00edculas est\u00e3o abertas e podem ser feitas na secretaria da Fundec. O Vestibular de Inverno reserva vagas para 2020. As informa\u00e7\u00f5es podem ser obtidas nos telefones (18) 3821-9008 e 3821-9004. Estude. Invista em voc\u00ea!<\/p>\n<p style=\"font-weight: 400; text-align: justify;\">Carolina Colnago<\/p>\n<p style=\"font-weight: 400; text-align: justify;\">Assessora de Comunica\u00e7\u00e3o da Fundec &#8211; Jornalista<\/p>\n","protected":false},"excerpt":{"rendered":"<p>Est\u00e3o abertas as inscri\u00e7\u00f5es para o Vestibular de Inverno Agendado da Faculdade Unifadra Dracena para os cursos de Artes Visuais, An\u00e1lise e Desenvolvimento de Sistemas, Ci\u00eancias Biol\u00f3gicas, Letras, Educa\u00e7\u00e3o F\u00edsica, Enfermagem, Servi\u00e7o Social, Matem\u00e1tica, Pedagogia e Psicologia. Segundo o Prof. Dr. Enio Garbelini, diretor acad\u00eamico da Unifadra, as inscri\u00e7\u00f5es podem ser feitas pelo sitewww.fundec.edu.br\u00a0ou pessoalmente [&hellip;]<\/p>\n","protected":false},"author":1,"featured_media":2388,"comment_status":"closed","ping_status":"open","sticky":false,"template":"","format":"standard","meta":{"footnotes":""},"categories":[110],"tags":[],"class_list":["post-2387","post","type-post","status-publish","format-standard","has-post-thumbnail","hentry","category-noticiasdestaque"],"_links":{"self":[{"href":"https:\/\/jorgezanoni.com.br\/2019\/wp-json\/wp\/v2\/posts\/2387","targetHints":{"allow":["GET"]}}],"collection":[{"href":"https:\/\/jorgezanoni.com.br\/2019\/wp-json\/wp\/v2\/posts"}],"about":[{"href":"https:\/\/jorgezanoni.com.br\/2019\/wp-json\/wp\/v2\/types\/post"}],"author":[{"embeddable":true,"href":"https:\/\/jorgezanoni.com.br\/2019\/wp-json\/wp\/v2\/users\/1"}],"replies":[{"embeddable":true,"href":"https:\/\/jorgezanoni.com.br\/2019\/wp-json\/wp\/v2\/comments?post=2387"}],"version-history":[{"count":0,"href":"https:\/\/jorgezanoni.com.br\/2019\/wp-json\/wp\/v2\/posts\/2387\/revisions"}],"wp:featuredmedia":[{"embeddable":true,"href":"https:\/\/jorgezanoni.com.br\/2019\/wp-json\/wp\/v2\/media\/2388"}],"wp:attachment":[{"href":"https:\/\/jorgezanoni.com.br\/2019\/wp-json\/wp\/v2\/media?parent=2387"}],"wp:term":[{"taxonomy":"category","embeddable":true,"href":"https:\/\/jorgezanoni.com.br\/2019\/wp-json\/wp\/v2\/categories?post=2387"},{"taxonomy":"post_tag","embeddable":true,"href":"https:\/\/jorgezanoni.com.br\/2019\/wp-json\/wp\/v2\/tags?post=2387"}],"curies":[{"name":"wp","href":"https:\/\/api.w.org\/{rel}","templated":true}]}}