{"id":23855,"date":"2020-04-15T23:08:43","date_gmt":"2020-04-15T23:08:43","guid":{"rendered":"https:\/\/jorgezanoni.com.br\/2019\/?p=23855"},"modified":"2020-04-15T23:10:29","modified_gmt":"2020-04-15T23:10:29","slug":"esta-suspensa-a-vacinacao-contra-a-gripe-nas-escolas-por-falta-de-vacinas","status":"publish","type":"post","link":"https:\/\/jorgezanoni.com.br\/2019\/esta-suspensa-a-vacinacao-contra-a-gripe-nas-escolas-por-falta-de-vacinas\/","title":{"rendered":"Est\u00e1 suspensa a vacina\u00e7\u00e3o contra a gripe nas escolas de Dracena por falta de Vacinas"},"content":{"rendered":"<p style=\"text-align: justify;\">ATEN\u00c7\u00c3O! N\u00e3o haver\u00e1 vacina contra a gripe nesta quinta e sexta-feira. Vacina\u00e7\u00e3o ser\u00e1 retomada na pr\u00f3xima quarta-feira, dia 22.<\/p>\n<p style=\"text-align: justify;\">A Prefeitura de Dracena, por meio da Secretaria Municipal de Sa\u00fade e Higiene P\u00fablica, informa que est\u00e1 temporariamente suspensa a vacina\u00e7\u00e3o contra a gripe nas escolas nesta quinta (16) e sexta-feira (17), porque as doses do munic\u00edpio acabaram.<\/p>\n<p style=\"text-align: justify;\">Ressalta-se que as vacinas s\u00e3o disponibilizadas pelo Minist\u00e9rio da Sa\u00fade aos Governos de Estado que ent\u00e3o rep<span class=\"text_exposed_show\">assam as doses aos munic\u00edpios, portanto, a falta de vacina n\u00e3o \u00e9 de responsabilidade da Prefeitura.<\/span><\/p>\n<div class=\"text_exposed_show\">\n<p style=\"text-align: justify;\">De acordo com a Secretaria de Sa\u00fade, Dracena receber\u00e1 novas doses neste fim de semana e a vacina\u00e7\u00e3o ser\u00e1 retomada na quarta-feira, dia 22, j\u00e1 que segunda-feira (20) \u00e9 ponto facultativo no munic\u00edpio e ter\u00e7a-feira \u00e9 feriado de Tiradentes.<\/p>\n<p style=\"text-align: justify;\">Nesta etapa as vacinas ainda estar\u00e3o dispon\u00edveis para idosos com 60 anos ou mais e tamb\u00e9m para as pessoas com doen\u00e7as cr\u00f4nica.<\/p>\n<p style=\"text-align: justify;\">Lembrando que as pessoas com doen\u00e7as cr\u00f4nicas devem levar a recomenda\u00e7\u00e3o m\u00e9dica para comprovar a comorbidade.<\/p>\n<p style=\"text-align: justify;\">A Secretaria Municipal de Sa\u00fade orienta que as pessoas mantenham dist\u00e2ncia segura uns dos outros na forma\u00e7\u00e3o de fila.<\/p>\n<p style=\"text-align: justify;\">As vacinas est\u00e3o sendo aplicadas das 08h \u00e0s 13h, nas seguintes escolas municipais:<\/p>\n<p style=\"text-align: justify;\">&#8211; Ott\u00edlia Braz Noguerol (Jardim das Palmeiras)<br \/>\n&#8211; Jo\u00e3o Vendramini (Centro)<br \/>\n&#8211; Luiza Rossa Ribeiro (S\u00e3o Francisco)<br \/>\n&#8211; Waldomiro Machado (Vila Barros)<br \/>\n&#8211; Jo\u00e3o Milan Barbosa (Em\u00edlio Zanatta)<\/p>\n<p style=\"text-align: justify;\">D\u00favidas? Ligue para o Informa SUS \u2013 Coronav\u00edrus e Vacina\u00e7\u00e3o Contra a Gripe, de segunda a sexta-feira, das 07h \u00e0s 12h e das 13h \u00e0s 16h.<\/p>\n<p style=\"text-align: justify;\">Telefones: (18) 3822-6868 \/ 3821-8012 \/ 3821-8014 \/ 3821-8015<\/p>\n<p style=\"text-align: justify;\">Fonte: https:\/\/www.facebook.com\/prefeituradracena\/<\/p>\n<\/div>\n","protected":false},"excerpt":{"rendered":"<p>ATEN\u00c7\u00c3O! N\u00e3o haver\u00e1 vacina contra a gripe nesta quinta e sexta-feira. Vacina\u00e7\u00e3o ser\u00e1 retomada na pr\u00f3xima quarta-feira, dia 22. A Prefeitura de Dracena, por meio da Secretaria Municipal de Sa\u00fade e Higiene P\u00fablica, informa que est\u00e1 temporariamente suspensa a vacina\u00e7\u00e3o contra a gripe nas escolas nesta quinta (16) e sexta-feira (17), porque as doses do [&hellip;]<\/p>\n","protected":false},"author":1,"featured_media":23856,"comment_status":"closed","ping_status":"open","sticky":false,"template":"","format":"standard","meta":{"footnotes":""},"categories":[179,184,110,122],"tags":[],"class_list":["post-23855","post","type-post","status-publish","format-standard","has-post-thumbnail","hentry","category-cidadeseregiao","category-dracena","category-noticiasdestaque","category-saudeeducacaoeconcurso"],"_links":{"self":[{"href":"https:\/\/jorgezanoni.com.br\/2019\/wp-json\/wp\/v2\/posts\/23855","targetHints":{"allow":["GET"]}}],"collection":[{"href":"https:\/\/jorgezanoni.com.br\/2019\/wp-json\/wp\/v2\/posts"}],"about":[{"href":"https:\/\/jorgezanoni.com.br\/2019\/wp-json\/wp\/v2\/types\/post"}],"author":[{"embeddable":true,"href":"https:\/\/jorgezanoni.com.br\/2019\/wp-json\/wp\/v2\/users\/1"}],"replies":[{"embeddable":true,"href":"https:\/\/jorgezanoni.com.br\/2019\/wp-json\/wp\/v2\/comments?post=23855"}],"version-history":[{"count":0,"href":"https:\/\/jorgezanoni.com.br\/2019\/wp-json\/wp\/v2\/posts\/23855\/revisions"}],"wp:featuredmedia":[{"embeddable":true,"href":"https:\/\/jorgezanoni.com.br\/2019\/wp-json\/wp\/v2\/media\/23856"}],"wp:attachment":[{"href":"https:\/\/jorgezanoni.com.br\/2019\/wp-json\/wp\/v2\/media?parent=23855"}],"wp:term":[{"taxonomy":"category","embeddable":true,"href":"https:\/\/jorgezanoni.com.br\/2019\/wp-json\/wp\/v2\/categories?post=23855"},{"taxonomy":"post_tag","embeddable":true,"href":"https:\/\/jorgezanoni.com.br\/2019\/wp-json\/wp\/v2\/tags?post=23855"}],"curies":[{"name":"wp","href":"https:\/\/api.w.org\/{rel}","templated":true}]}}