{"id":23849,"date":"2020-04-15T20:54:55","date_gmt":"2020-04-15T20:54:55","guid":{"rendered":"https:\/\/jorgezanoni.com.br\/2019\/?p=23849"},"modified":"2020-04-15T20:54:55","modified_gmt":"2020-04-15T20:54:55","slug":"dois-secretarios-municipais-de-dracena-pedem-demissao-dos-cargos","status":"publish","type":"post","link":"https:\/\/jorgezanoni.com.br\/2019\/dois-secretarios-municipais-de-dracena-pedem-demissao-dos-cargos\/","title":{"rendered":"Dois secret\u00e1rios municipais de Dracena pedem demiss\u00e3o dos cargos"},"content":{"rendered":"<p style=\"text-align: justify;\">A Prefeitura de Dracena comunica a exonera\u00e7\u00e3o de dois secret\u00e1rios municipais.<\/p>\n<p style=\"text-align: justify;\">S\u00e3o eles o Secret\u00e1rio de Cultura e Turismo, Jo\u00e3o Paulo Benini, e o Secret\u00e1rio de Infraestrutura, Habita\u00e7\u00e3o e Assuntos Vi\u00e1rios, Toshio Yrihoshi.<\/p>\n<div class=\"text_exposed_show\">\n<p style=\"text-align: justify;\">O motivo dos desligamentos \u00e9 exonera\u00e7\u00e3o a pedido dos pr\u00f3prios profissionais.<\/p>\n<p style=\"text-align: justify;\">Em breve ser\u00e1 anunciado quem ir\u00e1 assumir as respectivas pastas.<\/p>\n<p style=\"text-align: justify;\">Fonte: https:\/\/www.facebook.com\/prefeituradracena\/<\/p>\n<\/div>\n","protected":false},"excerpt":{"rendered":"<p>A Prefeitura de Dracena comunica a exonera\u00e7\u00e3o de dois secret\u00e1rios municipais. S\u00e3o eles o Secret\u00e1rio de Cultura e Turismo, Jo\u00e3o Paulo Benini, e o Secret\u00e1rio de Infraestrutura, Habita\u00e7\u00e3o e Assuntos Vi\u00e1rios, Toshio Yrihoshi. O motivo dos desligamentos \u00e9 exonera\u00e7\u00e3o a pedido dos pr\u00f3prios profissionais. Em breve ser\u00e1 anunciado quem ir\u00e1 assumir as respectivas pastas. Fonte: [&hellip;]<\/p>\n","protected":false},"author":1,"featured_media":23850,"comment_status":"closed","ping_status":"open","sticky":false,"template":"","format":"standard","meta":{"footnotes":""},"categories":[179,184,110,116],"tags":[],"class_list":["post-23849","post","type-post","status-publish","format-standard","has-post-thumbnail","hentry","category-cidadeseregiao","category-dracena","category-noticiasdestaque","category-politicaeeconomia"],"_links":{"self":[{"href":"https:\/\/jorgezanoni.com.br\/2019\/wp-json\/wp\/v2\/posts\/23849","targetHints":{"allow":["GET"]}}],"collection":[{"href":"https:\/\/jorgezanoni.com.br\/2019\/wp-json\/wp\/v2\/posts"}],"about":[{"href":"https:\/\/jorgezanoni.com.br\/2019\/wp-json\/wp\/v2\/types\/post"}],"author":[{"embeddable":true,"href":"https:\/\/jorgezanoni.com.br\/2019\/wp-json\/wp\/v2\/users\/1"}],"replies":[{"embeddable":true,"href":"https:\/\/jorgezanoni.com.br\/2019\/wp-json\/wp\/v2\/comments?post=23849"}],"version-history":[{"count":0,"href":"https:\/\/jorgezanoni.com.br\/2019\/wp-json\/wp\/v2\/posts\/23849\/revisions"}],"wp:featuredmedia":[{"embeddable":true,"href":"https:\/\/jorgezanoni.com.br\/2019\/wp-json\/wp\/v2\/media\/23850"}],"wp:attachment":[{"href":"https:\/\/jorgezanoni.com.br\/2019\/wp-json\/wp\/v2\/media?parent=23849"}],"wp:term":[{"taxonomy":"category","embeddable":true,"href":"https:\/\/jorgezanoni.com.br\/2019\/wp-json\/wp\/v2\/categories?post=23849"},{"taxonomy":"post_tag","embeddable":true,"href":"https:\/\/jorgezanoni.com.br\/2019\/wp-json\/wp\/v2\/tags?post=23849"}],"curies":[{"name":"wp","href":"https:\/\/api.w.org\/{rel}","templated":true}]}}