{"id":23843,"date":"2020-04-15T19:36:05","date_gmt":"2020-04-15T19:36:05","guid":{"rendered":"https:\/\/jorgezanoni.com.br\/2019\/?p=23843"},"modified":"2020-04-15T23:44:33","modified_gmt":"2020-04-15T23:44:33","slug":"prefeitura-de-dracena-informa-que-divulgacao-do-sbt-foi-equivocada","status":"publish","type":"post","link":"https:\/\/jorgezanoni.com.br\/2019\/prefeitura-de-dracena-informa-que-divulgacao-do-sbt-foi-equivocada\/","title":{"rendered":"Prefeitura de Dracena informa que divulga\u00e7\u00e3o do SBT sobre dados do Coranav\u00edrus foi equivocada"},"content":{"rendered":"<p style=\"text-align: justify;\">O Jornal SBT Interior 1\u00aa Edi\u00e7\u00e3o de hoje (15), divulgou equivocadamente que Dracena tem dois casos confirmados de Covid-19.<\/p>\n<p style=\"text-align: justify;\">Essa informa\u00e7\u00e3o n\u00e3o procede, Dracena tem apenas 01 caso confirmado de Covid-19 que foi divulgado no dia 1\u00ba de abril.<\/p>\n<div class=\"text_exposed_show\">\n<p style=\"text-align: justify;\">Ao tomar conhecimento da not\u00edcia, a diretoria de comunica\u00e7\u00e3o entrou em contato com a produ\u00e7\u00e3o do programa, e foi informado que ocorreu um erro na digita\u00e7\u00e3o da tabela e que ser\u00e1 corrigido na pr\u00f3xima edi\u00e7\u00e3o do programa.<\/p>\n<p style=\"text-align: justify;\">Outros meios de comunica\u00e7\u00e3o de Dracena est\u00e3o compartilhando o v\u00eddeo e afirmando que a informa\u00e7\u00e3o partiu da prefeitura, essa informa\u00e7\u00e3o tamb\u00e9m n\u00e3o procede, a prefeitura n\u00e3o recebeu contato do SBT Interior antes da exibi\u00e7\u00e3o do programa.<\/p>\n<p style=\"text-align: justify;\">Por fim, a Diretoria de Comunica\u00e7\u00e3o da Prefeitura ressalta que est\u00e1 a disposi\u00e7\u00e3o da imprensa local, regional e nacional para dados e informa\u00e7\u00f5es oficiais a respeito dos casos de covid-19 em Dracena.<\/p>\n<p>Fonte: https:\/\/www.facebook.com\/prefeituradracena\/<\/p>\n<p>VEJA RETRATA\u00c7\u00c3O DO SBT NO LINK ABAIXO:<\/p>\n<\/div>\n<p>https:\/\/sbtinterior.com\/noticia\/nota-da-redacao-dracena-tem-um-caso-confirmado-de-covid-19,9934757891525.html<\/p>\n<div class=\"text_exposed_show\">\n<p style=\"text-align: justify;\">Diferentemente do que foi mostrado na edi\u00e7\u00e3o de hoje (15\/04\/20) do SBT Interior 1\u00aa edi\u00e7\u00e3o, a cidade de Dracena, na Nova Alta Paulista, tem apenas um caso confirmado de covid-19. A v\u00edtima \u00e9 um agente penitenci\u00e1rio de 64 anos, que morava na cidade e havia testado positivo para a doen\u00e7a por meio de exame particular. Ele morreu no dia 03\/04\/20.<\/p>\n<p>Al\u00e9m disso, a cidade aguarda resultados de exames de outros dois casos: o de um paciente que morreu e de outro que j\u00e1 se recuperou da doen\u00e7a. Pelo nosso erro, pedimos desculpas.\u200b<\/p>\n<\/div>\n","protected":false},"excerpt":{"rendered":"<p>O Jornal SBT Interior 1\u00aa Edi\u00e7\u00e3o de hoje (15), divulgou equivocadamente que Dracena tem dois casos confirmados de Covid-19. Essa informa\u00e7\u00e3o n\u00e3o procede, Dracena tem apenas 01 caso confirmado de Covid-19 que foi divulgado no dia 1\u00ba de abril. Ao tomar conhecimento da not\u00edcia, a diretoria de comunica\u00e7\u00e3o entrou em contato com a produ\u00e7\u00e3o do [&hellip;]<\/p>\n","protected":false},"author":1,"featured_media":23844,"comment_status":"closed","ping_status":"open","sticky":false,"template":"","format":"standard","meta":{"footnotes":""},"categories":[179,184],"tags":[],"class_list":["post-23843","post","type-post","status-publish","format-standard","has-post-thumbnail","hentry","category-cidadeseregiao","category-dracena"],"_links":{"self":[{"href":"https:\/\/jorgezanoni.com.br\/2019\/wp-json\/wp\/v2\/posts\/23843","targetHints":{"allow":["GET"]}}],"collection":[{"href":"https:\/\/jorgezanoni.com.br\/2019\/wp-json\/wp\/v2\/posts"}],"about":[{"href":"https:\/\/jorgezanoni.com.br\/2019\/wp-json\/wp\/v2\/types\/post"}],"author":[{"embeddable":true,"href":"https:\/\/jorgezanoni.com.br\/2019\/wp-json\/wp\/v2\/users\/1"}],"replies":[{"embeddable":true,"href":"https:\/\/jorgezanoni.com.br\/2019\/wp-json\/wp\/v2\/comments?post=23843"}],"version-history":[{"count":0,"href":"https:\/\/jorgezanoni.com.br\/2019\/wp-json\/wp\/v2\/posts\/23843\/revisions"}],"wp:featuredmedia":[{"embeddable":true,"href":"https:\/\/jorgezanoni.com.br\/2019\/wp-json\/wp\/v2\/media\/23844"}],"wp:attachment":[{"href":"https:\/\/jorgezanoni.com.br\/2019\/wp-json\/wp\/v2\/media?parent=23843"}],"wp:term":[{"taxonomy":"category","embeddable":true,"href":"https:\/\/jorgezanoni.com.br\/2019\/wp-json\/wp\/v2\/categories?post=23843"},{"taxonomy":"post_tag","embeddable":true,"href":"https:\/\/jorgezanoni.com.br\/2019\/wp-json\/wp\/v2\/tags?post=23843"}],"curies":[{"name":"wp","href":"https:\/\/api.w.org\/{rel}","templated":true}]}}