{"id":23839,"date":"2020-04-15T19:01:24","date_gmt":"2020-04-15T19:01:24","guid":{"rendered":"https:\/\/jorgezanoni.com.br\/2019\/?p=23839"},"modified":"2020-04-15T19:03:29","modified_gmt":"2020-04-15T19:03:29","slug":"prefeito-de-dracena-passa-por-exames-e-esta-internado-na-santa-casa-local","status":"publish","type":"post","link":"https:\/\/jorgezanoni.com.br\/2019\/prefeito-de-dracena-passa-por-exames-e-esta-internado-na-santa-casa-local\/","title":{"rendered":"Prefeito de Dracena passa por exames e est\u00e1 internado na Santa Casa local"},"content":{"rendered":"<p style=\"text-align: justify;\">O Prefeito Municipal de Dracena Juliano Brito Bertolini, foi internado na manh\u00e3 desta quarta-feira (15), onde passou por alguns exames e acabou ficando internado na Santa Casa de Dracena.<\/p>\n<p style=\"text-align: justify;\">Segundo informa\u00e7\u00f5es obtidas pela reportagem do Site JZ junto a Assessoria de Imprensa da Prefeitura Municipal, at\u00e9 o momento n\u00e3o h\u00e1 ainda um diagn\u00f3stico oficial, pois os m\u00e9dicos est\u00e3o aguardando resultados de exames.<\/p>\n<p style=\"text-align: justify;\">H\u00e1 suspeitas que seja Dengue, por\u00e9m s\u00f3 os resultados que ir\u00e3o mesmo confirmar a real causa do motivo da interna\u00e7\u00e3o.<\/p>\n<p style=\"text-align: justify;\">Jorge Zanoni<\/p>\n<p>&nbsp;<\/p>\n","protected":false},"excerpt":{"rendered":"<p>O Prefeito Municipal de Dracena Juliano Brito Bertolini, foi internado na manh\u00e3 desta quarta-feira (15), onde passou por alguns exames e acabou ficando internado na Santa Casa de Dracena. Segundo informa\u00e7\u00f5es obtidas pela reportagem do Site JZ junto a Assessoria de Imprensa da Prefeitura Municipal, at\u00e9 o momento n\u00e3o h\u00e1 ainda um diagn\u00f3stico oficial, pois [&hellip;]<\/p>\n","protected":false},"author":1,"featured_media":23840,"comment_status":"closed","ping_status":"open","sticky":false,"template":"","format":"standard","meta":{"footnotes":""},"categories":[110,116],"tags":[],"class_list":["post-23839","post","type-post","status-publish","format-standard","has-post-thumbnail","hentry","category-noticiasdestaque","category-politicaeeconomia"],"_links":{"self":[{"href":"https:\/\/jorgezanoni.com.br\/2019\/wp-json\/wp\/v2\/posts\/23839","targetHints":{"allow":["GET"]}}],"collection":[{"href":"https:\/\/jorgezanoni.com.br\/2019\/wp-json\/wp\/v2\/posts"}],"about":[{"href":"https:\/\/jorgezanoni.com.br\/2019\/wp-json\/wp\/v2\/types\/post"}],"author":[{"embeddable":true,"href":"https:\/\/jorgezanoni.com.br\/2019\/wp-json\/wp\/v2\/users\/1"}],"replies":[{"embeddable":true,"href":"https:\/\/jorgezanoni.com.br\/2019\/wp-json\/wp\/v2\/comments?post=23839"}],"version-history":[{"count":0,"href":"https:\/\/jorgezanoni.com.br\/2019\/wp-json\/wp\/v2\/posts\/23839\/revisions"}],"wp:featuredmedia":[{"embeddable":true,"href":"https:\/\/jorgezanoni.com.br\/2019\/wp-json\/wp\/v2\/media\/23840"}],"wp:attachment":[{"href":"https:\/\/jorgezanoni.com.br\/2019\/wp-json\/wp\/v2\/media?parent=23839"}],"wp:term":[{"taxonomy":"category","embeddable":true,"href":"https:\/\/jorgezanoni.com.br\/2019\/wp-json\/wp\/v2\/categories?post=23839"},{"taxonomy":"post_tag","embeddable":true,"href":"https:\/\/jorgezanoni.com.br\/2019\/wp-json\/wp\/v2\/tags?post=23839"}],"curies":[{"name":"wp","href":"https:\/\/api.w.org\/{rel}","templated":true}]}}