{"id":23835,"date":"2020-04-15T18:15:31","date_gmt":"2020-04-15T18:15:31","guid":{"rendered":"https:\/\/jorgezanoni.com.br\/2019\/?p=23835"},"modified":"2020-04-15T18:15:52","modified_gmt":"2020-04-15T18:15:52","slug":"prefeitura-de-dracena-nao-divulga-casos-de-coronavirus-veja-este-video","status":"publish","type":"post","link":"https:\/\/jorgezanoni.com.br\/2019\/prefeitura-de-dracena-nao-divulga-casos-de-coronavirus-veja-este-video\/","title":{"rendered":"Prefeitura de Dracena n\u00e3o divulga casos de Coronav\u00edrus, veja este v\u00eddeo"},"content":{"rendered":"<p><iframe loading=\"lazy\" title=\"Atualiza\u00e7\u00e3o dos casos confirmados de Covid-19 nas cidades da regi\u00e3o\" width=\"696\" height=\"392\" src=\"https:\/\/www.youtube.com\/embed\/ytDRw1EQeqo?feature=oembed\" frameborder=\"0\" allow=\"accelerometer; autoplay; encrypted-media; gyroscope; picture-in-picture\" allowfullscreen><\/iframe><\/p>\n<div id=\"clarify-box\" class=\"style-scope ytd-watch-flexy\">\n<div class=\"container style-scope ytd-clarification-renderer\">\n<div class=\"text style-scope ytd-clarification-renderer\">\n<div class=\"content style-scope ytd-clarification-renderer\">\n<div class=\"content-title style-scope ytd-clarification-renderer\" style=\"text-align: justify;\">COVID-19<\/div>\n<p><a class=\"yt-simple-endpoint style-scope ytd-clarification-renderer\" href=\"https:\/\/webcache.googleusercontent.com\/search?q=cache:https:\/\/www.saude.gov.br\/saude-de-a-z\/coronavirus\">Veja as informa\u00e7\u00f5es mais recentes do MS sobre o COVID-19<\/a><\/p>\n<div id=\"action-button\" class=\"style-scope ytd-clarification-renderer\" style=\"text-align: justify;\"><a class=\"yt-simple-endpoint style-scope yt-button-renderer\" tabindex=\"-1\" href=\"https:\/\/webcache.googleusercontent.com\/search?q=cache:https:\/\/www.saude.gov.br\/saude-de-a-z\/coronavirus\">SAIBA MAIS<\/a><\/div>\n<\/div>\n<div class=\"source style-scope ytd-clarification-renderer\" style=\"text-align: justify;\">\u00a0Veja mais recursos no Google<\/div>\n<div class=\"source style-scope ytd-clarification-renderer\" style=\"text-align: justify;\"><span style=\"color: #111111; font-family: Roboto, sans-serif; font-size: 32px;\">Atualiza\u00e7\u00e3o dos casos confirmados de Covid-19 nas cidades da regi\u00e3o<\/span><\/div>\n<\/div>\n<\/div>\n<\/div>\n<div id=\"info\" class=\"style-scope ytd-watch-flexy\">\n<div id=\"info-contents\" class=\"style-scope ytd-watch-flexy\">\n<div id=\"container\" class=\"style-scope ytd-video-primary-info-renderer\">\n<div id=\"info\" class=\"style-scope ytd-video-primary-info-renderer\">\n<div id=\"info-text\" class=\"style-scope ytd-video-primary-info-renderer\">\n<div id=\"count\" class=\"style-scope ytd-video-primary-info-renderer\" style=\"text-align: justify;\"><span class=\"view-count style-scope yt-view-count-renderer\">96 visualiza\u00e7\u00f5es<\/span><\/div>\n<div id=\"date\" class=\"style-scope ytd-video-primary-info-renderer\" style=\"text-align: justify;\"><span id=\"dot\" class=\"style-scope ytd-video-primary-info-renderer\">\u2022<\/span>15 de abr. de 2020<\/div>\n<div style=\"text-align: justify;\">Fonte: https:\/\/www.youtube.com\/watch?v=ytDRw1EQeqo<\/div>\n<\/div>\n<\/div>\n<\/div>\n<\/div>\n<\/div>\n","protected":false},"excerpt":{"rendered":"<p>COVID-19 Veja as informa\u00e7\u00f5es mais recentes do MS sobre o COVID-19 SAIBA MAIS \u00a0Veja mais recursos no Google Atualiza\u00e7\u00e3o dos casos confirmados de Covid-19 nas cidades da regi\u00e3o 96 visualiza\u00e7\u00f5es \u202215 de abr. de 2020 Fonte: https:\/\/www.youtube.com\/watch?v=ytDRw1EQeqo<\/p>\n","protected":false},"author":1,"featured_media":23836,"comment_status":"closed","ping_status":"open","sticky":false,"template":"","format":"video","meta":{"footnotes":""},"categories":[179,184,169],"tags":[],"class_list":["post-23835","post","type-post","status-publish","format-video","has-post-thumbnail","hentry","category-cidadeseregiao","category-dracena","category-videos","post_format-post-format-video"],"_links":{"self":[{"href":"https:\/\/jorgezanoni.com.br\/2019\/wp-json\/wp\/v2\/posts\/23835","targetHints":{"allow":["GET"]}}],"collection":[{"href":"https:\/\/jorgezanoni.com.br\/2019\/wp-json\/wp\/v2\/posts"}],"about":[{"href":"https:\/\/jorgezanoni.com.br\/2019\/wp-json\/wp\/v2\/types\/post"}],"author":[{"embeddable":true,"href":"https:\/\/jorgezanoni.com.br\/2019\/wp-json\/wp\/v2\/users\/1"}],"replies":[{"embeddable":true,"href":"https:\/\/jorgezanoni.com.br\/2019\/wp-json\/wp\/v2\/comments?post=23835"}],"version-history":[{"count":0,"href":"https:\/\/jorgezanoni.com.br\/2019\/wp-json\/wp\/v2\/posts\/23835\/revisions"}],"wp:featuredmedia":[{"embeddable":true,"href":"https:\/\/jorgezanoni.com.br\/2019\/wp-json\/wp\/v2\/media\/23836"}],"wp:attachment":[{"href":"https:\/\/jorgezanoni.com.br\/2019\/wp-json\/wp\/v2\/media?parent=23835"}],"wp:term":[{"taxonomy":"category","embeddable":true,"href":"https:\/\/jorgezanoni.com.br\/2019\/wp-json\/wp\/v2\/categories?post=23835"},{"taxonomy":"post_tag","embeddable":true,"href":"https:\/\/jorgezanoni.com.br\/2019\/wp-json\/wp\/v2\/tags?post=23835"}],"curies":[{"name":"wp","href":"https:\/\/api.w.org\/{rel}","templated":true}]}}