{"id":23832,"date":"2020-04-15T17:53:48","date_gmt":"2020-04-15T17:53:48","guid":{"rendered":"https:\/\/jorgezanoni.com.br\/2019\/?p=23832"},"modified":"2020-04-15T17:53:48","modified_gmt":"2020-04-15T17:53:48","slug":"a-pandemia-em-tempo-de-coiso-com-coisas","status":"publish","type":"post","link":"https:\/\/jorgezanoni.com.br\/2019\/a-pandemia-em-tempo-de-coiso-com-coisas\/","title":{"rendered":"A Pandemia em tempo de coiso com coisas&#8230;"},"content":{"rendered":"<p style=\"text-align: justify;\"><strong>A PANDEMIA EM TEMPO DE COISO COM COISAS&#8230;<\/strong><\/p>\n<p style=\"text-align: justify;\"><em>\u201cTeremos de mudar a forma como vivemos neste planeta. Se n\u00e3o o fizermos, vamos pagar um pre\u00e7o muito alto.\u201d (Pandemia)<\/em><\/p>\n<p style=\"text-align: justify;\"><strong><em>S\u00e9rgio Barbosa (*)<\/em><\/strong><\/p>\n<p style=\"text-align: justify;\">De volta \u00e0 mesmice de sempre em tempo de COISO com COISAS, ainda, faz-se necess\u00e1rio continuar martelando sempre na CABE\u00c7A DA MANADA tais coloca\u00e7\u00f5es, tendo em vista que \u201c\u00e1gua mole em pedra dura tanto bate at\u00e9 que fura\u201d&#8230;<\/p>\n<p style=\"text-align: justify;\">N\u00e3o tem como deixar de escrever sobre este cen\u00e1rio mais do que surreal para a comunidade internacional dos fatos que ocorrem neste PA\u00cdS DO FAZ DE CONTA em tempo de BOZZONARO&#8230;<\/p>\n<p style=\"text-align: justify;\">Al\u00e9m do mais em meio ao tudo de menos, existem os disc\u00edpulos deste COISO que est\u00e3o al\u00e9m do fanatismo com suas camisetas amarelas e bandeiras um tanto duvidosas, por\u00e9m, esqueceram-se daquele PATO AMARELO do outro tempo deste velho tempo novo&#8230;<\/p>\n<p style=\"text-align: justify;\">O cen\u00e1rio continua em estado de alerta em todas as \u00e1reas em fun\u00e7\u00e3o desta PANDEMIA, ainda, solicito que a turma do COISO busque informa\u00e7\u00f5es por meio de pesquisas sobre as calamidades decorrentes destas denominadas PESTES&#8230;<\/p>\n<p style=\"text-align: justify;\">Se bem que solicitar tais pesquisas para a MANADA \u00e9 \u201cchover no molhado\u201d, haja vista que essa turma continua andando pra tr\u00e1s em todos os quesitos, portanto, que sejam felizes seguindo o MITI\u00e1tico&#8230;<\/p>\n<p style=\"text-align: justify;\">Tamb\u00e9m, n\u00e3o se pode esquecer-se de mencionar os tais GESTORES P\u00daBLICOS nas esferas estadual e municipal, pois, pra variar, existem muitos seguidores do COISO com suas COISAS&#8230;<\/p>\n<p style=\"text-align: justify;\">Tais indaga\u00e7\u00f5es se fazem necess\u00e1rias para muitos desencontros com as escolhas destes Gestores\/as em tempo de p\u00f3s-globaliza\u00e7\u00e3o pol\u00edtica, considerando que este ano, talvez, ocorram elei\u00e7\u00f5es para o\u00a0 Executivo e Legislativo Municipal nos quatro cantos deste PA\u00cdS DO FAZ DE CONTA&#8230;<\/p>\n<p style=\"text-align: justify;\">O futuro continua mais incerto do que nunca para todos\/as, entretanto, n\u00e3o se pode esquecer-se das li\u00e7\u00f5es do passado que est\u00e3o cobrando as a\u00e7\u00f5es do presente em territ\u00f3rio tupiniquim&#8230;<\/p>\n<p style=\"text-align: justify;\">As denominadas MENTES BOVINAS continuam atuando em todas as frentes neste contexto singular para a sociedade Tupiniquim, todavia, n\u00e3o se pode esperar muita COISA com este COISO que \u00e9 o tal de BOZZONARO&#8230;<\/p>\n<p style=\"text-align: justify;\">Neste mesmo ritmo em tempo de IDADE DAS TREVAS, tal qual na IDADE M\u00c9DIA, a maioria das PROV\u00cdNCIAS do interior desta imensa FAZENDA com suas porteiras e mandat\u00e1rios, ainda, fascinados pelas fal\u00e1cias do COISO, continuam patinando em suas a\u00e7\u00f5es de combate a PANDEMIA&#8230;<\/p>\n<p style=\"text-align: justify;\">As desinforma\u00e7\u00f5es continuam sendo a arma mais poderosa dos contr\u00e1rios as orienta\u00e7\u00f5es das autoridades m\u00e9dicas e sanit\u00e1rias deste PA\u00cdS DO FAZ DE CONTA, por\u00e9m, o momento \u00e9 de aten\u00e7\u00e3o VERMELHA (sic) na contram\u00e3o dos outros sinais, ou seja, do Amarelo ou Verde para todos os lados de um mesmo lado&#8230;<\/p>\n<p style=\"text-align: justify;\">QUEM SOBREVIVER VAI SABER&#8230;<\/p>\n<p style=\"text-align: justify;\"><strong><em>________________________<\/em><\/strong><\/p>\n<p style=\"text-align: justify;\"><strong><em>(*) jornalista diplomado e professor universit\u00e1rio.<\/em><\/strong><\/p>\n","protected":false},"excerpt":{"rendered":"<p>A PANDEMIA EM TEMPO DE COISO COM COISAS&#8230; \u201cTeremos de mudar a forma como vivemos neste planeta. Se n\u00e3o o fizermos, vamos pagar um pre\u00e7o muito alto.\u201d (Pandemia) S\u00e9rgio Barbosa (*) De volta \u00e0 mesmice de sempre em tempo de COISO com COISAS, ainda, faz-se necess\u00e1rio continuar martelando sempre na CABE\u00c7A DA MANADA tais coloca\u00e7\u00f5es, [&hellip;]<\/p>\n","protected":false},"author":1,"featured_media":23833,"comment_status":"closed","ping_status":"open","sticky":false,"template":"","format":"standard","meta":{"footnotes":""},"categories":[175],"tags":[],"class_list":["post-23832","post","type-post","status-publish","format-standard","has-post-thumbnail","hentry","category-artigos"],"_links":{"self":[{"href":"https:\/\/jorgezanoni.com.br\/2019\/wp-json\/wp\/v2\/posts\/23832","targetHints":{"allow":["GET"]}}],"collection":[{"href":"https:\/\/jorgezanoni.com.br\/2019\/wp-json\/wp\/v2\/posts"}],"about":[{"href":"https:\/\/jorgezanoni.com.br\/2019\/wp-json\/wp\/v2\/types\/post"}],"author":[{"embeddable":true,"href":"https:\/\/jorgezanoni.com.br\/2019\/wp-json\/wp\/v2\/users\/1"}],"replies":[{"embeddable":true,"href":"https:\/\/jorgezanoni.com.br\/2019\/wp-json\/wp\/v2\/comments?post=23832"}],"version-history":[{"count":0,"href":"https:\/\/jorgezanoni.com.br\/2019\/wp-json\/wp\/v2\/posts\/23832\/revisions"}],"wp:featuredmedia":[{"embeddable":true,"href":"https:\/\/jorgezanoni.com.br\/2019\/wp-json\/wp\/v2\/media\/23833"}],"wp:attachment":[{"href":"https:\/\/jorgezanoni.com.br\/2019\/wp-json\/wp\/v2\/media?parent=23832"}],"wp:term":[{"taxonomy":"category","embeddable":true,"href":"https:\/\/jorgezanoni.com.br\/2019\/wp-json\/wp\/v2\/categories?post=23832"},{"taxonomy":"post_tag","embeddable":true,"href":"https:\/\/jorgezanoni.com.br\/2019\/wp-json\/wp\/v2\/tags?post=23832"}],"curies":[{"name":"wp","href":"https:\/\/api.w.org\/{rel}","templated":true}]}}