{"id":23829,"date":"2020-04-15T17:22:08","date_gmt":"2020-04-15T17:22:08","guid":{"rendered":"https:\/\/jorgezanoni.com.br\/2019\/?p=23829"},"modified":"2020-04-15T17:22:08","modified_gmt":"2020-04-15T17:22:08","slug":"hospital-regional-do-cancer-de-pres-prudente-credencia-servico-de-ressonancia-magnetica-ao-sus","status":"publish","type":"post","link":"https:\/\/jorgezanoni.com.br\/2019\/hospital-regional-do-cancer-de-pres-prudente-credencia-servico-de-ressonancia-magnetica-ao-sus\/","title":{"rendered":"Hospital Regional do C\u00e2ncer de Pres. Prudente credencia servi\u00e7o de resson\u00e2ncia magn\u00e9tica ao SUS"},"content":{"rendered":"<p style=\"text-align: justify;\"><strong>Formaliza\u00e7\u00e3o \u00e9 o primeiro passo para o credenciamento de outros servi\u00e7os junto ao Governo do Estado.<\/strong><\/p>\n<p style=\"text-align: justify;\">O Hospital Regional do C\u00e2ncer de Presidente Prudente (HRCPP) formalizou na manh\u00e3 desta quarta-feira (15) o credenciamento do servi\u00e7o de resson\u00e2ncia magn\u00e9tica ao Sistema \u00danico de Sa\u00fade (SUS). Os exames j\u00e1 eram oferecidos desde fevereiro, com custeio pr\u00f3prio do hospital. Com a formaliza\u00e7\u00e3o, o HRCPP poder\u00e1 atender mais pacientes e inicia a aproxima\u00e7\u00e3o com o Governo do Estado para o credenciamento total da institui\u00e7\u00e3o.<\/p>\n<p style=\"text-align: justify;\">O conv\u00eanio com o Estado contempla a realiza\u00e7\u00e3o de 305 exames de resson\u00e2ncia\/m\u00eas, com pacientes que ser\u00e3o direcionados pelo Departamento Regional de Sa\u00fade XI (DRS). Dessa forma, os pacientes oncol\u00f3gicos do HRCPP<br \/>\ncontinuar\u00e3o sendo atendidos normalmente, como vem sendo feito desde fevereiro.<\/p>\n<p style=\"text-align: justify;\">Formaliza\u00e7\u00e3o<\/p>\n<p style=\"text-align: justify;\">A assinatura do contrato foi realizada com a presen\u00e7a da diretoria do HRCPP, do diretor do DRS 11, Jorge Chihara, e do deputado estadual Mauro Bragato.<\/p>\n<p style=\"text-align: justify;\">O deputado prestigiou o momento e buscou informa\u00e7\u00f5es sobre credenciamento de 80 leitos de interna\u00e7\u00e3o e 10 leitos de Unidade de Terapia Intensiva (UTI) do HRCPP por meio de conv\u00eanio com o Estado, para o atendimento dos pacientes oncol\u00f3gicos e de outras patologias que ser\u00e3o transferidos do Hospital Regional (HR).<\/p>\n<p style=\"text-align: justify;\">Bragato se colocou mais uma vez \u00e0 disposi\u00e7\u00e3o para a busca de recursos que viabilizem o funcionamento total do hospital. \u201cO HRCPP est\u00e1 buscando o caminho certo, que \u00e9 efetivamente melhorar o atendimento \u00e0 popula\u00e7\u00e3o e, acima de tudo, ampliar e ser um hospital que tem a vida pr\u00f3pria\u201d, completou.<\/p>\n<p style=\"text-align: justify;\">O diretor do DRS 11, Jorge Chihara, afirmou que esse \u00e9 o primeiro passo para a habilita\u00e7\u00e3o do HRCPP em oncologia. \u201cN\u00f3s estamos bastante otimistas que, a partir deste momento, a habilita\u00e7\u00e3o do hospital como Unacon [Unidade de Alta Complexidade em Oncologia) est\u00e1 bem mais pr\u00f3xima\u201d, explicou Chihara.<\/p>\n<p style=\"text-align: justify;\">Segundo o presidente do HRCPP, Francelino Magalh\u00e3es, tudo est\u00e1 caminhando. \u201cEstamos esperan\u00e7osos de que poderemos, em breve espa\u00e7o de tempo, com o apoio do deputado Mauro Bragato, colocar todos os setores em funcionamento por meio do credenciamento ao SUS\u201d, finalizou.<\/p>\n<p style=\"text-align: justify;\">Fonte: Assessoria de Imprensa Deputado Mauro Bragato<\/p>\n","protected":false},"excerpt":{"rendered":"<p>Formaliza\u00e7\u00e3o \u00e9 o primeiro passo para o credenciamento de outros servi\u00e7os junto ao Governo do Estado. O Hospital Regional do C\u00e2ncer de Presidente Prudente (HRCPP) formalizou na manh\u00e3 desta quarta-feira (15) o credenciamento do servi\u00e7o de resson\u00e2ncia magn\u00e9tica ao Sistema \u00danico de Sa\u00fade (SUS). Os exames j\u00e1 eram oferecidos desde fevereiro, com custeio pr\u00f3prio do [&hellip;]<\/p>\n","protected":false},"author":1,"featured_media":23830,"comment_status":"closed","ping_status":"open","sticky":false,"template":"","format":"standard","meta":{"footnotes":""},"categories":[110,116],"tags":[],"class_list":["post-23829","post","type-post","status-publish","format-standard","has-post-thumbnail","hentry","category-noticiasdestaque","category-politicaeeconomia"],"_links":{"self":[{"href":"https:\/\/jorgezanoni.com.br\/2019\/wp-json\/wp\/v2\/posts\/23829","targetHints":{"allow":["GET"]}}],"collection":[{"href":"https:\/\/jorgezanoni.com.br\/2019\/wp-json\/wp\/v2\/posts"}],"about":[{"href":"https:\/\/jorgezanoni.com.br\/2019\/wp-json\/wp\/v2\/types\/post"}],"author":[{"embeddable":true,"href":"https:\/\/jorgezanoni.com.br\/2019\/wp-json\/wp\/v2\/users\/1"}],"replies":[{"embeddable":true,"href":"https:\/\/jorgezanoni.com.br\/2019\/wp-json\/wp\/v2\/comments?post=23829"}],"version-history":[{"count":0,"href":"https:\/\/jorgezanoni.com.br\/2019\/wp-json\/wp\/v2\/posts\/23829\/revisions"}],"wp:featuredmedia":[{"embeddable":true,"href":"https:\/\/jorgezanoni.com.br\/2019\/wp-json\/wp\/v2\/media\/23830"}],"wp:attachment":[{"href":"https:\/\/jorgezanoni.com.br\/2019\/wp-json\/wp\/v2\/media?parent=23829"}],"wp:term":[{"taxonomy":"category","embeddable":true,"href":"https:\/\/jorgezanoni.com.br\/2019\/wp-json\/wp\/v2\/categories?post=23829"},{"taxonomy":"post_tag","embeddable":true,"href":"https:\/\/jorgezanoni.com.br\/2019\/wp-json\/wp\/v2\/tags?post=23829"}],"curies":[{"name":"wp","href":"https:\/\/api.w.org\/{rel}","templated":true}]}}