{"id":23780,"date":"2020-04-15T00:10:50","date_gmt":"2020-04-15T00:10:50","guid":{"rendered":"https:\/\/jorgezanoni.com.br\/2019\/?p=23780"},"modified":"2020-04-15T00:10:50","modified_gmt":"2020-04-15T00:10:50","slug":"policia-civil-investiga-furto-de-25-cabecas-de-gado-em-florida-paulista","status":"publish","type":"post","link":"https:\/\/jorgezanoni.com.br\/2019\/policia-civil-investiga-furto-de-25-cabecas-de-gado-em-florida-paulista\/","title":{"rendered":"Pol\u00edcia Civil investiga furto de 25 cabe\u00e7as de gado em Fl\u00f3rida Paulista"},"content":{"rendered":"<h2 class=\"content-head__subtitle\" style=\"text-align: justify;\"><strong>Segundo a v\u00edtima, animais foram subtra\u00eddos da propriedade. A estimativa do preju\u00edzo \u00e9 de R$ 50 mil.<\/strong><\/h2>\n<div class=\"mc-column content-text active-extra-styles \" data-block-type=\"unstyled\" data-block-weight=\"25\" data-block-id=\"2\">\n<p class=\"content-text__container \" style=\"text-align: justify;\" data-track-category=\"Link no Texto\" data-track-links=\"\">A Pol\u00edcia Civil investiga o furto de 25 cabe\u00e7as de gado registrado na madrugada desta ter\u00e7a-feira (14), em uma propriedade rural, em\u00a0<a href=\"https:\/\/g1.globo.com\/sp\/presidente-prudente-regiao\/cidade\/florida-paulista\/\">Fl\u00f3rida Paulista<\/a>.<\/p>\n<\/div>\n<div class=\"wall protected-content\">\n<div class=\"mc-column content-text active-extra-styles \" style=\"text-align: justify;\" data-block-type=\"unstyled\" data-block-weight=\"51\" data-block-id=\"3\">\n<p class=\"content-text__container \" data-track-category=\"Link no Texto\" data-track-links=\"\">De acordo com a pol\u00edcia, o propriet\u00e1rio, ao chegar no local por volta das 5h para realizar o processo de ordenha, notou que a porteira estava aberta sem sinais de arrombamento. Quando chegou ao curral, constatou que as vacas n\u00e3o estavam no pasto, chamou por elas, mas n\u00e3o as encontrou.<\/p>\n<\/div>\n<div class=\"mc-column content-text active-extra-styles \" style=\"text-align: justify;\" data-block-type=\"unstyled\" data-block-weight=\"20\" data-block-id=\"4\">\n<p class=\"content-text__container \" data-track-category=\"Link no Texto\" data-track-links=\"\">As 25 vacas subtra\u00eddas eram leiteiras e mesti\u00e7as. Conforme a v\u00edtima, o preju\u00edzo estimado \u00e9 de R$ 50 mil.<\/p>\n<\/div>\n<div class=\"mc-column content-text active-extra-styles \" style=\"text-align: justify;\" data-block-type=\"unstyled\" data-block-weight=\"30\" data-block-id=\"5\">\n<p class=\"content-text__container \" data-track-category=\"Link no Texto\" data-track-links=\"\">A Pol\u00edcia Civil informou ao\u00a0<strong>G1<\/strong>\u00a0que devido a chuva durante a madrugada desta ter\u00e7a-feira (14), n\u00e3o foram encontrados vest\u00edgios de pneus no solo pr\u00f3ximo ao embarcador dos animais.<\/p>\n<\/div>\n<div class=\"mc-column content-text active-extra-styles \" style=\"text-align: justify;\" data-block-type=\"unstyled\" data-block-weight=\"18\" data-block-id=\"6\">\n<p class=\"content-text__container \" data-track-category=\"Link no Texto\" data-track-links=\"\">Foi aberto inqu\u00e9rito policial para identificar e prender os respons\u00e1veis pelo crime e para localizar o gado furtado.<\/p>\n<\/div>\n<div class=\"row medium-uncollapsed content-media content-photo\" style=\"text-align: justify;\" data-block-type=\"backstage-photo\" data-block-id=\"7\">\n<div class=\"mc-column content-media__container\">\n<div class=\"progressive-img can-open-lightbox\" data-min-size=\"1008x756\" data-min-size-url=\"https:\/\/s2.glbimg.com\/PWnRXKryC-_9LnFdk2P5y5TliFI=\/0x0:1280x960\/1008x0\/smart\/filters:strip_icc()\/i.s3.glbimg.com\/v1\/AUTH_59edd422c0c84a879bd37670ae4f538a\/internal_photos\/bs\/2020\/x\/J\/M6k2ddTTWG33sHRs8HFw\/whatsapp-image-2020-04-14-at-15.50.57.jpeg\" data-max-size=\"1600x1200\" data-max-size-url=\"https:\/\/s2.glbimg.com\/8jqTRAnpv7YGAIkepMQ39fE8Wic=\/0x0:1280x960\/1600x0\/smart\/filters:strip_icc()\/i.s3.glbimg.com\/v1\/AUTH_59edd422c0c84a879bd37670ae4f538a\/internal_photos\/bs\/2020\/x\/J\/M6k2ddTTWG33sHRs8HFw\/whatsapp-image-2020-04-14-at-15.50.57.jpeg\" data-media-index=\"1\"><picture><source srcset=\"https:\/\/s2.glbimg.com\/AYrLo9U88QReYbjvJpfSxGcPLsQ=\/0x0:1280x960\/600x0\/smart\/filters:strip_icc()\/i.s3.glbimg.com\/v1\/AUTH_59edd422c0c84a879bd37670ae4f538a\/internal_photos\/bs\/2020\/x\/J\/M6k2ddTTWG33sHRs8HFw\/whatsapp-image-2020-04-14-at-15.50.57.jpeg 1x, https:\/\/s2.glbimg.com\/0P5d3ezUF6WnvUXAbO8lqeTlTEw=\/0x0:1280x960\/1200x0\/smart\/filters:strip_icc()\/i.s3.glbimg.com\/v1\/AUTH_59edd422c0c84a879bd37670ae4f538a\/internal_photos\/bs\/2020\/x\/J\/M6k2ddTTWG33sHRs8HFw\/whatsapp-image-2020-04-14-at-15.50.57.jpeg 2x\" media=\"(max-width: 1024px)\" data-src=\"https:\/\/s2.glbimg.com\/AYrLo9U88QReYbjvJpfSxGcPLsQ=\/0x0:1280x960\/600x0\/smart\/filters:strip_icc()\/i.s3.glbimg.com\/v1\/AUTH_59edd422c0c84a879bd37670ae4f538a\/internal_photos\/bs\/2020\/x\/J\/M6k2ddTTWG33sHRs8HFw\/whatsapp-image-2020-04-14-at-15.50.57.jpeg 1x, https:\/\/s2.glbimg.com\/0P5d3ezUF6WnvUXAbO8lqeTlTEw=\/0x0:1280x960\/1200x0\/smart\/filters:strip_icc()\/i.s3.glbimg.com\/v1\/AUTH_59edd422c0c84a879bd37670ae4f538a\/internal_photos\/bs\/2020\/x\/J\/M6k2ddTTWG33sHRs8HFw\/whatsapp-image-2020-04-14-at-15.50.57.jpeg 2x\" \/><source srcset=\"https:\/\/s2.glbimg.com\/7KS83TMu_FtqsT0L_38gk2OT0Z8=\/0x0:1280x960\/640x0\/smart\/filters:strip_icc()\/i.s3.glbimg.com\/v1\/AUTH_59edd422c0c84a879bd37670ae4f538a\/internal_photos\/bs\/2020\/x\/J\/M6k2ddTTWG33sHRs8HFw\/whatsapp-image-2020-04-14-at-15.50.57.jpeg 1x, https:\/\/s2.glbimg.com\/pZGZZjiunl61aca45ddv0qTyfI4=\/0x0:1280x960\/1280x0\/smart\/filters:strip_icc()\/i.s3.glbimg.com\/v1\/AUTH_59edd422c0c84a879bd37670ae4f538a\/internal_photos\/bs\/2020\/x\/J\/M6k2ddTTWG33sHRs8HFw\/whatsapp-image-2020-04-14-at-15.50.57.jpeg 2x\" media=\"(max-width: 1280px)\" data-src=\"https:\/\/s2.glbimg.com\/7KS83TMu_FtqsT0L_38gk2OT0Z8=\/0x0:1280x960\/640x0\/smart\/filters:strip_icc()\/i.s3.glbimg.com\/v1\/AUTH_59edd422c0c84a879bd37670ae4f538a\/internal_photos\/bs\/2020\/x\/J\/M6k2ddTTWG33sHRs8HFw\/whatsapp-image-2020-04-14-at-15.50.57.jpeg 1x, https:\/\/s2.glbimg.com\/pZGZZjiunl61aca45ddv0qTyfI4=\/0x0:1280x960\/1280x0\/smart\/filters:strip_icc()\/i.s3.glbimg.com\/v1\/AUTH_59edd422c0c84a879bd37670ae4f538a\/internal_photos\/bs\/2020\/x\/J\/M6k2ddTTWG33sHRs8HFw\/whatsapp-image-2020-04-14-at-15.50.57.jpeg 2x\" \/><source srcset=\"https:\/\/s2.glbimg.com\/4RNGTwUv3lRyaaIX8IC8sSQ4cGM=\/0x0:1280x960\/984x0\/smart\/filters:strip_icc()\/i.s3.glbimg.com\/v1\/AUTH_59edd422c0c84a879bd37670ae4f538a\/internal_photos\/bs\/2020\/x\/J\/M6k2ddTTWG33sHRs8HFw\/whatsapp-image-2020-04-14-at-15.50.57.jpeg 1x, https:\/\/s2.glbimg.com\/BNgr78_QX5IVajMJyvbFGDty1j4=\/0x0:1280x960\/1968x0\/smart\/filters:strip_icc()\/i.s3.glbimg.com\/v1\/AUTH_59edd422c0c84a879bd37670ae4f538a\/internal_photos\/bs\/2020\/x\/J\/M6k2ddTTWG33sHRs8HFw\/whatsapp-image-2020-04-14-at-15.50.57.jpeg 2x\" media=\"(max-width: 1360px)\" data-src=\"https:\/\/s2.glbimg.com\/4RNGTwUv3lRyaaIX8IC8sSQ4cGM=\/0x0:1280x960\/984x0\/smart\/filters:strip_icc()\/i.s3.glbimg.com\/v1\/AUTH_59edd422c0c84a879bd37670ae4f538a\/internal_photos\/bs\/2020\/x\/J\/M6k2ddTTWG33sHRs8HFw\/whatsapp-image-2020-04-14-at-15.50.57.jpeg 1x, https:\/\/s2.glbimg.com\/BNgr78_QX5IVajMJyvbFGDty1j4=\/0x0:1280x960\/1968x0\/smart\/filters:strip_icc()\/i.s3.glbimg.com\/v1\/AUTH_59edd422c0c84a879bd37670ae4f538a\/internal_photos\/bs\/2020\/x\/J\/M6k2ddTTWG33sHRs8HFw\/whatsapp-image-2020-04-14-at-15.50.57.jpeg 2x\" \/><source srcset=\"https:\/\/s2.glbimg.com\/aps9t5_8EKf9sqqFH8wb-fPmwDs=\/0x0:1280x960\/1000x0\/smart\/filters:strip_icc()\/i.s3.glbimg.com\/v1\/AUTH_59edd422c0c84a879bd37670ae4f538a\/internal_photos\/bs\/2020\/x\/J\/M6k2ddTTWG33sHRs8HFw\/whatsapp-image-2020-04-14-at-15.50.57.jpeg 1x, https:\/\/s2.glbimg.com\/eOdFx8p__5-Wvg6xKEZJBDiNE4g=\/0x0:1280x960\/2000x0\/smart\/filters:strip_icc()\/i.s3.glbimg.com\/v1\/AUTH_59edd422c0c84a879bd37670ae4f538a\/internal_photos\/bs\/2020\/x\/J\/M6k2ddTTWG33sHRs8HFw\/whatsapp-image-2020-04-14-at-15.50.57.jpeg 2x\" media=\"(min-width: 1361px)\" data-src=\"https:\/\/s2.glbimg.com\/aps9t5_8EKf9sqqFH8wb-fPmwDs=\/0x0:1280x960\/1000x0\/smart\/filters:strip_icc()\/i.s3.glbimg.com\/v1\/AUTH_59edd422c0c84a879bd37670ae4f538a\/internal_photos\/bs\/2020\/x\/J\/M6k2ddTTWG33sHRs8HFw\/whatsapp-image-2020-04-14-at-15.50.57.jpeg 1x, https:\/\/s2.glbimg.com\/eOdFx8p__5-Wvg6xKEZJBDiNE4g=\/0x0:1280x960\/2000x0\/smart\/filters:strip_icc()\/i.s3.glbimg.com\/v1\/AUTH_59edd422c0c84a879bd37670ae4f538a\/internal_photos\/bs\/2020\/x\/J\/M6k2ddTTWG33sHRs8HFw\/whatsapp-image-2020-04-14-at-15.50.57.jpeg 2x\" \/><source srcset=\"https:\/\/s2.glbimg.com\/4RNGTwUv3lRyaaIX8IC8sSQ4cGM=\/0x0:1280x960\/984x0\/smart\/filters:strip_icc()\/i.s3.glbimg.com\/v1\/AUTH_59edd422c0c84a879bd37670ae4f538a\/internal_photos\/bs\/2020\/x\/J\/M6k2ddTTWG33sHRs8HFw\/whatsapp-image-2020-04-14-at-15.50.57.jpeg\" data-src=\"https:\/\/s2.glbimg.com\/4RNGTwUv3lRyaaIX8IC8sSQ4cGM=\/0x0:1280x960\/984x0\/smart\/filters:strip_icc()\/i.s3.glbimg.com\/v1\/AUTH_59edd422c0c84a879bd37670ae4f538a\/internal_photos\/bs\/2020\/x\/J\/M6k2ddTTWG33sHRs8HFw\/whatsapp-image-2020-04-14-at-15.50.57.jpeg\" \/><img decoding=\"async\" class=\"image content-media__image progressive-loaded\" title=\"Animais foram furtados de uma propriedade rural em Fl\u00f3rida Paulista \u2014 Foto: Evandro de Souza Benitez\/Cedida\" src=\"https:\/\/s2.glbimg.com\/4RNGTwUv3lRyaaIX8IC8sSQ4cGM=\/0x0:1280x960\/984x0\/smart\/filters:strip_icc()\/i.s3.glbimg.com\/v1\/AUTH_59edd422c0c84a879bd37670ae4f538a\/internal_photos\/bs\/2020\/x\/J\/M6k2ddTTWG33sHRs8HFw\/whatsapp-image-2020-04-14-at-15.50.57.jpeg\" alt=\"Animais foram furtados de uma propriedade rural em Fl\u00f3rida Paulista \u2014 Foto: Evandro de Souza Benitez\/Cedida\" data-src=\"https:\/\/s2.glbimg.com\/4RNGTwUv3lRyaaIX8IC8sSQ4cGM=\/0x0:1280x960\/984x0\/smart\/filters:strip_icc()\/i.s3.glbimg.com\/v1\/AUTH_59edd422c0c84a879bd37670ae4f538a\/internal_photos\/bs\/2020\/x\/J\/M6k2ddTTWG33sHRs8HFw\/whatsapp-image-2020-04-14-at-15.50.57.jpeg\" \/><\/picture><\/div>\n<p class=\"content-media__description \">Animais foram furtados de uma propriedade rural em Fl\u00f3rida Paulista \u2014 Foto: Evandro de Souza Benitez\/Cedida<\/p>\n<\/div>\n<\/div>\n<div class=\"row medium-uncollapsed content-media content-photo\" style=\"text-align: justify;\" data-block-type=\"backstage-photo\" data-block-id=\"9\">\n<div class=\"mc-column content-media__container\">\n<div class=\"progressive-img can-open-lightbox\" data-min-size=\"1008x756\" data-min-size-url=\"https:\/\/s2.glbimg.com\/Sxk9fKkYjpbXhMsn_Kuu9KFES-c=\/0x0:1280x960\/1008x0\/smart\/filters:strip_icc()\/i.s3.glbimg.com\/v1\/AUTH_59edd422c0c84a879bd37670ae4f538a\/internal_photos\/bs\/2020\/x\/I\/r2M9fKTMSWjAe5gitwEg\/whatsapp-image-2020-04-14-at-15.50.58-1-.jpeg\" data-max-size=\"1600x1200\" data-max-size-url=\"https:\/\/s2.glbimg.com\/YUilrstkM8yzJcrvTblrebFncV4=\/0x0:1280x960\/1600x0\/smart\/filters:strip_icc()\/i.s3.glbimg.com\/v1\/AUTH_59edd422c0c84a879bd37670ae4f538a\/internal_photos\/bs\/2020\/x\/I\/r2M9fKTMSWjAe5gitwEg\/whatsapp-image-2020-04-14-at-15.50.58-1-.jpeg\" data-media-index=\"2\">\n<div class=\"placeholder-container\"><img decoding=\"async\" class=\"image content-media__image progressive-loaded\" title=\"Animais foram furtados de uma propriedade rural em Fl\u00f3rida Paulista \u2014 Foto: Evandro de Souza Benitez\/Cedida\" src=\"https:\/\/s2.glbimg.com\/HLUfZlkn9grUstlXz0YJ72cI5Wo=\/0x0:1280x960\/984x0\/smart\/filters:strip_icc()\/i.s3.glbimg.com\/v1\/AUTH_59edd422c0c84a879bd37670ae4f538a\/internal_photos\/bs\/2020\/x\/I\/r2M9fKTMSWjAe5gitwEg\/whatsapp-image-2020-04-14-at-15.50.58-1-.jpeg\" alt=\"Animais foram furtados de uma propriedade rural em Fl\u00f3rida Paulista \u2014 Foto: Evandro de Souza Benitez\/Cedida\" data-src=\"https:\/\/s2.glbimg.com\/HLUfZlkn9grUstlXz0YJ72cI5Wo=\/0x0:1280x960\/984x0\/smart\/filters:strip_icc()\/i.s3.glbimg.com\/v1\/AUTH_59edd422c0c84a879bd37670ae4f538a\/internal_photos\/bs\/2020\/x\/I\/r2M9fKTMSWjAe5gitwEg\/whatsapp-image-2020-04-14-at-15.50.58-1-.jpeg\" \/><\/div>\n<\/div>\n<p class=\"content-media__description \">Animais foram furtados de uma propriedade rural em Fl\u00f3rida Paulista \u2014 Foto: Evandro de Souza Benitez\/Cedida<\/p>\n<\/div>\n<\/div>\n<div class=\"row medium-uncollapsed content-media content-photo\" style=\"text-align: justify;\" data-block-type=\"backstage-photo\" data-block-id=\"10\">\n<div class=\"mc-column content-media__container\">\n<div class=\"progressive-img can-open-lightbox\" data-min-size=\"1008x756\" data-min-size-url=\"https:\/\/s2.glbimg.com\/prv7Hte1TBcoIKROSS-iWPlIfCo=\/0x0:1280x960\/1008x0\/smart\/filters:strip_icc()\/i.s3.glbimg.com\/v1\/AUTH_59edd422c0c84a879bd37670ae4f538a\/internal_photos\/bs\/2020\/A\/p\/cXuk69SqK8mJT2Sypmqg\/whatsapp-image-2020-04-14-at-15.50.59-1-.jpeg\" data-max-size=\"1600x1200\" data-max-size-url=\"https:\/\/s2.glbimg.com\/OzJP6OX5QLV0783OSOLV8ooLoRI=\/0x0:1280x960\/1600x0\/smart\/filters:strip_icc()\/i.s3.glbimg.com\/v1\/AUTH_59edd422c0c84a879bd37670ae4f538a\/internal_photos\/bs\/2020\/A\/p\/cXuk69SqK8mJT2Sypmqg\/whatsapp-image-2020-04-14-at-15.50.59-1-.jpeg\" data-media-index=\"3\">\n<div class=\"placeholder-container\"><img decoding=\"async\" class=\"image content-media__image progressive-loaded\" title=\"Animais foram furtados de uma propriedade rural em Fl\u00f3rida Paulista \u2014 Foto: Evandro de Souza Benitez\/Cedida\" src=\"https:\/\/s2.glbimg.com\/pd6p9NVQ7czCQG9LNuPk6duPncI=\/0x0:1280x960\/984x0\/smart\/filters:strip_icc()\/i.s3.glbimg.com\/v1\/AUTH_59edd422c0c84a879bd37670ae4f538a\/internal_photos\/bs\/2020\/A\/p\/cXuk69SqK8mJT2Sypmqg\/whatsapp-image-2020-04-14-at-15.50.59-1-.jpeg\" alt=\"Animais foram furtados de uma propriedade rural em Fl\u00f3rida Paulista \u2014 Foto: Evandro de Souza Benitez\/Cedida\" data-src=\"https:\/\/s2.glbimg.com\/pd6p9NVQ7czCQG9LNuPk6duPncI=\/0x0:1280x960\/984x0\/smart\/filters:strip_icc()\/i.s3.glbimg.com\/v1\/AUTH_59edd422c0c84a879bd37670ae4f538a\/internal_photos\/bs\/2020\/A\/p\/cXuk69SqK8mJT2Sypmqg\/whatsapp-image-2020-04-14-at-15.50.59-1-.jpeg\" \/><\/div>\n<\/div>\n<p class=\"content-media__description \">Animais foram furtados de uma propriedade rural em Fl\u00f3rida Paulista \u2014 Foto: Evandro de Souza Benitez\/Cedida<\/p>\n<\/div>\n<\/div>\n<div class=\"row medium-uncollapsed content-media content-photo\" data-block-type=\"backstage-photo\" data-block-id=\"11\">\n<div class=\"mc-column content-media__container\">\n<div class=\"progressive-img can-open-lightbox\" style=\"text-align: justify;\" data-min-size=\"1008x756\" data-min-size-url=\"https:\/\/s2.glbimg.com\/JfYqt3mj255xPc9XxhcRZFzKHOY=\/0x0:1280x960\/1008x0\/smart\/filters:strip_icc()\/i.s3.glbimg.com\/v1\/AUTH_59edd422c0c84a879bd37670ae4f538a\/internal_photos\/bs\/2020\/O\/h\/UwoWWKS5eOijaenGkjLQ\/whatsapp-image-2020-04-14-at-15.55.55.jpeg\" data-max-size=\"1600x1200\" data-max-size-url=\"https:\/\/s2.glbimg.com\/Vq-SlIOnBXSEZJlK-SOtKu95hLc=\/0x0:1280x960\/1600x0\/smart\/filters:strip_icc()\/i.s3.glbimg.com\/v1\/AUTH_59edd422c0c84a879bd37670ae4f538a\/internal_photos\/bs\/2020\/O\/h\/UwoWWKS5eOijaenGkjLQ\/whatsapp-image-2020-04-14-at-15.55.55.jpeg\" data-media-index=\"4\">\n<div class=\"placeholder-container\"><img decoding=\"async\" class=\"image content-media__image progressive-loaded\" title=\"Animais foram furtados de uma propriedade rural em Fl\u00f3rida Paulista \u2014 Foto: Evandro de Souza Benitez\/Cedida\" src=\"https:\/\/s2.glbimg.com\/uOVit0Lo3hOPIK95-7raZVytUS4=\/0x0:1280x960\/984x0\/smart\/filters:strip_icc()\/i.s3.glbimg.com\/v1\/AUTH_59edd422c0c84a879bd37670ae4f538a\/internal_photos\/bs\/2020\/O\/h\/UwoWWKS5eOijaenGkjLQ\/whatsapp-image-2020-04-14-at-15.55.55.jpeg\" alt=\"Animais foram furtados de uma propriedade rural em Fl\u00f3rida Paulista \u2014 Foto: Evandro de Souza Benitez\/Cedida\" data-src=\"https:\/\/s2.glbimg.com\/uOVit0Lo3hOPIK95-7raZVytUS4=\/0x0:1280x960\/984x0\/smart\/filters:strip_icc()\/i.s3.glbimg.com\/v1\/AUTH_59edd422c0c84a879bd37670ae4f538a\/internal_photos\/bs\/2020\/O\/h\/UwoWWKS5eOijaenGkjLQ\/whatsapp-image-2020-04-14-at-15.55.55.jpeg\" \/><\/div>\n<\/div>\n<p class=\"content-media__description \" style=\"text-align: justify;\">Animais foram furtados de uma propriedade rural em Fl\u00f3rida Paulista \u2014 Foto: Evandro de Souza Benitez\/Cedida<\/p>\n<p>Fonte: G1<\/p>\n<\/div>\n<\/div>\n<div class=\"content-ads content-ads--reveal\" data-block-type=\"ads\" data-block-id=\"12\">\n<div id=\"banner_materia__375a2e6f-13e6-42c2-89c3-aed10a93c932\" class=\"tag-manager-publicidade-container mc-has-reveal mc-has-ad-lazyload tag-manager-publicidade-banner_materia__375a2e6f-13e6-42c2-89c3-aed10a93c932 tag-manager-publicidade-container--carregado tag-manager-publicidade-container--visivel\" data-id=\"banner_materia__375a2e6f-13e6-42c2-89c3-aed10a93c932\" data-google-query-id=\"CN25yd-R6egCFTAEuQYdOO8L3Q\" data-cid=\"138307099467\" data-lid=\"5332379991\"><\/div>\n<\/div>\n<\/div>\n","protected":false},"excerpt":{"rendered":"<p>Segundo a v\u00edtima, animais foram subtra\u00eddos da propriedade. A estimativa do preju\u00edzo \u00e9 de R$ 50 mil. A Pol\u00edcia Civil investiga o furto de 25 cabe\u00e7as de gado registrado na madrugada desta ter\u00e7a-feira (14), em uma propriedade rural, em\u00a0Fl\u00f3rida Paulista. De acordo com a pol\u00edcia, o propriet\u00e1rio, ao chegar no local por volta das 5h [&hellip;]<\/p>\n","protected":false},"author":1,"featured_media":23781,"comment_status":"closed","ping_status":"open","sticky":false,"template":"","format":"standard","meta":{"footnotes":""},"categories":[110,2],"tags":[],"class_list":["post-23780","post","type-post","status-publish","format-standard","has-post-thumbnail","hentry","category-noticiasdestaque","category-policial"],"_links":{"self":[{"href":"https:\/\/jorgezanoni.com.br\/2019\/wp-json\/wp\/v2\/posts\/23780","targetHints":{"allow":["GET"]}}],"collection":[{"href":"https:\/\/jorgezanoni.com.br\/2019\/wp-json\/wp\/v2\/posts"}],"about":[{"href":"https:\/\/jorgezanoni.com.br\/2019\/wp-json\/wp\/v2\/types\/post"}],"author":[{"embeddable":true,"href":"https:\/\/jorgezanoni.com.br\/2019\/wp-json\/wp\/v2\/users\/1"}],"replies":[{"embeddable":true,"href":"https:\/\/jorgezanoni.com.br\/2019\/wp-json\/wp\/v2\/comments?post=23780"}],"version-history":[{"count":0,"href":"https:\/\/jorgezanoni.com.br\/2019\/wp-json\/wp\/v2\/posts\/23780\/revisions"}],"wp:featuredmedia":[{"embeddable":true,"href":"https:\/\/jorgezanoni.com.br\/2019\/wp-json\/wp\/v2\/media\/23781"}],"wp:attachment":[{"href":"https:\/\/jorgezanoni.com.br\/2019\/wp-json\/wp\/v2\/media?parent=23780"}],"wp:term":[{"taxonomy":"category","embeddable":true,"href":"https:\/\/jorgezanoni.com.br\/2019\/wp-json\/wp\/v2\/categories?post=23780"},{"taxonomy":"post_tag","embeddable":true,"href":"https:\/\/jorgezanoni.com.br\/2019\/wp-json\/wp\/v2\/tags?post=23780"}],"curies":[{"name":"wp","href":"https:\/\/api.w.org\/{rel}","templated":true}]}}