{"id":23746,"date":"2020-04-14T17:50:37","date_gmt":"2020-04-14T17:50:37","guid":{"rendered":"https:\/\/jorgezanoni.com.br\/2019\/?p=23746"},"modified":"2020-04-14T17:50:37","modified_gmt":"2020-04-14T17:50:37","slug":"chuva-forte-nesta-madrugada-em-dracena-alguns-estragos-foram-registrados","status":"publish","type":"post","link":"https:\/\/jorgezanoni.com.br\/2019\/chuva-forte-nesta-madrugada-em-dracena-alguns-estragos-foram-registrados\/","title":{"rendered":"Chuva forte nesta madrugada em Dracena, alguns estragos foram registrados"},"content":{"rendered":"<p style=\"text-align: justify;\">Choveu forte na madrugada desta ter\u00e7a-feira (14) em Dracena. A chuva acompanhada de ventos fortes, chegou a arrancar a cobertura de uma garagem na rua Brasil no centro da cidade. Um buraco que j\u00e1 estava aberto aumentou em muito no jardim Brasil\u00e2ndia.<\/p>\n<p style=\"text-align: justify;\">Na regi\u00e3o houve quedas de \u00e1rvores em Panorama e na rodovia Julio Budiski entre Irapuru e Flora Rica.<\/p>\n<p>Bairros como Jardim Jussara, parte do Metr\u00f3pole e Emilio Zanata ficaram sem energia.<\/p>\n<p style=\"text-align: justify;\">Jorge Zanoni<\/p>\n<div style=\"width: 640px;\" class=\"wp-video\"><video class=\"wp-video-shortcode\" id=\"video-23746-1\" width=\"640\" height=\"352\" preload=\"metadata\" controls=\"controls\"><source type=\"video\/mp4\" src=\"https:\/\/jorgezanoni.com.br\/2019\/wp-content\/uploads\/2020\/04\/WhatsApp-Video-2020-04-14-at-12.52.44.mp4?_=1\" \/><a href=\"https:\/\/jorgezanoni.com.br\/2019\/wp-content\/uploads\/2020\/04\/WhatsApp-Video-2020-04-14-at-12.52.44.mp4\">https:\/\/jorgezanoni.com.br\/2019\/wp-content\/uploads\/2020\/04\/WhatsApp-Video-2020-04-14-at-12.52.44.mp4<\/a><\/video><\/div>\n<p>V\u00eddeo de Internauta &#8211; Avenida Presidente Vargas<\/p>\n<p><img loading=\"lazy\" decoding=\"async\" class=\"alignnone size-full wp-image-23748\" src=\"https:\/\/jorgezanoni.com.br\/2019\/wp-content\/uploads\/2020\/04\/telhado.jpg\" alt=\"\" width=\"581\" height=\"1032\" srcset=\"https:\/\/jorgezanoni.com.br\/2019\/wp-content\/uploads\/2020\/04\/telhado.jpg 581w, https:\/\/jorgezanoni.com.br\/2019\/wp-content\/uploads\/2020\/04\/telhado-169x300.jpg 169w, https:\/\/jorgezanoni.com.br\/2019\/wp-content\/uploads\/2020\/04\/telhado-576x1024.jpg 576w, https:\/\/jorgezanoni.com.br\/2019\/wp-content\/uploads\/2020\/04\/telhado-236x420.jpg 236w\" sizes=\"auto, (max-width: 581px) 100vw, 581px\" \/><\/p>\n<p>Cobertura de garagem foi arrancada &#8211; Rua Brasil no centro -Foto de Internauta<\/p>\n<p><img loading=\"lazy\" decoding=\"async\" class=\"alignnone size-full wp-image-23749\" src=\"https:\/\/jorgezanoni.com.br\/2019\/wp-content\/uploads\/2020\/04\/bras.jpg\" alt=\"\" width=\"581\" height=\"1032\" srcset=\"https:\/\/jorgezanoni.com.br\/2019\/wp-content\/uploads\/2020\/04\/bras.jpg 581w, https:\/\/jorgezanoni.com.br\/2019\/wp-content\/uploads\/2020\/04\/bras-169x300.jpg 169w, https:\/\/jorgezanoni.com.br\/2019\/wp-content\/uploads\/2020\/04\/bras-576x1024.jpg 576w, https:\/\/jorgezanoni.com.br\/2019\/wp-content\/uploads\/2020\/04\/bras-236x420.jpg 236w\" sizes=\"auto, (max-width: 581px) 100vw, 581px\" \/> <img loading=\"lazy\" decoding=\"async\" class=\"alignnone size-full wp-image-23750\" src=\"https:\/\/jorgezanoni.com.br\/2019\/wp-content\/uploads\/2020\/04\/bras1.jpg\" alt=\"\" width=\"581\" height=\"1032\" srcset=\"https:\/\/jorgezanoni.com.br\/2019\/wp-content\/uploads\/2020\/04\/bras1.jpg 581w, https:\/\/jorgezanoni.com.br\/2019\/wp-content\/uploads\/2020\/04\/bras1-169x300.jpg 169w, https:\/\/jorgezanoni.com.br\/2019\/wp-content\/uploads\/2020\/04\/bras1-576x1024.jpg 576w, https:\/\/jorgezanoni.com.br\/2019\/wp-content\/uploads\/2020\/04\/bras1-236x420.jpg 236w\" sizes=\"auto, (max-width: 581px) 100vw, 581px\" \/><\/p>\n<p>Osvaldo Paulino dos Santos 555 &#8211; Jardim Brasil\u00e2ndia &#8211; Fotos de Internauta<\/p>\n<p><img loading=\"lazy\" decoding=\"async\" class=\"alignnone size-full wp-image-23751\" src=\"https:\/\/jorgezanoni.com.br\/2019\/wp-content\/uploads\/2020\/04\/pano.jpg\" alt=\"\" width=\"720\" height=\"960\" srcset=\"https:\/\/jorgezanoni.com.br\/2019\/wp-content\/uploads\/2020\/04\/pano.jpg 720w, https:\/\/jorgezanoni.com.br\/2019\/wp-content\/uploads\/2020\/04\/pano-225x300.jpg 225w, https:\/\/jorgezanoni.com.br\/2019\/wp-content\/uploads\/2020\/04\/pano-696x928.jpg 696w, https:\/\/jorgezanoni.com.br\/2019\/wp-content\/uploads\/2020\/04\/pano-315x420.jpg 315w\" sizes=\"auto, (max-width: 720px) 100vw, 720px\" \/> <img loading=\"lazy\" decoding=\"async\" class=\"alignnone size-full wp-image-23752\" src=\"https:\/\/jorgezanoni.com.br\/2019\/wp-content\/uploads\/2020\/04\/pano1.jpg\" alt=\"\" width=\"720\" height=\"960\" srcset=\"https:\/\/jorgezanoni.com.br\/2019\/wp-content\/uploads\/2020\/04\/pano1.jpg 720w, https:\/\/jorgezanoni.com.br\/2019\/wp-content\/uploads\/2020\/04\/pano1-225x300.jpg 225w, https:\/\/jorgezanoni.com.br\/2019\/wp-content\/uploads\/2020\/04\/pano1-696x928.jpg 696w, https:\/\/jorgezanoni.com.br\/2019\/wp-content\/uploads\/2020\/04\/pano1-315x420.jpg 315w\" sizes=\"auto, (max-width: 720px) 100vw, 720px\" \/>Bairro Marrecas &#8211; Panorama &#8211; Fotos de Internauta<\/p>\n<p>&nbsp;<\/p>\n","protected":false},"excerpt":{"rendered":"<p>Choveu forte na madrugada desta ter\u00e7a-feira (14) em Dracena. A chuva acompanhada de ventos fortes, chegou a arrancar a cobertura de uma garagem na rua Brasil no centro da cidade. Um buraco que j\u00e1 estava aberto aumentou em muito no jardim Brasil\u00e2ndia. Na regi\u00e3o houve quedas de \u00e1rvores em Panorama e na rodovia Julio Budiski [&hellip;]<\/p>\n","protected":false},"author":1,"featured_media":23748,"comment_status":"closed","ping_status":"open","sticky":false,"template":"","format":"video","meta":{"footnotes":""},"categories":[179,184,169],"tags":[],"class_list":["post-23746","post","type-post","status-publish","format-video","has-post-thumbnail","hentry","category-cidadeseregiao","category-dracena","category-videos","post_format-post-format-video"],"_links":{"self":[{"href":"https:\/\/jorgezanoni.com.br\/2019\/wp-json\/wp\/v2\/posts\/23746","targetHints":{"allow":["GET"]}}],"collection":[{"href":"https:\/\/jorgezanoni.com.br\/2019\/wp-json\/wp\/v2\/posts"}],"about":[{"href":"https:\/\/jorgezanoni.com.br\/2019\/wp-json\/wp\/v2\/types\/post"}],"author":[{"embeddable":true,"href":"https:\/\/jorgezanoni.com.br\/2019\/wp-json\/wp\/v2\/users\/1"}],"replies":[{"embeddable":true,"href":"https:\/\/jorgezanoni.com.br\/2019\/wp-json\/wp\/v2\/comments?post=23746"}],"version-history":[{"count":0,"href":"https:\/\/jorgezanoni.com.br\/2019\/wp-json\/wp\/v2\/posts\/23746\/revisions"}],"wp:featuredmedia":[{"embeddable":true,"href":"https:\/\/jorgezanoni.com.br\/2019\/wp-json\/wp\/v2\/media\/23748"}],"wp:attachment":[{"href":"https:\/\/jorgezanoni.com.br\/2019\/wp-json\/wp\/v2\/media?parent=23746"}],"wp:term":[{"taxonomy":"category","embeddable":true,"href":"https:\/\/jorgezanoni.com.br\/2019\/wp-json\/wp\/v2\/categories?post=23746"},{"taxonomy":"post_tag","embeddable":true,"href":"https:\/\/jorgezanoni.com.br\/2019\/wp-json\/wp\/v2\/tags?post=23746"}],"curies":[{"name":"wp","href":"https:\/\/api.w.org\/{rel}","templated":true}]}}