{"id":2370,"date":"2019-07-29T22:35:31","date_gmt":"2019-07-29T22:35:31","guid":{"rendered":"https:\/\/jorgezanoni.com.br\/2019\/?p=2370"},"modified":"2019-07-29T22:35:31","modified_gmt":"2019-07-29T22:35:31","slug":"nomeacao-de-novo-comandante-do-tiro-de-guerra-para-o-bienio-2020-2021","status":"publish","type":"post","link":"https:\/\/jorgezanoni.com.br\/2019\/nomeacao-de-novo-comandante-do-tiro-de-guerra-para-o-bienio-2020-2021\/","title":{"rendered":"Nomea\u00e7\u00e3o de novo Comandante do Tiro de Guerra para o bi\u00eanio 2020\/2021."},"content":{"rendered":"<p style=\"text-align: justify;\">Na quarta-feira, dia 24 de julho do corrente ano, saiu \u00e0 nomea\u00e7\u00e3o dos novos Comandantes de Tiros de Guerra, e a cidade de Dracena foi premiada com um prata da casa.<\/p>\n<p style=\"text-align: justify;\">Ser\u00e1 o novo comandante do Tiro de Guerra de Dracena, para o Bi\u00eanio 2020\/2021, o 1\u00ba Sargento ANDR\u00c9 LU\u00cdS <strong>STUCHI<\/strong>, filho de Waldir Stuchi e de Maria Clarice Della Cruz Stuchi, nascido em 16 Jul 1979, natural de Dracena-SP.<\/p>\n<p style=\"text-align: justify;\">O Sargento STUCHI, foi matriculado no Tiro de Guerra de Dracena em 1998 como atirador daquela turma e se destacou diante dos demais recebendo o Diploma de Melhor Aptid\u00e3o F\u00edsica e sendo consagrado ainda, com o Diploma de Honra ao M\u00e9rito. Na \u00e9poca, foi comandado pelo Sargento Jos\u00e9 Roberto Pereira. Vindo a passar no concurso da ESA, no ano seguinte, quando se formou naquela casa, Sargento da Arma de Comunica\u00e7\u00f5es.<\/p>\n<p style=\"text-align: justify;\">Hoje o Sargento STUCHI, retorna a esta <strong>\u201cCasa de Civismo e Cidadania\u201d<\/strong>, agora como comandante.<\/p>\n<p style=\"text-align: justify;\">O 1\u00ba Sargento BENICIO, atual comandante do TG, sa\u00fada o novo comandante e deseja boa sorte na nova etapa que hora se inicia. E deseja que a popula\u00e7\u00e3o de Dracena o receba de bra\u00e7os abertos, como tem feito com cada comandante que chega a essa cidade pra chefiar o TG.<\/p>\n<p>Fonte: Tiro de Guerra<\/p>\n","protected":false},"excerpt":{"rendered":"<p>Na quarta-feira, dia 24 de julho do corrente ano, saiu \u00e0 nomea\u00e7\u00e3o dos novos Comandantes de Tiros de Guerra, e a cidade de Dracena foi premiada com um prata da casa. Ser\u00e1 o novo comandante do Tiro de Guerra de Dracena, para o Bi\u00eanio 2020\/2021, o 1\u00ba Sargento ANDR\u00c9 LU\u00cdS STUCHI, filho de Waldir Stuchi [&hellip;]<\/p>\n","protected":false},"author":1,"featured_media":2371,"comment_status":"closed","ping_status":"open","sticky":false,"template":"","format":"standard","meta":{"footnotes":""},"categories":[114,110],"tags":[],"class_list":["post-2370","post","type-post","status-publish","format-standard","has-post-thumbnail","hentry","category-geralecomercio","category-noticiasdestaque"],"_links":{"self":[{"href":"https:\/\/jorgezanoni.com.br\/2019\/wp-json\/wp\/v2\/posts\/2370","targetHints":{"allow":["GET"]}}],"collection":[{"href":"https:\/\/jorgezanoni.com.br\/2019\/wp-json\/wp\/v2\/posts"}],"about":[{"href":"https:\/\/jorgezanoni.com.br\/2019\/wp-json\/wp\/v2\/types\/post"}],"author":[{"embeddable":true,"href":"https:\/\/jorgezanoni.com.br\/2019\/wp-json\/wp\/v2\/users\/1"}],"replies":[{"embeddable":true,"href":"https:\/\/jorgezanoni.com.br\/2019\/wp-json\/wp\/v2\/comments?post=2370"}],"version-history":[{"count":0,"href":"https:\/\/jorgezanoni.com.br\/2019\/wp-json\/wp\/v2\/posts\/2370\/revisions"}],"wp:featuredmedia":[{"embeddable":true,"href":"https:\/\/jorgezanoni.com.br\/2019\/wp-json\/wp\/v2\/media\/2371"}],"wp:attachment":[{"href":"https:\/\/jorgezanoni.com.br\/2019\/wp-json\/wp\/v2\/media?parent=2370"}],"wp:term":[{"taxonomy":"category","embeddable":true,"href":"https:\/\/jorgezanoni.com.br\/2019\/wp-json\/wp\/v2\/categories?post=2370"},{"taxonomy":"post_tag","embeddable":true,"href":"https:\/\/jorgezanoni.com.br\/2019\/wp-json\/wp\/v2\/tags?post=2370"}],"curies":[{"name":"wp","href":"https:\/\/api.w.org\/{rel}","templated":true}]}}