{"id":23690,"date":"2020-04-13T23:43:30","date_gmt":"2020-04-13T23:43:30","guid":{"rendered":"https:\/\/jorgezanoni.com.br\/2019\/?p=23690"},"modified":"2020-04-13T23:43:30","modified_gmt":"2020-04-13T23:43:30","slug":"reclamacao-da-populacao-lixo-e-entulho-causa-transtorno-no-jardim-das-palmeiras","status":"publish","type":"post","link":"https:\/\/jorgezanoni.com.br\/2019\/reclamacao-da-populacao-lixo-e-entulho-causa-transtorno-no-jardim-das-palmeiras\/","title":{"rendered":"Reclama\u00e7\u00e3o da Popula\u00e7\u00e3o: Lixo e entulho causa transtorno no jardim das Palmeiras"},"content":{"rendered":"<p style=\"text-align: justify;\">Moradores do jardim das Palmeiras, mais precisamente da Alameda Portugal proximidades do numeral 675, reclamam de lixo e entulho que est\u00e1 h\u00e1 pelo menos dois meses na cal\u00e7ada.<\/p>\n<p style=\"text-align: justify;\">Segundo informam, uma constru\u00e7\u00e3o foi terminada h\u00e1 pelo menos dois meses, e o local n\u00e3o foi limpo. Dizem que est\u00e1 prop\u00edcio para a cria\u00e7\u00e3o de mosquitos, dado a sujeita com que se encontra.<\/p>\n<p style=\"text-align: justify;\">Uma moradora disse: &#8220;Com o n\u00famero de casos de dengue que temos na cidade isso \u00e9 inadmiss\u00edvel&#8221;.<\/p>\n<p><img loading=\"lazy\" decoding=\"async\" class=\"alignnone size-full wp-image-23692\" src=\"https:\/\/jorgezanoni.com.br\/2019\/wp-content\/uploads\/2020\/04\/lixo1.jpg\" alt=\"\" width=\"1032\" height=\"774\" srcset=\"https:\/\/jorgezanoni.com.br\/2019\/wp-content\/uploads\/2020\/04\/lixo1.jpg 1032w, https:\/\/jorgezanoni.com.br\/2019\/wp-content\/uploads\/2020\/04\/lixo1-300x225.jpg 300w, https:\/\/jorgezanoni.com.br\/2019\/wp-content\/uploads\/2020\/04\/lixo1-1024x768.jpg 1024w, https:\/\/jorgezanoni.com.br\/2019\/wp-content\/uploads\/2020\/04\/lixo1-768x576.jpg 768w, https:\/\/jorgezanoni.com.br\/2019\/wp-content\/uploads\/2020\/04\/lixo1-80x60.jpg 80w, https:\/\/jorgezanoni.com.br\/2019\/wp-content\/uploads\/2020\/04\/lixo1-265x198.jpg 265w, https:\/\/jorgezanoni.com.br\/2019\/wp-content\/uploads\/2020\/04\/lixo1-696x522.jpg 696w, https:\/\/jorgezanoni.com.br\/2019\/wp-content\/uploads\/2020\/04\/lixo1-560x420.jpg 560w\" sizes=\"auto, (max-width: 1032px) 100vw, 1032px\" \/><\/p>\n<p style=\"text-align: justify;\">Jorge Zanoni<\/p>\n<p style=\"text-align: justify;\">Fotos de Internauta<\/p>\n<p>&nbsp;<\/p>\n<p>&nbsp;<\/p>\n","protected":false},"excerpt":{"rendered":"<p>Moradores do jardim das Palmeiras, mais precisamente da Alameda Portugal proximidades do numeral 675, reclamam de lixo e entulho que est\u00e1 h\u00e1 pelo menos dois meses na cal\u00e7ada. Segundo informam, uma constru\u00e7\u00e3o foi terminada h\u00e1 pelo menos dois meses, e o local n\u00e3o foi limpo. Dizem que est\u00e1 prop\u00edcio para a cria\u00e7\u00e3o de mosquitos, dado [&hellip;]<\/p>\n","protected":false},"author":1,"featured_media":23691,"comment_status":"closed","ping_status":"open","sticky":false,"template":"","format":"standard","meta":{"footnotes":""},"categories":[179,184,110],"tags":[],"class_list":["post-23690","post","type-post","status-publish","format-standard","has-post-thumbnail","hentry","category-cidadeseregiao","category-dracena","category-noticiasdestaque"],"_links":{"self":[{"href":"https:\/\/jorgezanoni.com.br\/2019\/wp-json\/wp\/v2\/posts\/23690","targetHints":{"allow":["GET"]}}],"collection":[{"href":"https:\/\/jorgezanoni.com.br\/2019\/wp-json\/wp\/v2\/posts"}],"about":[{"href":"https:\/\/jorgezanoni.com.br\/2019\/wp-json\/wp\/v2\/types\/post"}],"author":[{"embeddable":true,"href":"https:\/\/jorgezanoni.com.br\/2019\/wp-json\/wp\/v2\/users\/1"}],"replies":[{"embeddable":true,"href":"https:\/\/jorgezanoni.com.br\/2019\/wp-json\/wp\/v2\/comments?post=23690"}],"version-history":[{"count":0,"href":"https:\/\/jorgezanoni.com.br\/2019\/wp-json\/wp\/v2\/posts\/23690\/revisions"}],"wp:featuredmedia":[{"embeddable":true,"href":"https:\/\/jorgezanoni.com.br\/2019\/wp-json\/wp\/v2\/media\/23691"}],"wp:attachment":[{"href":"https:\/\/jorgezanoni.com.br\/2019\/wp-json\/wp\/v2\/media?parent=23690"}],"wp:term":[{"taxonomy":"category","embeddable":true,"href":"https:\/\/jorgezanoni.com.br\/2019\/wp-json\/wp\/v2\/categories?post=23690"},{"taxonomy":"post_tag","embeddable":true,"href":"https:\/\/jorgezanoni.com.br\/2019\/wp-json\/wp\/v2\/tags?post=23690"}],"curies":[{"name":"wp","href":"https:\/\/api.w.org\/{rel}","templated":true}]}}