{"id":23676,"date":"2020-04-13T19:25:24","date_gmt":"2020-04-13T19:25:24","guid":{"rendered":"https:\/\/jorgezanoni.com.br\/2019\/?p=23676"},"modified":"2020-04-13T19:25:47","modified_gmt":"2020-04-13T19:25:47","slug":"moraes-moreira-morre-aos-72-anos-no-rio-de-janeiro","status":"publish","type":"post","link":"https:\/\/jorgezanoni.com.br\/2019\/moraes-moreira-morre-aos-72-anos-no-rio-de-janeiro\/","title":{"rendered":"Moraes Moreira morre aos 72 anos, no Rio de Janeiro"},"content":{"rendered":"<h2 class=\"content-head__subtitle\" style=\"text-align: justify;\"><strong>Conforme assessoria do artista, ele morreu nesta segunda-feira (13), por volta das 6h, ap\u00f3s sofrer um infarto agudo do mioc\u00e1rdio. Informa\u00e7\u00f5es sobre vel\u00f3rio n\u00e3o ser\u00e3o divulgadas.<\/strong><\/h2>\n<div class=\"mc-column content-text active-extra-styles \" data-block-type=\"unstyled\" data-block-weight=\"46\" data-block-id=\"2\">\n<p class=\"content-text__container \" style=\"text-align: justify;\" data-track-category=\"Link no Texto\" data-track-links=\"\">O cantor e compositor Moraes Moreira morreu na madrugada desta segunda-feira (13) aos 72 anos, em casa, no bairro da G\u00e1vea, no Rio de Janeiro. Conforme a assessoria do artista, ele morreu por volta das 6h depois de sofrer um infarto agudo do mioc\u00e1rdio.<\/p>\n<\/div>\n<div class=\"wall protected-content\">\n<div class=\"mc-column content-text active-extra-styles\" style=\"text-align: justify;\" data-block-type=\"raw\" data-block-weight=\"19\" data-block-id=\"3\">\n<ul class=\"content-unordered-list\">\n<li><a href=\"https:\/\/g1.globo.com\/pop-arte\/playlist\/videos-relembre-a-carreira-do-artista-do-novos-baianos.ghtml\">V\u00cdDEOS: Relembre a carreira do artista<\/a><\/li>\n<li><a href=\"https:\/\/g1.globo.com\/pop-arte\/musica\/noticia\/2020\/04\/13\/moraes-moreira-fotos.ghtml\">Confira fotos da carreira de Moraes Moreira<\/a><\/li>\n<li><a href=\"https:\/\/g1.globo.com\/pop-arte\/musica\/noticia\/2020\/04\/13\/moraes-moreira-veja-repercussao-da-morte-do-cantor.ghtml\">Veja repercuss\u00e3o da morte do cantor<\/a><\/li>\n<\/ul>\n<\/div>\n<div class=\"mc-column content-text active-extra-styles \" style=\"text-align: justify;\" data-block-type=\"unstyled\" data-block-weight=\"32\" data-block-id=\"4\">\n<p class=\"content-text__container \" data-track-category=\"Link no Texto\" data-track-links=\"\">Segundo\u00a0<a href=\"https:\/\/g1.globo.com\/ba\/bahia\/noticia\/2020\/04\/13\/irmao-de-moraes-moreira-lamenta-morte-do-cantor-meu-sentimento-maior-e-nao-poder-estar-junto-para-o-ultimo-abraco.ghtml\">Eduardo Moraes, irm\u00e3o do cantor<\/a>, o corpo de Moraes Moreira foi encontrado ap\u00f3s a chegada da empregada dom\u00e9stica no apartamento em que ele morava. O artista vivia sozinho, segundo o irm\u00e3o.<\/p>\n<\/div>\n<div class=\"mc-column content-text active-extra-styles \" style=\"text-align: justify;\" data-block-type=\"unstyled\" data-block-weight=\"28\" data-block-id=\"5\">\n<p class=\"content-text__container \" data-track-category=\"Link no Texto\" data-track-links=\"\">Ainda de acordo com a assessoria, as informa\u00e7\u00f5es sobre o enterro n\u00e3o ser\u00e3o divulgadas para evitar aglomera\u00e7\u00f5es, recomenda\u00e7\u00e3o de v\u00e1rios \u00f3rg\u00e3os de sa\u00fade como preven\u00e7\u00e3o \u00e0 Covid-19.<\/p>\n<\/div>\n<div class=\"mc-column content-text active-extra-styles \" style=\"text-align: justify;\" data-block-type=\"unstyled\" data-block-weight=\"55\" data-block-id=\"6\">\n<p class=\"content-text__container \" data-track-category=\"Link no Texto\" data-track-links=\"\"><a href=\"https:\/\/g1.globo.com\/pop-arte\/musica\/noticia\/2020\/04\/13\/moraes-moreira-fundiu-riqueza-popular-brasileira-com-efervescencia-da-contracultura-na-sua-voz-e-violao.ghtml\">Antonio Carlos Moreira Pires nasceu em Itua\u00e7u, no interior da Bahia, em 8 de julho de 1947<\/a>. Moraes Moreira come\u00e7ou tocando sanfona de doze baixos em festas de S\u00e3o Jo\u00e3o e outros eventos na cidade. Na adolesc\u00eancia aprendeu a tocar viol\u00e3o, enquanto fazia curso de ci\u00eancias em Cacul\u00e9, na regi\u00e3o sudoeste da Bahia, em 1967.<\/p>\n<\/div>\n<div class=\"mc-column content-text active-extra-styles \" style=\"text-align: justify;\" data-block-type=\"unstyled\" data-block-weight=\"40\" data-block-id=\"7\">\n<p class=\"content-text__container \" data-track-category=\"Link no Texto\" data-track-links=\"\">Aos 19, ele foi para Salvador, onde come\u00e7ou a estudar no Semin\u00e1rio de M\u00fasica da Universidade Federal da Bahia. L\u00e1, ele conheceu seus futuros companheiros dos Novos Baianos, Luiz Galv\u00e3o e Paulinho Boca de Cantor, al\u00e9m de Tom Z\u00e9.<\/p>\n<\/div>\n<div class=\"mc-column content-text active-extra-styles \" style=\"text-align: justify;\" data-block-type=\"unstyled\" data-block-weight=\"19\" data-block-id=\"9\">\n<p class=\"content-text__container \" data-track-category=\"Link no Texto\" data-track-links=\"\">Em 1968, eles criaram o espet\u00e1culo que deu origem aos Novos Baianos, Desembarque dos Bichos depois do Dil\u00favio Universal.<\/p>\n<\/div>\n<div class=\"mc-column content-text active-extra-styles \" style=\"text-align: justify;\" data-block-type=\"unstyled\" data-block-weight=\"45\" data-block-id=\"10\">\n<p class=\"content-text__container \" data-track-category=\"Link no Texto\" data-track-links=\"\">O grupo j\u00e1 tinha tamb\u00e9m a participa\u00e7\u00e3o de Baby do Brasil (Baby Consuelo, na \u00e9poca) na voz e o guitarrista Pepeu Gomes quando foi participar do popular Festival da M\u00fasica Popular Brasileira na TV em 1969, com a m\u00fasica \u201cDe Vera\u201d, de Moreira e Galv\u00e3o.<\/p>\n<\/div>\n<div class=\"mc-column content-text active-extra-styles \" style=\"text-align: justify;\" data-block-type=\"unstyled\" data-block-weight=\"62\" data-block-id=\"11\">\n<p class=\"content-text__container \" data-track-category=\"Link no Texto\" data-track-links=\"\">No ano seguinte, o grupo lan\u00e7ou seu disco de estreia, \u201cFerro na boneca\u201d. Mas a grande obra deles viria ap\u00f3s uma visita de Jo\u00e3o Gilberto \u00e0 casa em que eles moravam juntos, j\u00e1 no Rio de Janeiro. Em 1972, eles lan\u00e7aram o \u00e1lbum \u201cAcabou chorare\u201d, que consagrou os Novos Baianos. O trabalho juntava samba, rock, bossa nova, frevo, choro e bai\u00e3o.<\/p>\n<\/div>\n<div class=\"mc-column content-text active-extra-styles \" style=\"text-align: justify;\" data-block-type=\"unstyled\" data-block-weight=\"51\" data-block-id=\"12\">\n<p class=\"content-text__container \" data-track-category=\"Link no Texto\" data-track-links=\"\">Com a regrava\u00e7\u00e3o de \u201cBrasil pandeiro\u201d, de Assis Valente, al\u00e9m de \u201cPreta pretinha\u201d, \u201cMist\u00e9rio do planeta\u201d, \u201cA menina dan\u00e7a\u201d, \u201cBesta \u00e9 tu\u201d e a faixa t\u00edtulo, todas de coautoria de Moraes Moreira, o \u00e1lbum de 1972 \u00e9 reconhecido como um dos melhores &#8211; sen\u00e3o o melhor &#8211; trabalho do pop brasileiro.<\/p>\n<\/div>\n<div class=\"mc-column content-text active-extra-styles \" style=\"text-align: justify;\" data-block-type=\"unstyled\" data-block-weight=\"38\" data-block-id=\"13\">\n<p class=\"content-text__container \" data-track-category=\"Link no Texto\" data-track-links=\"\">Foi um passo adiante do tropicalismo de Caetano, Gil e Tom Z\u00e9 &#8211; no abra\u00e7o ao rock e \u00e0 psicodelia hippie, na fus\u00e3o de ritmos brasileiros, na recusa a seguir padr\u00f5es no per\u00edodo mais duro da ditadura militar.<\/p>\n<\/div>\n<div class=\"mc-column content-text active-extra-styles \" data-block-type=\"unstyled\" data-block-weight=\"55\" data-block-id=\"14\">\n<p class=\"content-text__container \" style=\"text-align: justify;\" data-track-category=\"Link no Texto\" data-track-links=\"\">O grupo foi morar em um s\u00edtio em Jacarepagu\u00e1, Zona Oeste do Rio, onde seguiam a cultura hippie dos EUA e da Europa em plena ditadura militar brasileira. Lan\u00e7aram ainda tr\u00eas discos, cujo sucesso n\u00e3o t\u00e3o grande come\u00e7ou a gerar desentendimentos. Ele ficou no grupo de 1969 at\u00e9 1975, quando saiu em carreira solo.<\/p>\n<p style=\"text-align: justify;\" data-track-category=\"Link no Texto\" data-track-links=\"\">Fonte: https:\/\/g1.globo.com\/ba\/bahia\/noticia\/2020\/04\/13\/moraes-moreira-morre.ghtml<\/p>\n<\/div>\n<\/div>\n","protected":false},"excerpt":{"rendered":"<p>Conforme assessoria do artista, ele morreu nesta segunda-feira (13), por volta das 6h, ap\u00f3s sofrer um infarto agudo do mioc\u00e1rdio. Informa\u00e7\u00f5es sobre vel\u00f3rio n\u00e3o ser\u00e3o divulgadas. O cantor e compositor Moraes Moreira morreu na madrugada desta segunda-feira (13) aos 72 anos, em casa, no bairro da G\u00e1vea, no Rio de Janeiro. Conforme a assessoria do [&hellip;]<\/p>\n","protected":false},"author":1,"featured_media":23677,"comment_status":"closed","ping_status":"open","sticky":false,"template":"","format":"standard","meta":{"footnotes":""},"categories":[183,178],"tags":[],"class_list":["post-23676","post","type-post","status-publish","format-standard","has-post-thumbnail","hentry","category-musicaeturismo","category-notadefalecimento"],"_links":{"self":[{"href":"https:\/\/jorgezanoni.com.br\/2019\/wp-json\/wp\/v2\/posts\/23676","targetHints":{"allow":["GET"]}}],"collection":[{"href":"https:\/\/jorgezanoni.com.br\/2019\/wp-json\/wp\/v2\/posts"}],"about":[{"href":"https:\/\/jorgezanoni.com.br\/2019\/wp-json\/wp\/v2\/types\/post"}],"author":[{"embeddable":true,"href":"https:\/\/jorgezanoni.com.br\/2019\/wp-json\/wp\/v2\/users\/1"}],"replies":[{"embeddable":true,"href":"https:\/\/jorgezanoni.com.br\/2019\/wp-json\/wp\/v2\/comments?post=23676"}],"version-history":[{"count":0,"href":"https:\/\/jorgezanoni.com.br\/2019\/wp-json\/wp\/v2\/posts\/23676\/revisions"}],"wp:featuredmedia":[{"embeddable":true,"href":"https:\/\/jorgezanoni.com.br\/2019\/wp-json\/wp\/v2\/media\/23677"}],"wp:attachment":[{"href":"https:\/\/jorgezanoni.com.br\/2019\/wp-json\/wp\/v2\/media?parent=23676"}],"wp:term":[{"taxonomy":"category","embeddable":true,"href":"https:\/\/jorgezanoni.com.br\/2019\/wp-json\/wp\/v2\/categories?post=23676"},{"taxonomy":"post_tag","embeddable":true,"href":"https:\/\/jorgezanoni.com.br\/2019\/wp-json\/wp\/v2\/tags?post=23676"}],"curies":[{"name":"wp","href":"https:\/\/api.w.org\/{rel}","templated":true}]}}