{"id":23673,"date":"2020-04-13T19:06:51","date_gmt":"2020-04-13T19:06:51","guid":{"rendered":"https:\/\/jorgezanoni.com.br\/2019\/?p=23673"},"modified":"2020-04-13T19:06:51","modified_gmt":"2020-04-13T19:06:51","slug":"medica-passa-mal-e-capota-carro-no-centro-de-osvaldo-cruz","status":"publish","type":"post","link":"https:\/\/jorgezanoni.com.br\/2019\/medica-passa-mal-e-capota-carro-no-centro-de-osvaldo-cruz\/","title":{"rendered":"M\u00e9dica passa mal e capota carro no centro de Osvaldo Cruz"},"content":{"rendered":"<p style=\"text-align: justify;\">Um capotamento de ve\u00edculo foi registrado na manh\u00e3 desta segunda-feira (13), por volta das 10h15, na Avenida Presidente Vargas, nas proximidades do cruzamento com a Rua Rondon, em Osvaldo Cruz.<\/p>\n<p style=\"text-align: justify;\">Segundo informa\u00e7\u00f5es colhidas no local do acidente, a v\u00edtima, uma m\u00e9dica, disse que seguia sentido Santa Casa ao Centro da cidade, quando sentiu uma tontura, perdeu o controle da dire\u00e7\u00e3o do ve\u00edculo que conduzia, um \u00d4nix, e atingiu lateralmente um Kicks.<\/p>\n<p style=\"text-align: justify;\">A Unidade de Resgate do Corpo de Bombeiros de Osvaldo Cruz compareceu ao local, por\u00e9m, a v\u00edtima recusou atendimento e assinou um termo de responsabilidade.<\/p>\n<p style=\"text-align: justify;\">Fonte: FM Metropole<\/p>\n","protected":false},"excerpt":{"rendered":"<p>Um capotamento de ve\u00edculo foi registrado na manh\u00e3 desta segunda-feira (13), por volta das 10h15, na Avenida Presidente Vargas, nas proximidades do cruzamento com a Rua Rondon, em Osvaldo Cruz. Segundo informa\u00e7\u00f5es colhidas no local do acidente, a v\u00edtima, uma m\u00e9dica, disse que seguia sentido Santa Casa ao Centro da cidade, quando sentiu uma tontura, [&hellip;]<\/p>\n","protected":false},"author":1,"featured_media":23674,"comment_status":"closed","ping_status":"open","sticky":false,"template":"","format":"standard","meta":{"footnotes":""},"categories":[170,110],"tags":[],"class_list":["post-23673","post","type-post","status-publish","format-standard","has-post-thumbnail","hentry","category-acidentes","category-noticiasdestaque"],"_links":{"self":[{"href":"https:\/\/jorgezanoni.com.br\/2019\/wp-json\/wp\/v2\/posts\/23673","targetHints":{"allow":["GET"]}}],"collection":[{"href":"https:\/\/jorgezanoni.com.br\/2019\/wp-json\/wp\/v2\/posts"}],"about":[{"href":"https:\/\/jorgezanoni.com.br\/2019\/wp-json\/wp\/v2\/types\/post"}],"author":[{"embeddable":true,"href":"https:\/\/jorgezanoni.com.br\/2019\/wp-json\/wp\/v2\/users\/1"}],"replies":[{"embeddable":true,"href":"https:\/\/jorgezanoni.com.br\/2019\/wp-json\/wp\/v2\/comments?post=23673"}],"version-history":[{"count":0,"href":"https:\/\/jorgezanoni.com.br\/2019\/wp-json\/wp\/v2\/posts\/23673\/revisions"}],"wp:featuredmedia":[{"embeddable":true,"href":"https:\/\/jorgezanoni.com.br\/2019\/wp-json\/wp\/v2\/media\/23674"}],"wp:attachment":[{"href":"https:\/\/jorgezanoni.com.br\/2019\/wp-json\/wp\/v2\/media?parent=23673"}],"wp:term":[{"taxonomy":"category","embeddable":true,"href":"https:\/\/jorgezanoni.com.br\/2019\/wp-json\/wp\/v2\/categories?post=23673"},{"taxonomy":"post_tag","embeddable":true,"href":"https:\/\/jorgezanoni.com.br\/2019\/wp-json\/wp\/v2\/tags?post=23673"}],"curies":[{"name":"wp","href":"https:\/\/api.w.org\/{rel}","templated":true}]}}