{"id":23647,"date":"2020-04-13T12:18:40","date_gmt":"2020-04-13T12:18:40","guid":{"rendered":"https:\/\/jorgezanoni.com.br\/2019\/?p=23647"},"modified":"2020-04-13T12:18:40","modified_gmt":"2020-04-13T12:18:40","slug":"e-agora-tome","status":"publish","type":"post","link":"https:\/\/jorgezanoni.com.br\/2019\/e-agora-tome\/","title":{"rendered":"E agora Tom\u00e9?"},"content":{"rendered":"<p style=\"text-align: justify;\"><strong>E agora Tom\u00e9?<\/strong><\/p>\n<p style=\"text-align: justify;\">A B\u00edblia retrata que Tom\u00e9 foi um dos doze Ap\u00f3stolos escolhidos por Jesus. H\u00e1 um dito popular que diz: \u201cver para crer\u201d. Essa assertiva est\u00e1 associada ao fato dele ter duvidado dos seus companheiros, quando disseram que Jesus havia ressuscitado. Depois disso ele teria ido pregar na \u00cdndia. Ent\u00e3o fica a mensagem para n\u00f3s de que nos momentos de d\u00favidas temos que crer, mesmo sem ver. Essa desconfian\u00e7a de S\u00e3o Tom\u00e9 n\u00e3o pode nos influenciar. Pelo fato de n\u00e3o vermos o novo coronavirus, nosso inimigo, muitos n\u00e3o acreditam na sua exist\u00eancia. Ledo engano. Talvez tais pessoas somente consigam crer nisso quando infelizmente vivenciarem na pr\u00f3pria carne a contamina\u00e7\u00e3o. O isolamento social patri\u00f3tico \u00e9 salutar. Os cientistas, ainda que discutam quanto a sua posi\u00e7\u00e3o horizontal ou vertical, demonstram isso diuturnamente. Os \u00edndices (infectados\/curados\/mortos) evidenciam essa afirma\u00e7\u00e3o. Os cuidados com a higieniza\u00e7\u00e3o, a utiliza\u00e7\u00e3o dos equipamentos de prote\u00e7\u00e3o, enfim, s\u00e3o medidas preventivas imprescind\u00edveis para que consigamos vencer essa guerra contra o inimigo oculto. N\u00f3s podemos e certamente iremos vencer, pois ele pode sim ser ferido. Temos que tornar esse inimigo oculto em algo vis\u00edvel aos nossos olhos. Para isso basta al\u00e9m de ver, enxergar o que est\u00e1 acontecendo ao nosso redor, noutros Pa\u00edses. Indubitavelmente perderemos pessoas pr\u00f3ximas, entes queridos, mas somos como o metal precioso, o ouro e a prata, provados no fogo, nas dificuldades, nos sofrimentos. Assim que nos lapidamos. Ent\u00e3o n\u00e3o duvidemos do que est\u00e1 acontecendo, vamos crer. Crer em Deus acima de tudo. Embora todas as discuss\u00f5es ocorridas nos \u00faltimos dias, \u00e9 preciso agir com racionalidade nesse processo, pois certamente n\u00e3o h\u00e1 uma forma \u00fanica de resolver tudo isso. O mais importante \u00e9 deixar de lado o vi\u00e9s pol\u00edtico. \u00c9 poss\u00edvel sim realizar o combate a pandemia com uma economia saud\u00e1vel. O que n\u00e3o podemos \u00e9 recha\u00e7ar uma t\u00e9cnica, um estudo, uma ideia, simplesmente por conta da sigla pol\u00edtica ou das pessoas que as divulgam. Um absurdo e uma ignor\u00e2ncia pensarmos deste modo. Vamos fazer vida a nossa vida, tanto no aspecto <em>mens sana in corpore sano<\/em>, mas zelando concomitantemente pelos pilares do desenvolvimento sustent\u00e1vel: social (antropolatria sob an\u00e1lise, com refor\u00e7o dos la\u00e7os da solidariedade); econ\u00f4mico (trabalho a dist\u00e2ncia para algumas atividades-retorno controlado para tantas outras) e ambiental (respeito a natureza-clima melhorou). Cuidemos agora para se evitar o colapso econ\u00f4mico, pela avalanche contracionista que as empresas e pessoas ser\u00e3o obrigadas a suportar. N\u00e3o podemos assumir compromissos com os erros, mas sim mudar nossas ideias quando novos fatos refutam aquelas primitivas fundamenta\u00e7\u00f5es. Este \u00e9 o nosso compromisso: com o acerto, muita das vezes errando para buscar o correto, ao inv\u00e9s de sermos omissos.Sejamos flex\u00edveis \u00e0s mudan\u00e7as e n\u00e3o simplesmente vol\u00faveis \u00e0s mesmas. \u00c9 prov\u00e1vel que a sociedade p\u00f3s coronavirus oportunize melhores padr\u00f5es de comportamento. S\u00f3 depende de n\u00f3s, ou ser\u00e1 que vamos esperar ver para crer?<\/p>\n<p>Dr. Andr\u00e9 Lu\u00eds Luengo<\/p>\n","protected":false},"excerpt":{"rendered":"<p>E agora Tom\u00e9? A B\u00edblia retrata que Tom\u00e9 foi um dos doze Ap\u00f3stolos escolhidos por Jesus. H\u00e1 um dito popular que diz: \u201cver para crer\u201d. Essa assertiva est\u00e1 associada ao fato dele ter duvidado dos seus companheiros, quando disseram que Jesus havia ressuscitado. Depois disso ele teria ido pregar na \u00cdndia. Ent\u00e3o fica a mensagem [&hellip;]<\/p>\n","protected":false},"author":1,"featured_media":23648,"comment_status":"closed","ping_status":"open","sticky":false,"template":"","format":"standard","meta":{"footnotes":""},"categories":[175],"tags":[],"class_list":["post-23647","post","type-post","status-publish","format-standard","has-post-thumbnail","hentry","category-artigos"],"_links":{"self":[{"href":"https:\/\/jorgezanoni.com.br\/2019\/wp-json\/wp\/v2\/posts\/23647","targetHints":{"allow":["GET"]}}],"collection":[{"href":"https:\/\/jorgezanoni.com.br\/2019\/wp-json\/wp\/v2\/posts"}],"about":[{"href":"https:\/\/jorgezanoni.com.br\/2019\/wp-json\/wp\/v2\/types\/post"}],"author":[{"embeddable":true,"href":"https:\/\/jorgezanoni.com.br\/2019\/wp-json\/wp\/v2\/users\/1"}],"replies":[{"embeddable":true,"href":"https:\/\/jorgezanoni.com.br\/2019\/wp-json\/wp\/v2\/comments?post=23647"}],"version-history":[{"count":0,"href":"https:\/\/jorgezanoni.com.br\/2019\/wp-json\/wp\/v2\/posts\/23647\/revisions"}],"wp:featuredmedia":[{"embeddable":true,"href":"https:\/\/jorgezanoni.com.br\/2019\/wp-json\/wp\/v2\/media\/23648"}],"wp:attachment":[{"href":"https:\/\/jorgezanoni.com.br\/2019\/wp-json\/wp\/v2\/media?parent=23647"}],"wp:term":[{"taxonomy":"category","embeddable":true,"href":"https:\/\/jorgezanoni.com.br\/2019\/wp-json\/wp\/v2\/categories?post=23647"},{"taxonomy":"post_tag","embeddable":true,"href":"https:\/\/jorgezanoni.com.br\/2019\/wp-json\/wp\/v2\/tags?post=23647"}],"curies":[{"name":"wp","href":"https:\/\/api.w.org\/{rel}","templated":true}]}}