{"id":23628,"date":"2020-04-12T22:37:29","date_gmt":"2020-04-12T22:37:29","guid":{"rendered":"https:\/\/jorgezanoni.com.br\/2019\/?p=23628"},"modified":"2020-04-12T22:40:41","modified_gmt":"2020-04-12T22:40:41","slug":"viatura-capota-em-perseguicao-a-traficantes-um-policial-morre-e-outros-tres-ficam-feridos","status":"publish","type":"post","link":"https:\/\/jorgezanoni.com.br\/2019\/viatura-capota-em-perseguicao-a-traficantes-um-policial-morre-e-outros-tres-ficam-feridos\/","title":{"rendered":"Viatura capota em persegui\u00e7\u00e3o a traficantes, um policial morre e outros tr\u00eas ficam feridos"},"content":{"rendered":"<p style=\"text-align: justify;\">Por volta das 14h40 deste s\u00e1bado (11), um policial militar morreu e outros tr\u00eas ficaram feridos ap\u00f3s a viatura em que eles estavam capotar, na Via Dutra, sentido Rio de Janeiro, em Aparecida. Acidente aconteceu durante persegui\u00e7\u00e3o a um ve\u00edculo com drogas que seguia para Lorena.<\/p>\n<p style=\"text-align: justify;\">De acordo com informa\u00e7\u00f5es, policiais receberam a informa\u00e7\u00e3o de que indiv\u00edduos teriam abastecido um ve\u00edculo com drogas na cidade de S\u00e3o Jos\u00e9 dos Campos e levaria at\u00e9 Lorena.<\/p>\n<p style=\"text-align: justify;\">Uma equipe da For\u00e7a T\u00e1tica se deparou com o ve\u00edculo dando in\u00edcio \u00e0 uma persegui\u00e7\u00e3o pela Rodovia Presidente Dutra. Durante o acompanhamento, o condutor da viatura acabou perdendo o controle da dire\u00e7\u00e3o e o ve\u00edculo capotou, no trecho do KM 70 em Aparecida.<\/p>\n<p style=\"text-align: justify;\"><img loading=\"lazy\" decoding=\"async\" class=\"aligncenter\" src=\"https:\/\/i2.wp.com\/reporterbetoribeiro.com.br\/wp-content\/uploads\/2020\/04\/92652208_570530266911516_5220034287268528128_n-side.jpg?resize=592%2C334&amp;ssl=1\" alt=\"Policial militar morre em capotamento de viatura na Via Dutra em ...\" width=\"592\" height=\"334\" \/>O Sgt. Thalles Alberdan Porto Aquino Marques de Paula, de 30 anos foi socorrido e encaminhado ao Pronto-socorro de Aparecida mas n\u00e3o resistiu aos ferimentos e morreu. Os militares Sgt. Uchoas, e os policiais Janilton e Aur\u00e9lio foram levados para hospitais de Guaratinguet\u00e1 e Lorena e n\u00e3o correm risco de morte.<\/p>\n<p style=\"text-align: justify;\"><img loading=\"lazy\" decoding=\"async\" class=\"aligncenter\" src=\"https:\/\/i1.wp.com\/www.agoravale.com.br\/GCWAVRESP\/Manager\/Editor\/js\/tinymce\/plugins\/filemanager\/uploader\/noticias\/2020\/4-abril\/capotamento3.jpg?resize=592%2C423&amp;ssl=1\" alt=\"AgoraVale\" width=\"592\" height=\"423\" \/>O Sgt. Alberdan era casado e pertencia ao 23\u00ba Batalh\u00e3o de Pol\u00edcia Militar do Interior. Ele estava na Pol\u00edcia Militar h\u00e1 10 anos e 9 meses.<\/p>\n<p style=\"text-align: justify;\">A ocorr\u00eancia contou com o apoio das equipes das pol\u00edcias Militar e Rodovi\u00e1ria, do Corpo de Bombeiros, SAMU, CCR NovaDutra e tamb\u00e9m do helic\u00f3ptero \u00c1guia da PM.<\/p>\n<p style=\"text-align: justify;\">Fonte: Vale News<\/p>\n<p style=\"text-align: justify;\">\n","protected":false},"excerpt":{"rendered":"<p>Por volta das 14h40 deste s\u00e1bado (11), um policial militar morreu e outros tr\u00eas ficaram feridos ap\u00f3s a viatura em que eles estavam capotar, na Via Dutra, sentido Rio de Janeiro, em Aparecida. Acidente aconteceu durante persegui\u00e7\u00e3o a um ve\u00edculo com drogas que seguia para Lorena. De acordo com informa\u00e7\u00f5es, policiais receberam a informa\u00e7\u00e3o de [&hellip;]<\/p>\n","protected":false},"author":1,"featured_media":23629,"comment_status":"closed","ping_status":"open","sticky":false,"template":"","format":"standard","meta":{"footnotes":""},"categories":[170,110],"tags":[],"class_list":["post-23628","post","type-post","status-publish","format-standard","has-post-thumbnail","hentry","category-acidentes","category-noticiasdestaque"],"_links":{"self":[{"href":"https:\/\/jorgezanoni.com.br\/2019\/wp-json\/wp\/v2\/posts\/23628","targetHints":{"allow":["GET"]}}],"collection":[{"href":"https:\/\/jorgezanoni.com.br\/2019\/wp-json\/wp\/v2\/posts"}],"about":[{"href":"https:\/\/jorgezanoni.com.br\/2019\/wp-json\/wp\/v2\/types\/post"}],"author":[{"embeddable":true,"href":"https:\/\/jorgezanoni.com.br\/2019\/wp-json\/wp\/v2\/users\/1"}],"replies":[{"embeddable":true,"href":"https:\/\/jorgezanoni.com.br\/2019\/wp-json\/wp\/v2\/comments?post=23628"}],"version-history":[{"count":0,"href":"https:\/\/jorgezanoni.com.br\/2019\/wp-json\/wp\/v2\/posts\/23628\/revisions"}],"wp:featuredmedia":[{"embeddable":true,"href":"https:\/\/jorgezanoni.com.br\/2019\/wp-json\/wp\/v2\/media\/23629"}],"wp:attachment":[{"href":"https:\/\/jorgezanoni.com.br\/2019\/wp-json\/wp\/v2\/media?parent=23628"}],"wp:term":[{"taxonomy":"category","embeddable":true,"href":"https:\/\/jorgezanoni.com.br\/2019\/wp-json\/wp\/v2\/categories?post=23628"},{"taxonomy":"post_tag","embeddable":true,"href":"https:\/\/jorgezanoni.com.br\/2019\/wp-json\/wp\/v2\/tags?post=23628"}],"curies":[{"name":"wp","href":"https:\/\/api.w.org\/{rel}","templated":true}]}}