{"id":23625,"date":"2020-04-12T20:50:57","date_gmt":"2020-04-12T20:50:57","guid":{"rendered":"https:\/\/jorgezanoni.com.br\/2019\/?p=23625"},"modified":"2020-04-12T20:50:57","modified_gmt":"2020-04-12T20:50:57","slug":"hoje-comemoramos-o-dia-da-pascoa","status":"publish","type":"post","link":"https:\/\/jorgezanoni.com.br\/2019\/hoje-comemoramos-o-dia-da-pascoa\/","title":{"rendered":"Hoje comemoramos o Dia da P\u00e1scoa"},"content":{"rendered":"<p style=\"text-align: justify;\"><b>P\u00e1scoa<\/b>\u00a0ou\u00a0<b>Domingo da Ressurrei\u00e7\u00e3o<\/b>\u00a0\u00e9 uma\u00a0<a title=\"Festividades religiosas\" href=\"https:\/\/pt.wikipedia.org\/wiki\/Festividades_religiosas\">festividade religiosa<\/a>\u00a0e um feriado que celebra a\u00a0<a title=\"Ressurrei\u00e7\u00e3o de Jesus\" href=\"https:\/\/pt.wikipedia.org\/wiki\/Ressurrei%C3%A7%C3%A3o_de_Jesus\">ressurrei\u00e7\u00e3o de Jesus<\/a>\u00a0ocorrida ao terceiro dia ap\u00f3s\u00a0<a title=\"Crucifica\u00e7\u00e3o de Jesus\" href=\"https:\/\/pt.wikipedia.org\/wiki\/Crucifica%C3%A7%C3%A3o_de_Jesus\">sua crucifica\u00e7\u00e3o<\/a>\u00a0no\u00a0<a title=\"Calv\u00e1rio\" href=\"https:\/\/pt.wikipedia.org\/wiki\/Calv%C3%A1rio\">Calv\u00e1rio<\/a>, conforme o relato do\u00a0<a title=\"Novo Testamento\" href=\"https:\/\/pt.wikipedia.org\/wiki\/Novo_Testamento\">Novo Testamento<\/a>. \u00c9 a principal celebra\u00e7\u00e3o do\u00a0<a title=\"Ano lit\u00fargico\" href=\"https:\/\/pt.wikipedia.org\/wiki\/Ano_lit%C3%BArgico\">ano lit\u00fargico<\/a>\u00a0crist\u00e3o e tamb\u00e9m a mais antiga e importante festa crist\u00e3. A\u00a0<a class=\"mw-redirect\" title=\"Data da P\u00e1scoa\" href=\"https:\/\/pt.wikipedia.org\/wiki\/Data_da_P%C3%A1scoa\">data da P\u00e1scoa<\/a>\u00a0determina todas as demais datas das festas m\u00f3veis crist\u00e3s, exceto as relacionadas ao\u00a0<a title=\"Advento\" href=\"https:\/\/pt.wikipedia.org\/wiki\/Advento\">Advento<\/a><sup id=\"cite_ref-Trawicky2000_3-1\" class=\"reference\"><a href=\"https:\/\/pt.wikipedia.org\/wiki\/P%C3%A1scoa#cite_note-Trawicky2000-3\">[3]<\/a><\/sup>. O domingo de P\u00e1scoa marca o \u00e1pice da\u00a0<a class=\"mw-redirect\" title=\"Paix\u00e3o de Cristo\" href=\"https:\/\/pt.wikipedia.org\/wiki\/Paix%C3%A3o_de_Cristo\">Paix\u00e3o de Cristo<\/a>\u00a0e \u00e9 precedido pela\u00a0<a title=\"Quaresma\" href=\"https:\/\/pt.wikipedia.org\/wiki\/Quaresma\">Quaresma<\/a>, um per\u00edodo de quarenta dias de\u00a0<a title=\"Jejum\" href=\"https:\/\/pt.wikipedia.org\/wiki\/Jejum\">jejum<\/a>, ora\u00e7\u00f5es e\u00a0<a title=\"Penit\u00eancia\" href=\"https:\/\/pt.wikipedia.org\/wiki\/Penit%C3%AAncia\">penit\u00eancias<\/a>.<\/p>\n<p style=\"text-align: justify;\">O termo &#8220;P\u00e1scoa&#8221; deriva, atrav\u00e9s do\u00a0<a title=\"Latim\" href=\"https:\/\/pt.wikipedia.org\/wiki\/Latim\">latim<\/a>\u00a0<i>Pascha<\/i>\u00a0e do\u00a0<a class=\"mw-redirect\" title=\"Grego b\u00edblico\" href=\"https:\/\/pt.wikipedia.org\/wiki\/Grego_b%C3%ADblico\">grego b\u00edblico<\/a>\u00a0<span class=\"politonico\" lang=\"grc\">\u03a0\u03ac\u03c3\u03c7\u03b1<\/span>\u00a0<i>Paskha<\/i>, do\u00a0<a title=\"L\u00edngua hebraica\" href=\"https:\/\/pt.wikipedia.org\/wiki\/L%C3%ADngua_hebraica\">hebraico<\/a>\u00a0\u05e4\u05b6\u05bc\u05e1\u05b7\u05d7 (<i>Pesa\u1e25<\/i>\u00a0ou\u00a0<i>Pesach<\/i>), a\u00a0<a class=\"mw-redirect\" title=\"P\u00e1scoa judaica\" href=\"https:\/\/pt.wikipedia.org\/wiki\/P%C3%A1scoa_judaica\">P\u00e1scoa judaica<\/a><sup id=\"cite_ref-Etymology_5-0\" class=\"reference\"><a href=\"https:\/\/pt.wikipedia.org\/wiki\/P%C3%A1scoa#cite_note-Etymology-5\">[5]<\/a><\/sup><sup id=\"cite_ref-Nelson2008_6-0\" class=\"reference\"><a href=\"https:\/\/pt.wikipedia.org\/wiki\/P%C3%A1scoa#cite_note-Nelson2008-6\">[6]<\/a><\/sup><\/p>\n<p style=\"text-align: justify;\">A \u00faltima semana da\u00a0<a title=\"Quaresma\" href=\"https:\/\/pt.wikipedia.org\/wiki\/Quaresma\">Quaresma<\/a>\u00a0\u00e9 chamada de\u00a0<a title=\"Semana Santa\" href=\"https:\/\/pt.wikipedia.org\/wiki\/Semana_Santa\">Semana Santa<\/a>, que cont\u00e9m o chamado\u00a0<a title=\"Tr\u00edduo Pascal\" href=\"https:\/\/pt.wikipedia.org\/wiki\/Tr%C3%ADduo_Pascal\">Tr\u00edduo Pascal<\/a>, incluindo a\u00a0<a class=\"mw-redirect\" title=\"Quinta-Feira Santa\" href=\"https:\/\/pt.wikipedia.org\/wiki\/Quinta-Feira_Santa\">Quinta-Feira Santa<\/a>, que comemora a\u00a0<a title=\"\u00daltima Ceia\" href=\"https:\/\/pt.wikipedia.org\/wiki\/%C3%9Altima_Ceia\">\u00daltima Ceia<\/a>\u00a0e a cerim\u00f4nia do\u00a0<a class=\"mw-redirect\" title=\"Lava p\u00e9s\" href=\"https:\/\/pt.wikipedia.org\/wiki\/Lava_p%C3%A9s\">Lava p\u00e9s<\/a>\u00a0que a precedeu<sup id=\"cite_ref-7\" class=\"reference\"><a href=\"https:\/\/pt.wikipedia.org\/wiki\/P%C3%A1scoa#cite_note-7\">[7]<\/a><\/sup><sup id=\"cite_ref-8\" class=\"reference\"><a href=\"https:\/\/pt.wikipedia.org\/wiki\/P%C3%A1scoa#cite_note-8\">[8]<\/a><\/sup>\u00a0e tamb\u00e9m a\u00a0<a class=\"mw-redirect\" title=\"Sexta-Feira Santa\" href=\"https:\/\/pt.wikipedia.org\/wiki\/Sexta-Feira_Santa\">Sexta-Feira Santa<\/a>, que relembra a\u00a0<a title=\"Crucifica\u00e7\u00e3o de Jesus\" href=\"https:\/\/pt.wikipedia.org\/wiki\/Crucifica%C3%A7%C3%A3o_de_Jesus\">crucifica\u00e7\u00e3o e morte de Jesus<\/a><sup id=\"cite_ref-9\" class=\"reference\"><a href=\"https:\/\/pt.wikipedia.org\/wiki\/P%C3%A1scoa#cite_note-9\">[9]<\/a><\/sup>. A P\u00e1scoa \u00e9 seguida por um per\u00edodo de cinquenta dias chamado\u00a0<a class=\"new\" title=\"\u00c9poca da P\u00e1scoa (p\u00e1gina n\u00e3o existe)\" href=\"https:\/\/pt.wikipedia.org\/w\/index.php?title=%C3%89poca_da_P%C3%A1scoa&amp;action=edit&amp;redlink=1\">\u00c9poca da P\u00e1scoa<\/a>\u00a0que se estende at\u00e9 o\u00a0<a class=\"mw-redirect\" title=\"Domingo de Pentecostes\" href=\"https:\/\/pt.wikipedia.org\/wiki\/Domingo_de_Pentecostes\">Domingo de Pentecostes<\/a>.<\/p>\n<p style=\"text-align: justify;\">A P\u00e1scoa \u00e9 uma\u00a0<a class=\"mw-redirect\" title=\"Festa m\u00f3vel\" href=\"https:\/\/pt.wikipedia.org\/wiki\/Festa_m%C3%B3vel\">festa m\u00f3vel<\/a>, o que significa que sua data n\u00e3o \u00e9 fixa em rela\u00e7\u00e3o ao\u00a0<a class=\"new\" title=\"Calend\u00e1rio civil (p\u00e1gina n\u00e3o existe)\" href=\"https:\/\/pt.wikipedia.org\/w\/index.php?title=Calend%C3%A1rio_civil&amp;action=edit&amp;redlink=1\">calend\u00e1rio civil<\/a>. O\u00a0<a title=\"Primeiro Conc\u00edlio de Niceia\" href=\"https:\/\/pt.wikipedia.org\/wiki\/Primeiro_Conc%C3%ADlio_de_Niceia\">Primeiro Conc\u00edlio de Niceia<\/a>\u00a0(325) estabeleceu a data da P\u00e1scoa como sendo o primeiro domingo depois da\u00a0<a title=\"Lua cheia\" href=\"https:\/\/pt.wikipedia.org\/wiki\/Lua_cheia\">lua cheia<\/a>\u00a0ap\u00f3s o in\u00edcio do\u00a0<a class=\"mw-redirect\" title=\"Equin\u00f3cio vernal\" href=\"https:\/\/pt.wikipedia.org\/wiki\/Equin%C3%B3cio_vernal\">equin\u00f3cio vernal<\/a>\u00a0(a chamada\u00a0<a class=\"new\" title=\"Lua cheia pascal (p\u00e1gina n\u00e3o existe)\" href=\"https:\/\/pt.wikipedia.org\/w\/index.php?title=Lua_cheia_pascal&amp;action=edit&amp;redlink=1\">lua cheia pascal<\/a>)<sup id=\"cite_ref-oikoumene.org_10-0\" class=\"reference\"><a href=\"https:\/\/pt.wikipedia.org\/wiki\/P%C3%A1scoa#cite_note-oikoumene.org-10\">[10]<\/a><\/sup>. Do ponto de vista eclesi\u00e1stico, o equin\u00f3cio vernal acontece em\u00a0<a title=\"21 de mar\u00e7o\" href=\"https:\/\/pt.wikipedia.org\/wiki\/21_de_mar%C3%A7o\">21 de mar\u00e7o<\/a>\u00a0(embora ocorra no dia 20 de mar\u00e7o na maioria dos anos do ponto de vista astron\u00f4mico) e a &#8220;lua cheia&#8221; n\u00e3o ocorre necessariamente na data correta astron\u00f4mica. Por isso, a data da P\u00e1scoa varia entre 22 de mar\u00e7o e 25 de abril (inclusive). Os\u00a0<a title=\"Cristianismo oriental\" href=\"https:\/\/pt.wikipedia.org\/wiki\/Cristianismo_oriental\">crist\u00e3os orientais<\/a>\u00a0baseiam seus c\u00e1lculos no\u00a0<a title=\"Calend\u00e1rio juliano\" href=\"https:\/\/pt.wikipedia.org\/wiki\/Calend%C3%A1rio_juliano\">calend\u00e1rio juliano<\/a>, cuja data de 21 de mar\u00e7o corresponde, no s\u00e9culo XXI, ao dia 3 de abril no\u00a0<a title=\"Calend\u00e1rio gregoriano\" href=\"https:\/\/pt.wikipedia.org\/wiki\/Calend%C3%A1rio_gregoriano\">calend\u00e1rio gregoriano<\/a>\u00a0utilizado no ocidente. Por conseguinte, a P\u00e1scoa no oriente varia entre 4 de abril e 8 de maio inclusive.<\/p>\n<p style=\"text-align: justify;\">A P\u00e1scoa crist\u00e3 est\u00e1 ligada \u00e0\u00a0<a class=\"mw-redirect\" title=\"P\u00e1scoa judaica\" href=\"https:\/\/pt.wikipedia.org\/wiki\/P%C3%A1scoa_judaica\">P\u00e1scoa judaica<\/a>\u00a0pela data e tamb\u00e9m por muitos dos seus simbolismos centrais. Ao contr\u00e1rio do\u00a0<a title=\"L\u00edngua inglesa\" href=\"https:\/\/pt.wikipedia.org\/wiki\/L%C3%ADngua_inglesa\">ingl\u00eas<\/a>, que tem duas palavras distintas para as duas festas (<i>Easter<\/i>\u00a0e\u00a0<i>Passover<\/i>\u00a0respectivamente), em\u00a0<a title=\"L\u00edngua portuguesa\" href=\"https:\/\/pt.wikipedia.org\/wiki\/L%C3%ADngua_portuguesa\">portugu\u00eas<\/a>\u00a0e em muitas outras l\u00ednguas as duas s\u00e3o chamadas pelo mesmo nome ou nomes muito similares<sup id=\"cite_ref-11\" class=\"reference\"><a href=\"https:\/\/pt.wikipedia.org\/wiki\/P%C3%A1scoa#cite_note-11\">[11]<\/a><\/sup>. Os\u00a0<a class=\"new\" title=\"Costumes pascais (p\u00e1gina n\u00e3o existe)\" href=\"https:\/\/pt.wikipedia.org\/w\/index.php?title=Costumes_pascais&amp;action=edit&amp;redlink=1\">costumes pascais<\/a>\u00a0variam bastante entre os crist\u00e3os do mundo inteiro e incluem\u00a0<a class=\"new\" title=\"Missa matinal (p\u00e1gina n\u00e3o existe)\" href=\"https:\/\/pt.wikipedia.org\/w\/index.php?title=Missa_matinal&amp;action=edit&amp;redlink=1\">missas matinais<\/a>, a troca do\u00a0<a class=\"mw-redirect\" title=\"Cumprimento pascal\" href=\"https:\/\/pt.wikipedia.org\/wiki\/Cumprimento_pascal\">cumprimento pascal<\/a>\u00a0e de\u00a0<a title=\"Ovo de P\u00e1scoa\" href=\"https:\/\/pt.wikipedia.org\/wiki\/Ovo_de_P%C3%A1scoa\">ovos de P\u00e1scoa<\/a>, que eram, originalmente, um s\u00edmbolo do\u00a0<a title=\"T\u00famulo vazio\" href=\"https:\/\/pt.wikipedia.org\/wiki\/T%C3%BAmulo_vazio\">t\u00famulo vazio<\/a><sup id=\"cite_ref-12\" class=\"reference\"><a href=\"https:\/\/pt.wikipedia.org\/wiki\/P%C3%A1scoa#cite_note-12\">[12]<\/a><\/sup><sup id=\"cite_ref-13\" class=\"reference\"><a href=\"https:\/\/pt.wikipedia.org\/wiki\/P%C3%A1scoa#cite_note-13\">[13]<\/a><\/sup><sup id=\"cite_ref-14\" class=\"reference\"><a href=\"https:\/\/pt.wikipedia.org\/wiki\/P%C3%A1scoa#cite_note-14\">[14]<\/a><\/sup>. Muitos outros costumes passaram a ser associados \u00e0 P\u00e1scoa e s\u00e3o observados por crist\u00e3os e n\u00e3o crist\u00e3os, como a\u00a0<a class=\"new\" title=\"Ca\u00e7a aos ovos (p\u00e1gina n\u00e3o existe)\" href=\"https:\/\/pt.wikipedia.org\/w\/index.php?title=Ca%C3%A7a_aos_ovos&amp;action=edit&amp;redlink=1\">ca\u00e7a aos ovos<\/a>, o\u00a0<a class=\"mw-redirect\" title=\"Coelho da P\u00e1scoa\" href=\"https:\/\/pt.wikipedia.org\/wiki\/Coelho_da_P%C3%A1scoa\">coelho da P\u00e1scoa<\/a>\u00a0e a\u00a0<a class=\"new\" title=\"Parada da P\u00e1scoa (p\u00e1gina n\u00e3o existe)\" href=\"https:\/\/pt.wikipedia.org\/w\/index.php?title=Parada_da_P%C3%A1scoa&amp;action=edit&amp;redlink=1\">Parada da P\u00e1scoa<\/a><sup id=\"cite_ref-15\" class=\"reference\"><a href=\"https:\/\/pt.wikipedia.org\/wiki\/P%C3%A1scoa#cite_note-15\">[15]<\/a><\/sup><sup id=\"cite_ref-16\" class=\"reference\"><a href=\"https:\/\/pt.wikipedia.org\/wiki\/P%C3%A1scoa#cite_note-16\">[16]<\/a><\/sup><sup id=\"cite_ref-17\" class=\"reference\"><a href=\"https:\/\/pt.wikipedia.org\/wiki\/P%C3%A1scoa#cite_note-17\">[17]<\/a><\/sup>. H\u00e1 tamb\u00e9m uma grande quantidade de pratos t\u00edpicos ligados \u00e0 Pascoa e que variam de regi\u00e3o para regi\u00e3o.<\/p>\n<p>Fonte: https:\/\/pt.wikipedia.org\/wiki\/P%C3%A1scoa<\/p>\n","protected":false},"excerpt":{"rendered":"<p>P\u00e1scoa\u00a0ou\u00a0Domingo da Ressurrei\u00e7\u00e3o\u00a0\u00e9 uma\u00a0festividade religiosa\u00a0e um feriado que celebra a\u00a0ressurrei\u00e7\u00e3o de Jesus\u00a0ocorrida ao terceiro dia ap\u00f3s\u00a0sua crucifica\u00e7\u00e3o\u00a0no\u00a0Calv\u00e1rio, conforme o relato do\u00a0Novo Testamento. \u00c9 a principal celebra\u00e7\u00e3o do\u00a0ano lit\u00fargico\u00a0crist\u00e3o e tamb\u00e9m a mais antiga e importante festa crist\u00e3. A\u00a0data da P\u00e1scoa\u00a0determina todas as demais datas das festas m\u00f3veis crist\u00e3s, exceto as relacionadas ao\u00a0Advento[3]. O domingo de [&hellip;]<\/p>\n","protected":false},"author":1,"featured_media":23626,"comment_status":"closed","ping_status":"open","sticky":false,"template":"","format":"standard","meta":{"footnotes":""},"categories":[110,118],"tags":[],"class_list":["post-23625","post","type-post","status-publish","format-standard","has-post-thumbnail","hentry","category-noticiasdestaque","category-religiaoesolidariedade"],"_links":{"self":[{"href":"https:\/\/jorgezanoni.com.br\/2019\/wp-json\/wp\/v2\/posts\/23625","targetHints":{"allow":["GET"]}}],"collection":[{"href":"https:\/\/jorgezanoni.com.br\/2019\/wp-json\/wp\/v2\/posts"}],"about":[{"href":"https:\/\/jorgezanoni.com.br\/2019\/wp-json\/wp\/v2\/types\/post"}],"author":[{"embeddable":true,"href":"https:\/\/jorgezanoni.com.br\/2019\/wp-json\/wp\/v2\/users\/1"}],"replies":[{"embeddable":true,"href":"https:\/\/jorgezanoni.com.br\/2019\/wp-json\/wp\/v2\/comments?post=23625"}],"version-history":[{"count":0,"href":"https:\/\/jorgezanoni.com.br\/2019\/wp-json\/wp\/v2\/posts\/23625\/revisions"}],"wp:featuredmedia":[{"embeddable":true,"href":"https:\/\/jorgezanoni.com.br\/2019\/wp-json\/wp\/v2\/media\/23626"}],"wp:attachment":[{"href":"https:\/\/jorgezanoni.com.br\/2019\/wp-json\/wp\/v2\/media?parent=23625"}],"wp:term":[{"taxonomy":"category","embeddable":true,"href":"https:\/\/jorgezanoni.com.br\/2019\/wp-json\/wp\/v2\/categories?post=23625"},{"taxonomy":"post_tag","embeddable":true,"href":"https:\/\/jorgezanoni.com.br\/2019\/wp-json\/wp\/v2\/tags?post=23625"}],"curies":[{"name":"wp","href":"https:\/\/api.w.org\/{rel}","templated":true}]}}