{"id":23618,"date":"2020-04-12T19:09:58","date_gmt":"2020-04-12T19:09:58","guid":{"rendered":"https:\/\/jorgezanoni.com.br\/2019\/?p=23618"},"modified":"2020-04-12T19:09:58","modified_gmt":"2020-04-12T19:09:58","slug":"jovem-de-21-anos-morta-com-tiro-no-rosto-dentro-de-apartamento-e-enterrada-em-marilia","status":"publish","type":"post","link":"https:\/\/jorgezanoni.com.br\/2019\/jovem-de-21-anos-morta-com-tiro-no-rosto-dentro-de-apartamento-e-enterrada-em-marilia\/","title":{"rendered":"Jovem de 21 anos morta com tiro no rosto dentro de apartamento \u00e9 enterrada em Mar\u00edlia"},"content":{"rendered":"<h2 class=\"content-head__subtitle\" style=\"text-align: justify;\"><strong>Segundo boletim de ocorr\u00eancia, suspeito de 30 anos estava na casa da v\u00edtima, quando os dois se envolveram em uma discuss\u00e3o. Homem est\u00e1 foragido.<\/strong><\/h2>\n<div class=\"mc-column content-text active-extra-styles \" data-block-type=\"unstyled\" data-block-weight=\"39\" data-block-id=\"2\">\n<p class=\"content-text__container \" style=\"text-align: justify;\" data-track-category=\"Link no Texto\" data-track-links=\"\">Foi enterrada na manh\u00e3 deste domingo (12) a<a href=\"https:\/\/g1.globo.com\/sp\/bauru-marilia\/noticia\/2020\/04\/11\/jovem-e-morta-com-tiro-no-rosto-dentro-de-apartamento-em-marilia.ghtml\">\u00a0jovem de 21 anos que foi morta com um tiro no rosto<\/a>\u00a0no apartamento onde morava no Jardim Calif\u00f3rnia, em Mar\u00edlia (SP). O crime aconteceu na manh\u00e3 de s\u00e1bado (11).<\/p>\n<\/div>\n<div class=\"wall protected-content\">\n<div class=\"mc-column content-text active-extra-styles \" style=\"text-align: justify;\" data-block-type=\"unstyled\" data-block-weight=\"29\" data-block-id=\"3\">\n<p class=\"content-text__container \" data-track-category=\"Link no Texto\" data-track-links=\"\">O corpo de Larissa Cristina Passos Borges foi enterrado \u00e0s 8h30 deste domingo no Cemit\u00e9rio da Saudade. O suspeito do crime, um homem de 30 anos est\u00e1 foragido.<\/p>\n<\/div>\n<div class=\"mc-column content-text active-extra-styles \" style=\"text-align: justify;\" data-block-type=\"unstyled\" data-block-weight=\"32\" data-block-id=\"4\">\n<p class=\"content-text__container \" data-track-category=\"Link no Texto\" data-track-links=\"\">Segundo a Pol\u00edcia Civil, uma testemunha informou que estava com Larissa estava na casa dela, quando houve uma briga entre a v\u00edtima e o suspeito do crime, um homem de 30 anos.<\/p>\n<\/div>\n<div class=\"mc-column content-text active-extra-styles \" style=\"text-align: justify;\" data-block-type=\"unstyled\" data-block-weight=\"40\" data-block-id=\"5\">\n<p class=\"content-text__container \" data-track-category=\"Link no Texto\" data-track-links=\"\">A testemunha relatou \u00e0 pol\u00edcia que ouviu uma discuss\u00e3o na qual Larissa teria duvidado que o homem atiraria nela. Depois, ela encontrou a jovem j\u00e1 ferida com um tiro no lado direito do rosto, segundo o registro policial.<\/p>\n<\/div>\n<div class=\"mc-column content-text active-extra-styles \" style=\"text-align: justify;\" data-block-type=\"unstyled\" data-block-weight=\"28\" data-block-id=\"6\">\n<p class=\"content-text__container \" data-track-category=\"Link no Texto\" data-track-links=\"\">O Samu foi acionado e atestou a morte dela no local. A pol\u00edcia apreendeu um bon\u00e9 que estava no quarto da v\u00edtima e um preservativo para exames.<\/p>\n<\/div>\n<div class=\"mc-column content-text active-extra-styles \" data-block-type=\"unstyled\" data-block-weight=\"39\" data-block-id=\"7\">\n<p class=\"content-text__container \" style=\"text-align: justify;\" data-track-category=\"Link no Texto\" data-track-links=\"\">O suspeito fugiu e ainda n\u00e3o foi localizado. N\u00e3o h\u00e1 informa\u00e7\u00e3o sobre quanto tempo ele conhecia a v\u00edtima e a rela\u00e7\u00e3o dos dois. O caso foi encaminhado \u00e0 Delegacia da Mulher (DDM) de Mar\u00edlia e ser\u00e1 investigado.<\/p>\n<p style=\"text-align: justify;\" data-track-category=\"Link no Texto\" data-track-links=\"\">Fonte: G1<\/p>\n<\/div>\n<\/div>\n","protected":false},"excerpt":{"rendered":"<p>Segundo boletim de ocorr\u00eancia, suspeito de 30 anos estava na casa da v\u00edtima, quando os dois se envolveram em uma discuss\u00e3o. Homem est\u00e1 foragido. Foi enterrada na manh\u00e3 deste domingo (12) a\u00a0jovem de 21 anos que foi morta com um tiro no rosto\u00a0no apartamento onde morava no Jardim Calif\u00f3rnia, em Mar\u00edlia (SP). O crime aconteceu [&hellip;]<\/p>\n","protected":false},"author":1,"featured_media":23619,"comment_status":"closed","ping_status":"open","sticky":false,"template":"","format":"standard","meta":{"footnotes":""},"categories":[110,2],"tags":[],"class_list":["post-23618","post","type-post","status-publish","format-standard","has-post-thumbnail","hentry","category-noticiasdestaque","category-policial"],"_links":{"self":[{"href":"https:\/\/jorgezanoni.com.br\/2019\/wp-json\/wp\/v2\/posts\/23618","targetHints":{"allow":["GET"]}}],"collection":[{"href":"https:\/\/jorgezanoni.com.br\/2019\/wp-json\/wp\/v2\/posts"}],"about":[{"href":"https:\/\/jorgezanoni.com.br\/2019\/wp-json\/wp\/v2\/types\/post"}],"author":[{"embeddable":true,"href":"https:\/\/jorgezanoni.com.br\/2019\/wp-json\/wp\/v2\/users\/1"}],"replies":[{"embeddable":true,"href":"https:\/\/jorgezanoni.com.br\/2019\/wp-json\/wp\/v2\/comments?post=23618"}],"version-history":[{"count":0,"href":"https:\/\/jorgezanoni.com.br\/2019\/wp-json\/wp\/v2\/posts\/23618\/revisions"}],"wp:featuredmedia":[{"embeddable":true,"href":"https:\/\/jorgezanoni.com.br\/2019\/wp-json\/wp\/v2\/media\/23619"}],"wp:attachment":[{"href":"https:\/\/jorgezanoni.com.br\/2019\/wp-json\/wp\/v2\/media?parent=23618"}],"wp:term":[{"taxonomy":"category","embeddable":true,"href":"https:\/\/jorgezanoni.com.br\/2019\/wp-json\/wp\/v2\/categories?post=23618"},{"taxonomy":"post_tag","embeddable":true,"href":"https:\/\/jorgezanoni.com.br\/2019\/wp-json\/wp\/v2\/tags?post=23618"}],"curies":[{"name":"wp","href":"https:\/\/api.w.org\/{rel}","templated":true}]}}