{"id":23588,"date":"2020-04-12T16:19:26","date_gmt":"2020-04-12T16:19:26","guid":{"rendered":"https:\/\/jorgezanoni.com.br\/2019\/?p=23588"},"modified":"2020-04-12T16:20:47","modified_gmt":"2020-04-12T16:20:47","slug":"marco-historico-e-simbolo-de-dracena-amanheceu-no-chao-derrubaram-o-arthurzinho-da-praca","status":"publish","type":"post","link":"https:\/\/jorgezanoni.com.br\/2019\/marco-historico-e-simbolo-de-dracena-amanheceu-no-chao-derrubaram-o-arthurzinho-da-praca\/","title":{"rendered":"Marco hist\u00f3rico e s\u00edmbolo de Dracena, amanheceu no ch\u00e3o&#8230;derrubaram o Arthurzinho da Pra\u00e7a"},"content":{"rendered":"<p>Triste de ver: N\u00e3o sabemos se caiu ou foi derrubado, o fato \u00e9 que um dos maiores s\u00edmbolos e marcos de Dracena amanheceu no ch\u00e3o neste domingo de P\u00e1scoa.<\/p>\n<div id=\"fb-root\"><\/div>\n<p><script async=\"1\" defer=\"1\" crossorigin=\"anonymous\" src=\"https:\/\/connect.facebook.net\/en_US\/sdk.js#xfbml=1&amp;version=v6.0\"><\/script><\/p>\n<div class=\"fb-video\" data-href=\"https:\/\/www.facebook.com\/jorgezanonidracena\/videos\/1605407986265148\/\" data-width=\"696\">\n<blockquote cite=\"https:\/\/www.facebook.com\/jorgezanonidracena\/videos\/1605407986265148\/\" class=\"fb-xfbml-parse-ignore\"><p><a href=\"https:\/\/www.facebook.com\/jorgezanonidracena\/videos\/1605407986265148\/\">Marco hist\u00f3rico e s\u00edmbolo de Dracena, amanheceu no ch\u00e3o&#8230;derrubaram o Arthurzinho da Pra\u00e7a<\/a><\/p>\n<p>Marco hist\u00f3rico e s\u00edmbolo de Dracena, amanheceu no ch\u00e3o&#8230;derrubaram o Arthurzinho da Pra\u00e7a<\/p>\n<p>Posted by <a href=\"https:\/\/www.facebook.com\/jorgezanonidracena\/\">Jorge Zanoni<\/a> on Sunday, April 12, 2020<\/p><\/blockquote>\n<\/div>\n","protected":false},"excerpt":{"rendered":"<p>Triste de ver: N\u00e3o sabemos se caiu ou foi derrubado, o fato \u00e9 que um dos maiores s\u00edmbolos e marcos de Dracena amanheceu no ch\u00e3o neste domingo de P\u00e1scoa. Marco hist\u00f3rico e s\u00edmbolo de Dracena, amanheceu no ch\u00e3o&#8230;derrubaram o Arthurzinho da Pra\u00e7a Marco hist\u00f3rico e s\u00edmbolo de Dracena, amanheceu no ch\u00e3o&#8230;derrubaram o Arthurzinho da Pra\u00e7a [&hellip;]<\/p>\n","protected":false},"author":1,"featured_media":23589,"comment_status":"closed","ping_status":"open","sticky":false,"template":"","format":"video","meta":{"footnotes":""},"categories":[179,184,110,169],"tags":[],"class_list":["post-23588","post","type-post","status-publish","format-video","has-post-thumbnail","hentry","category-cidadeseregiao","category-dracena","category-noticiasdestaque","category-videos","post_format-post-format-video"],"_links":{"self":[{"href":"https:\/\/jorgezanoni.com.br\/2019\/wp-json\/wp\/v2\/posts\/23588","targetHints":{"allow":["GET"]}}],"collection":[{"href":"https:\/\/jorgezanoni.com.br\/2019\/wp-json\/wp\/v2\/posts"}],"about":[{"href":"https:\/\/jorgezanoni.com.br\/2019\/wp-json\/wp\/v2\/types\/post"}],"author":[{"embeddable":true,"href":"https:\/\/jorgezanoni.com.br\/2019\/wp-json\/wp\/v2\/users\/1"}],"replies":[{"embeddable":true,"href":"https:\/\/jorgezanoni.com.br\/2019\/wp-json\/wp\/v2\/comments?post=23588"}],"version-history":[{"count":0,"href":"https:\/\/jorgezanoni.com.br\/2019\/wp-json\/wp\/v2\/posts\/23588\/revisions"}],"wp:featuredmedia":[{"embeddable":true,"href":"https:\/\/jorgezanoni.com.br\/2019\/wp-json\/wp\/v2\/media\/23589"}],"wp:attachment":[{"href":"https:\/\/jorgezanoni.com.br\/2019\/wp-json\/wp\/v2\/media?parent=23588"}],"wp:term":[{"taxonomy":"category","embeddable":true,"href":"https:\/\/jorgezanoni.com.br\/2019\/wp-json\/wp\/v2\/categories?post=23588"},{"taxonomy":"post_tag","embeddable":true,"href":"https:\/\/jorgezanoni.com.br\/2019\/wp-json\/wp\/v2\/tags?post=23588"}],"curies":[{"name":"wp","href":"https:\/\/api.w.org\/{rel}","templated":true}]}}