{"id":23577,"date":"2020-04-12T01:59:29","date_gmt":"2020-04-12T01:59:29","guid":{"rendered":"https:\/\/jorgezanoni.com.br\/2019\/?p=23577"},"modified":"2020-04-12T01:59:29","modified_gmt":"2020-04-12T01:59:29","slug":"bezerro-despenca-de-barranco-com-7m-de-altura-e-operacao-de-resgate-mobiliza-bombeiros-por-2h30-em-dracena","status":"publish","type":"post","link":"https:\/\/jorgezanoni.com.br\/2019\/bezerro-despenca-de-barranco-com-7m-de-altura-e-operacao-de-resgate-mobiliza-bombeiros-por-2h30-em-dracena\/","title":{"rendered":"Bezerro despenca de barranco com 7m de altura e opera\u00e7\u00e3o de resgate mobiliza bombeiros por 2h30 em Dracena"},"content":{"rendered":"<h2 class=\"content-head__subtitle\" style=\"text-align: justify;\"><strong>Corpora\u00e7\u00e3o precisou la\u00e7ar o animal com uma corda para retir\u00e1-lo do buraco em uma \u00e1rea de pastagem no Jardim Brasil\u00e2ndia, em Dracena.<\/strong><\/h2>\n<div class=\"mc-column content-text active-extra-styles \" data-block-type=\"unstyled\" data-block-weight=\"43\" data-block-id=\"2\">\n<p class=\"content-text__container \" style=\"text-align: justify;\" data-track-category=\"Link no Texto\" data-track-links=\"\">O Corpo de Bombeiros resgatou na tarde deste s\u00e1bado (11) um bezerro de aproximadamente 200 quilos, ap\u00f3s o animal cair de um barranco com cerca de sete metros de altura, em uma \u00e1rea de pastagem localizada no bairro Jardim Brasil\u00e2ndia, em\u00a0<a href=\"https:\/\/g1.globo.com\/sp\/presidente-prudente-regiao\/cidade\/dracena\/\">Dracena (SP)<\/a>.<\/p>\n<\/div>\n<div class=\"wall protected-content\">\n<div class=\"mc-column content-text active-extra-styles \" style=\"text-align: justify;\" data-block-type=\"unstyled\" data-block-weight=\"11\" data-block-id=\"3\">\n<p class=\"content-text__container \" data-track-category=\"Link no Texto\" data-track-links=\"\">Conforme a corpora\u00e7\u00e3o, o animal estava cansado e n\u00e3o tinha ferimentos.<\/p>\n<\/div>\n<div class=\"mc-column content-text active-extra-styles \" style=\"text-align: justify;\" data-block-type=\"unstyled\" data-block-weight=\"13\" data-block-id=\"4\">\n<p class=\"content-text__container \" data-track-category=\"Link no Texto\" data-track-links=\"\">No entanto, os bombeiros precisaram la\u00e7\u00e1-lo com uma corda para retir\u00e1-lo do buraco.<\/p>\n<\/div>\n<div class=\"mc-column content-text active-extra-styles \" style=\"text-align: justify;\" data-block-type=\"unstyled\" data-block-weight=\"12\" data-block-id=\"5\">\n<p class=\"content-text__container \" data-track-category=\"Link no Texto\" data-track-links=\"\">Ainda segundo o Corpo de Bombeiros, o resgate durou cerca de 2h30.<\/p>\n<\/div>\n<div class=\"mc-column content-text active-extra-styles \" data-block-type=\"unstyled\" data-block-weight=\"9\" data-block-id=\"6\">\n<p class=\"content-text__container \" style=\"text-align: justify;\" data-track-category=\"Link no Texto\" data-track-links=\"\">Ap\u00f3s o salvamento, o animal foi solto no pasto.<\/p>\n<p style=\"text-align: justify;\" data-track-category=\"Link no Texto\" data-track-links=\"\">Fonte: G1<\/p>\n<\/div>\n<\/div>\n","protected":false},"excerpt":{"rendered":"<p>Corpora\u00e7\u00e3o precisou la\u00e7ar o animal com uma corda para retir\u00e1-lo do buraco em uma \u00e1rea de pastagem no Jardim Brasil\u00e2ndia, em Dracena. O Corpo de Bombeiros resgatou na tarde deste s\u00e1bado (11) um bezerro de aproximadamente 200 quilos, ap\u00f3s o animal cair de um barranco com cerca de sete metros de altura, em uma \u00e1rea [&hellip;]<\/p>\n","protected":false},"author":1,"featured_media":23579,"comment_status":"closed","ping_status":"open","sticky":false,"template":"","format":"standard","meta":{"footnotes":""},"categories":[179,184,110],"tags":[],"class_list":["post-23577","post","type-post","status-publish","format-standard","has-post-thumbnail","hentry","category-cidadeseregiao","category-dracena","category-noticiasdestaque"],"_links":{"self":[{"href":"https:\/\/jorgezanoni.com.br\/2019\/wp-json\/wp\/v2\/posts\/23577","targetHints":{"allow":["GET"]}}],"collection":[{"href":"https:\/\/jorgezanoni.com.br\/2019\/wp-json\/wp\/v2\/posts"}],"about":[{"href":"https:\/\/jorgezanoni.com.br\/2019\/wp-json\/wp\/v2\/types\/post"}],"author":[{"embeddable":true,"href":"https:\/\/jorgezanoni.com.br\/2019\/wp-json\/wp\/v2\/users\/1"}],"replies":[{"embeddable":true,"href":"https:\/\/jorgezanoni.com.br\/2019\/wp-json\/wp\/v2\/comments?post=23577"}],"version-history":[{"count":0,"href":"https:\/\/jorgezanoni.com.br\/2019\/wp-json\/wp\/v2\/posts\/23577\/revisions"}],"wp:featuredmedia":[{"embeddable":true,"href":"https:\/\/jorgezanoni.com.br\/2019\/wp-json\/wp\/v2\/media\/23579"}],"wp:attachment":[{"href":"https:\/\/jorgezanoni.com.br\/2019\/wp-json\/wp\/v2\/media?parent=23577"}],"wp:term":[{"taxonomy":"category","embeddable":true,"href":"https:\/\/jorgezanoni.com.br\/2019\/wp-json\/wp\/v2\/categories?post=23577"},{"taxonomy":"post_tag","embeddable":true,"href":"https:\/\/jorgezanoni.com.br\/2019\/wp-json\/wp\/v2\/tags?post=23577"}],"curies":[{"name":"wp","href":"https:\/\/api.w.org\/{rel}","templated":true}]}}